{"id":554,"date":"2015-04-16T20:44:00","date_gmt":"2015-04-16T20:44:00","guid":{"rendered":"http:\/\/fmriachuelo.observatorioess.org.ar\/index.php\/2015\/04\/16\/gobierno-de-la-ciudad-de-buenos-aires-maniobras-de-censura-contra-los-medios-que-no-son-afines\/"},"modified":"2025-03-28T14:28:21","modified_gmt":"2025-03-28T17:28:21","slug":"gobierno-de-la-ciudad-de-buenos-aires-maniobras-de-censura-contra-los-medios-que-no-son-afines","status":"publish","type":"post","link":"http:\/\/fmriachuelo.it10.com.ar\/index.php\/2015\/04\/16\/gobierno-de-la-ciudad-de-buenos-aires-maniobras-de-censura-contra-los-medios-que-no-son-afines\/","title":{"rendered":"GOBIERNO DE LA CIUDAD DE BUENOS AIRES: MANIOBRAS DE CENSURA CONTRA LOS MEDIOS QUE NO SON AFINES"},"content":{"rendered":"<p><span style=\"color: red;font-family: Verdana, sans-serif;font-size: large\"><strong>LAS POLITICAS DE ESTE GOBIERNO DE LA CIUDAD<\/strong><\/span><br \/><span style=\"font-family: Verdana, sans-serif\"><strong>En todo est\u00e1s vos<\/strong><\/span><br \/><span style=\"font-family: Verdana, sans-serif\">La Garganta Poderosa denunci\u00f3 que Boca censur\u00f3 una entrevista con Daniel Osvaldo<\/p>\n<div style=\"clear: both;text-align: center\"><strong style=\"clear: left;float: left;margin-bottom: 1em;margin-right: 1em\"><img loading=\"lazy\" decoding=\"async\" border=\"0\" src=\"http:\/\/4.bp.blogspot.com\/-A3bf_aF3b5E\/VTALnQCFVFI\/AAAAAAAAD2A\/yynEM6yglRA\/s1600\/OSVALDO.jpg\" height=\"228\" width=\"320\" \/>&nbsp;<\/strong><\/div>\n<div style=\"clear: both;text-align: left\">La revista , producida \u00edntegramente por habitantes de las distintas villas metropolitanas, denunci\u00f3 en su \u00faltimo n\u00famero que Boca Juniors, club ligado al macrismo, censur\u00f3 la entrevista con el delantero estrella Daniel Osvaldo al impedirle homenajear a Gast\u00f3n, un chico de 13 a\u00f1os que muri\u00f3 el mes pasado al caer en un pozo ciego en el asentamiento Rodrigo Bueno por el \u201dincumplimiento de la ley de urbanizaci\u00f3n\u201d.<\/p>\n<p>Seg\u00fan una cr\u00f3nica que dio a conocer la misma publicaci\u00f3n, el 20 de marzo \u00faltimo se contactaron con el representante del futbolista para pautar la nota y realizar una producci\u00f3n en homenaje a Gast\u00f3n en el barrio Rodrigo Bueno, ubicado en la zona de la Costanera Sur.<\/p>\n<p> Ambas propuestas fueron aceptadas, aunque el d\u00eda para hacer la producci\u00f3n estaba supeditado a lo que decida el club donde actualmente juega Osvaldo.<\/p><\/div>\n<div style=\"clear: both;text-align: left\">A continuaci\u00f3n la cr\u00f3nica de <strong>La Garganta<\/strong>:<\/div>\n<div style=\"clear: both;text-align: left\"><a name='more'><\/a><\/p>\n<div style=\"clear: both;text-align: left\">El CEO de la Ciudad no s\u00f3lo es responsable de haber incumplido la ley de urbanizaci\u00f3n que hubiera salvado a Gast\u00f3n, sino tambi\u00e9n del terrible manto de invisibilizaci\u00f3n que encubre su muerte, mientras la suerte de los candidatos se debate en televisi\u00f3n, como si la discusi\u00f3n pasara por una bicisenda o como si el f\u00fatbol se pudiera tragar nuestra agenda. Pues detr\u00e1s de los globos que comparte y los pochoclos del cinismo, hay una verdad que oculta buena parte del periodismo, para que el derecho se vea al rev\u00e9s. Ac\u00e1 la ten\u00e9s\u2026<\/div>\n<p>Viernes 20\/3:<br \/> Nos comunicamos con el representante de Daniel Osvaldo, para pautar una nota y una producci\u00f3n en homenaje a Gast\u00f3n, en el barrio Rodrigo Bueno.<br \/>Viernes 27\/3:<br \/> El representante nos confirma la entrevista por mensaje de texto: \u201cEst\u00e1 todo ok. S\u00f3lo hay que definir si despu\u00e9s de hacerla, Dani va a la Rodrigo Bueno. Para eso, deben garantizar el tema de la seguridad y que la gente no lo vuelva loco. Lo hablan y se lo explican bien, personalmente. \u00c9l ya sabe, y s\u00f3lo le preocupa que lo enloquezcan con las fotos, pero no ser\u00e1 problema ir a la villa. Arreglen qu\u00e9 d\u00eda con la Prensa de Boca\u201d.<br \/>Mi\u00e9rcoles 1\/4:<br \/> Por tel\u00e9fono, la Prensa de Boca nos dice que \u201cOsvaldo no hablar\u00e1 del tema Gast\u00f3n\u201d. Y que si queremos entrevistarlo igual, en el club, la nota deber\u00e1 hacerse \u201ccon las normas de Boca\u201d. Para verlo 15 minutos, \u201ctienen mandar hoy mismo 10 preguntas por mail, \u00fanicamente deportivas\u201d.<br \/>Jueves 2\/4:<br \/> Se concreta la entrevista y la foto de tapa, custodiada por tres hombres de Prensa Boca, sin un solo segundo de intimidad con Osvaldo y tras una amenaza directa a los comunicadores de La Garganta: \u201cUna pregunta fuera de lugar y se termina la nota\u201d. Por respeto al jugador y su condici\u00f3n de trabajador, se decide no hacerle all\u00ed las preguntas sobre Gast\u00f3n y volver a contactarlo el d\u00eda posterior, fuera de la \u00f3rbita que regula su empleador.<br \/>Lunes 6\/4:<br \/> Con bronca e indignaci\u00f3n, mientras march\u00e1bamos a la Jefatura de Gobierno con la familia de Gast\u00f3n, intentamos retomar el v\u00ednculo con Daniel, pero su representante nos dijo que ser\u00eda \u201cimposible\u201d charlar del tema con \u00e9l, porque \u201cno puede hacer nada por fuera de Boca y, si tocara alg\u00fan tema extradeportivo, podr\u00eda ser sobre Provincia, pero no sobre Capital\u201d.<\/p>\n<div style=\"text-align: center\">Mi\u00e9rcoles 15\/4:<br \/> <strong>La Garganta grita igual.<\/strong><\/div>\n<div style=\"text-align: center\">&nbsp;<\/div>\n<div style=\"text-align: left\"><span style=\"color: blue\">Fuente: Telam, La Garganta Poderosa, Producci\u00f3n Riachuelo<\/span>\ufeff<\/div>\n<\/div>\n<p><\/span><\/p>\n","protected":false},"excerpt":{"rendered":"<p>LAS POLITICAS DE ESTE GOBIERNO DE LA CIUDADEn todo est\u00e1s vosLa Garganta Poderosa denunci\u00f3 que Boca censur\u00f3 una entrevista con Daniel Osvaldo &nbsp; La revista , producida \u00edntegramente por habitantes de las distintas villas metropolitanas, denunci\u00f3 en su \u00faltimo n\u00famero que Boca Juniors, club ligado al macrismo, censur\u00f3 la entrevista con el delantero estrella Daniel [&hellip;]<\/p>\n","protected":false},"author":4,"featured_media":0,"comment_status":"open","ping_status":"open","sticky":false,"template":"","format":"standard","meta":{"_monsterinsights_skip_tracking":false,"_monsterinsights_sitenote_active":false,"_monsterinsights_sitenote_note":"","_monsterinsights_sitenote_category":0,"jnews-multi-image_gallery":[],"jnews_single_post":{"format":"standard"},"jnews_primary_category":[],"_joinchat":[],"footnotes":""},"categories":[58],"tags":[108],"class_list":["post-554","post","type-post","status-publish","format-standard","hentry","category-noticiariachuelo","tag-comunicacion-popular"],"_links":{"self":[{"href":"http:\/\/fmriachuelo.it10.com.ar\/index.php\/wp-json\/wp\/v2\/posts\/554","targetHints":{"allow":["GET"]}}],"collection":[{"href":"http:\/\/fmriachuelo.it10.com.ar\/index.php\/wp-json\/wp\/v2\/posts"}],"about":[{"href":"http:\/\/fmriachuelo.it10.com.ar\/index.php\/wp-json\/wp\/v2\/types\/post"}],"author":[{"embeddable":true,"href":"http:\/\/fmriachuelo.it10.com.ar\/index.php\/wp-json\/wp\/v2\/users\/4"}],"replies":[{"embeddable":true,"href":"http:\/\/fmriachuelo.it10.com.ar\/index.php\/wp-json\/wp\/v2\/comments?post=554"}],"version-history":[{"count":1,"href":"http:\/\/fmriachuelo.it10.com.ar\/index.php\/wp-json\/wp\/v2\/posts\/554\/revisions"}],"predecessor-version":[{"id":23294,"href":"http:\/\/fmriachuelo.it10.com.ar\/index.php\/wp-json\/wp\/v2\/posts\/554\/revisions\/23294"}],"wp:attachment":[{"href":"http:\/\/fmriachuelo.it10.com.ar\/index.php\/wp-json\/wp\/v2\/media?parent=554"}],"wp:term":[{"taxonomy":"category","embeddable":true,"href":"http:\/\/fmriachuelo.it10.com.ar\/index.php\/wp-json\/wp\/v2\/categories?post=554"},{"taxonomy":"post_tag","embeddable":true,"href":"http:\/\/fmriachuelo.it10.com.ar\/index.php\/wp-json\/wp\/v2\/tags?post=554"}],"curies":[{"name":"wp","href":"https:\/\/api.w.org\/{rel}","templated":true}]}}