{"id":553,"date":"2015-04-16T23:46:00","date_gmt":"2015-04-16T23:46:00","guid":{"rendered":"http:\/\/fmriachuelo.observatorioess.org.ar\/index.php\/2015\/04\/16\/coordinadora-latinoamericana-de-organizaciones-del-campo-cierre-del-vi-congreso\/"},"modified":"2025-03-28T14:29:35","modified_gmt":"2025-03-28T17:29:35","slug":"coordinadora-latinoamericana-de-organizaciones-del-campo-cierre-del-vi-congreso","status":"publish","type":"post","link":"http:\/\/fmriachuelo.it10.com.ar\/index.php\/2015\/04\/16\/coordinadora-latinoamericana-de-organizaciones-del-campo-cierre-del-vi-congreso\/","title":{"rendered":"COORDINADORA LATINOAMERICANA DE ORGANIZACIONES DEL CAMPO: CIERRE DEL VI CONGRESO"},"content":{"rendered":"<div style=\"clear: both;text-align: center\"><strong><span style=\"font-family: Verdana\">17 de Abril  D\u00eda Internacional de la Lucha Campesina<\/span><\/strong><\/div>\n<div style=\"clear: both;text-align: center\"><strong><span style=\"color: black;font-family: Verdana\">LA CLOC VIA CAMPESINA CIERRA SU CONGRESO CONTINENTAL CON UNA MARCHA<\/span><\/strong><\/div>\n<p><strong><span style=\"color: red;font-family: Verdana;font-size: large\">CONTRA EL CAPITALISMO  POR LA SOBERANIA DE LOS PUEBLOS <\/span><\/strong><\/p>\n<div style=\"clear: both;text-align: center\"><a href=\"http:\/\/1.bp.blogspot.com\/-IJXZk87wY8M\/VTBH58uCG-I\/AAAAAAAAD2U\/7dR2q57QS_w\/s1600\/cloc.jpg\" style=\"margin-left: 1em;margin-right: 1em\"><img loading=\"lazy\" decoding=\"async\" border=\"0\" src=\"http:\/\/1.bp.blogspot.com\/-IJXZk87wY8M\/VTBH58uCG-I\/AAAAAAAAD2U\/7dR2q57QS_w\/s1600\/cloc.jpg\" height=\"100\" width=\"400\" \/><\/a><\/div>\n<div style=\"clear: both;text-align: left\"><span style=\"font-family: Verdana, sans-serif\">El viernes 17 de abril marchar\u00e1n  por las calles de Buenos Aires miles de delegadas y delegados de Am\u00e9rica Latina y caribe, reunidos  en el VI Congreso de la CLOC \u2013 V\u00eda Campesina  junto a otras organizaciones sociales. Adem\u00e1s acompa\u00f1an esta marcha representantes de la Via Campesina Internacional de Asia, \u00c1frica, India, Europa y Corea del Sur.<\/p>\n<p>La concentraci\u00f3n ser\u00e1 a partir de las 11hs de la ma\u00f1ana en Plaza Italia, frente al predio de la Sociedad Rural Argentina para finalizar en la embajada de Estados Unidos, ambos sitios s\u00edmbolos del modelo capitalista opresor de los pueblos.<\/span><\/div>\n<p><a name='more'><\/a><span style=\"font-family: Verdana, sans-serif\"><br \/>Durante el acto de cierre frente a la embajada de Estados Unidos se desarrollar\u00e1 una feria de productos campesinos y un festival  cultural con destacados artistas. Los pueblos en lucha manifestar\u00e1n su repudio al modelo capitalista de las transnacionales del agronegocio llevando como bandera las luchas de Latinoam\u00e9rica y mundiales en un d\u00eda de acciones y movilizaciones globales por el D\u00eda Internacional de la Lucha Campesina.&nbsp;&nbsp; <\/p>\n<p>La marcha se enmarca como acto del cierre del VI Congreso de la CLOC LVC que se desarroll\u00f3 entre el 10 al 16 de abril  que convoc\u00f3  a  movimientos campesinos, ind\u00edgenas, afro descendientes, migrantes, peque\u00f1os productores, sin tierra, movimientos de mujeres,  asalariados del campo, pescadores artesanales  bajo el lema \u201cContra el Capitalismo por la Soberan\u00eda de los Pueblos, Am\u00e9rica unida sigue en lucha\u201d <\/p>\n<p>Durante el Congreso tambi\u00e9n mujeres y j\u00f3venes se reunieron en la IV Asamblea Continental de J\u00f3venes y la V Asamblea Continental de Mujeres y simult\u00e1neamente tambi\u00e9n tuvo lugar por primera vez  el Congresito, espacio de la CLOC para ni\u00f1os y ni\u00f1as.&nbsp; <\/p>\n<p>Los invitamos a acompa\u00f1arnos el 17 de abril en la marcha de cierre celebrando el Dia Internacional de la Lucha Campesina. <\/p>\n<p><span style=\"color: blue\">Fuente:Equipo de comunicaci\u00f3n  CLOC \u2013 V\u00eda Campesina, Producci\u00f3n Riachuelo<\/span><\/span><\/p>\n","protected":false},"excerpt":{"rendered":"<p>17 de Abril D\u00eda Internacional de la Lucha Campesina LA CLOC VIA CAMPESINA CIERRA SU CONGRESO CONTINENTAL CON UNA MARCHA CONTRA EL CAPITALISMO POR LA SOBERANIA DE LOS PUEBLOS El viernes 17 de abril marchar\u00e1n por las calles de Buenos Aires miles de delegadas y delegados de Am\u00e9rica Latina y caribe, reunidos en el VI [&hellip;]<\/p>\n","protected":false},"author":4,"featured_media":0,"comment_status":"open","ping_status":"open","sticky":false,"template":"","format":"standard","meta":{"_monsterinsights_skip_tracking":false,"_monsterinsights_sitenote_active":false,"_monsterinsights_sitenote_note":"","_monsterinsights_sitenote_category":0,"jnews-multi-image_gallery":[],"jnews_single_post":{"format":"standard"},"jnews_primary_category":[],"_joinchat":[],"footnotes":""},"categories":[58],"tags":[174,71,167],"class_list":["post-553","post","type-post","status-publish","format-standard","hentry","category-noticiariachuelo","tag-cultura-originaria","tag-de-la-tierra","tag-politica-internacional"],"_links":{"self":[{"href":"http:\/\/fmriachuelo.it10.com.ar\/index.php\/wp-json\/wp\/v2\/posts\/553","targetHints":{"allow":["GET"]}}],"collection":[{"href":"http:\/\/fmriachuelo.it10.com.ar\/index.php\/wp-json\/wp\/v2\/posts"}],"about":[{"href":"http:\/\/fmriachuelo.it10.com.ar\/index.php\/wp-json\/wp\/v2\/types\/post"}],"author":[{"embeddable":true,"href":"http:\/\/fmriachuelo.it10.com.ar\/index.php\/wp-json\/wp\/v2\/users\/4"}],"replies":[{"embeddable":true,"href":"http:\/\/fmriachuelo.it10.com.ar\/index.php\/wp-json\/wp\/v2\/comments?post=553"}],"version-history":[{"count":1,"href":"http:\/\/fmriachuelo.it10.com.ar\/index.php\/wp-json\/wp\/v2\/posts\/553\/revisions"}],"predecessor-version":[{"id":23296,"href":"http:\/\/fmriachuelo.it10.com.ar\/index.php\/wp-json\/wp\/v2\/posts\/553\/revisions\/23296"}],"wp:attachment":[{"href":"http:\/\/fmriachuelo.it10.com.ar\/index.php\/wp-json\/wp\/v2\/media?parent=553"}],"wp:term":[{"taxonomy":"category","embeddable":true,"href":"http:\/\/fmriachuelo.it10.com.ar\/index.php\/wp-json\/wp\/v2\/categories?post=553"},{"taxonomy":"post_tag","embeddable":true,"href":"http:\/\/fmriachuelo.it10.com.ar\/index.php\/wp-json\/wp\/v2\/tags?post=553"}],"curies":[{"name":"wp","href":"https:\/\/api.w.org\/{rel}","templated":true}]}}