{"id":552,"date":"2015-04-17T02:04:00","date_gmt":"2015-04-17T02:04:00","guid":{"rendered":"http:\/\/fmriachuelo.observatorioess.org.ar\/index.php\/2015\/04\/17\/jose-carlos-mariategui-85-anos-de-su-muerte\/"},"modified":"2025-03-28T14:30:15","modified_gmt":"2025-03-28T17:30:15","slug":"jose-carlos-mariategui-85-anos-de-su-muerte","status":"publish","type":"post","link":"http:\/\/fmriachuelo.it10.com.ar\/index.php\/2015\/04\/17\/jose-carlos-mariategui-85-anos-de-su-muerte\/","title":{"rendered":"JOS\u00c9 CARLOS MARIATEGUI: 85 A\u00d1OS DE SU MUERTE"},"content":{"rendered":"<p><span style=\"color: red;font-family: Verdana, sans-serif;font-size: large\"><strong>AMAUTA<\/strong><\/span><br \/><strong><span style=\"color: black;font-family: Verdana\">EL PADRE DEL MARXISMO LATINOAMERICANO<\/span><\/strong><br \/>\ufeff<\/p>\n<table align=\"center\" cellpadding=\"0\" cellspacing=\"0\" style=\"margin-left: auto;margin-right: auto;text-align: center\">\n<tbody>\n<tr>\n<td style=\"text-align: center\"><a href=\"http:\/\/3.bp.blogspot.com\/-uOVTX9gvR-E\/VTBmlAwcBNI\/AAAAAAAAD3A\/DBYMabdeNiM\/s1600\/carlos_mariategui_jpg_1718483346.jpg\" style=\"margin-left: auto;margin-right: auto\"><img loading=\"lazy\" decoding=\"async\" border=\"0\" src=\"http:\/\/3.bp.blogspot.com\/-uOVTX9gvR-E\/VTBmlAwcBNI\/AAAAAAAAD3A\/DBYMabdeNiM\/s1600\/carlos_mariategui_jpg_1718483346.jpg\" height=\"226\" width=\"400\" \/><\/a><\/td>\n<\/tr>\n<tr>\n<td style=\"text-align: center\">Somos antiimperialistas porque somos marxistas, porque somos revolucionarios, porque oponemos al capitalismo\u00bb&#8230; | Foto: deperu.com<\/td>\n<\/tr>\n<\/tbody>\n<\/table>\n<div><span style=\"font-family: Verdana, sans-serif\">Un 16 de abril de 1930 muri\u00f3 uno de los l\u00e1pices m\u00e1s relevantes de Per\u00fa, que articul\u00f3 de manera s\u00f3lida y coherente una visi\u00f3n de Per\u00fa que se mantiene vigente por concretar.<\/p>\n<p>Jos\u00e9 Carlos Mari\u00e1tegui fue un ensayista peruano y uno de los pensadores m\u00e1s influyentes en el \u00e1mbito de la reflexi\u00f3n sobre la cultura y sociedad de su pa\u00eds. Destacado pol\u00edtico, marxista, socialista, revolucionario, fue adem\u00e1s el fundador del Partido Socialista Peruano. <\/p>\n<p>Cuando la Uni\u00f3n Sovi\u00e9tica comenzaba a proyectar su modelo de revoluci\u00f3n bolchevique triunfante, \u00e9l propuso que el socialismo en Am\u00e9rica no fuera calco ni copia. En vida fue resistido por los camaradas de la Internacional Comunista, que rechazaban su reivindicaci\u00f3n del comunitarismo incaico. Vivi\u00f3 aquejado por enfermedades y perseguido por un r\u00e9gimen represivo, situaciones que enfrent\u00f3 a fuerza de una voluntad inquebrantable. Su capacidad de creaci\u00f3n intelectual fue heroica, como \u00e9l mismo reclamaba.  <br \/><a name='more'><\/a><br \/>No lo llamaban Amauta en vida, pero el apodo se convirti\u00f3 en marca inseparable de su figura cuando la izquierda recuper\u00f3 su legado, un par de d\u00e9cadas despu\u00e9s de su muerte.<\/p>\n<p>Por las p\u00e1ginas de Amauta desfil\u00f3 un surtido ecl\u00e9ctico de te\u00f3ricos, pol\u00edticos, literatos y artistas. Entre la cr\u00edtica social y la cr\u00edtica literaria, aparecer\u00e1n los nombres del surrealista Andr\u00e9 Breton, el poeta Jean Cocteau, el cat\u00f3lico liberal Miguel de Unamuno, Sigmund Freud, Rosa Luxemburgo, Gabriela Mistral, Le\u00f3n Trotsky, Jorge Luis Borges y Vladimir Lenin. Era una revista \u00fanica en su g\u00e9nero, que integraba a las corrientes renovadoras de la cultura europea con el proceso de creciente protagonismo pol\u00edtico y cultural de las clases populares en Latinoam\u00e9rica. La diversidad de enfoques y la mezcla de disciplinas era premeditada. De esa forma, Mari\u00e1tegui llevaba al marxismo a dialogar con la cultura de su \u00e9poca, desde el arte hasta el psicoan\u00e1lisis; di\u00e1logos que ser\u00e1n comunes d\u00e9cadas m\u00e1s tarde, pero que resultaba extra\u00f1o en los a\u00f1os veinte. Esa particularidad ser\u00eda uno de los aspectos resistidos por las corrientes ortodoxas del marxismo, a cuyos miembros la idea les resultaba excesiva, complicada.<\/span><\/div>\n<div>\n<div style=\"text-align: center\"><strong>&nbsp;<\/strong><\/p>\n<div style=\"text-align: left\"><span style=\"color: blue;font-family: Verdana, sans-serif\">Fuente: Telesur, Revista Sudestada, Producci\u00f3n Riachuelo<\/span><\/div>\n<\/div>\n<\/div>\n","protected":false},"excerpt":{"rendered":"<p>AMAUTAEL PADRE DEL MARXISMO LATINOAMERICANO\ufeff Somos antiimperialistas porque somos marxistas, porque somos revolucionarios, porque oponemos al capitalismo\u00bb&#8230; | Foto: deperu.com Un 16 de abril de 1930 muri\u00f3 uno de los l\u00e1pices m\u00e1s relevantes de Per\u00fa, que articul\u00f3 de manera s\u00f3lida y coherente una visi\u00f3n de Per\u00fa que se mantiene vigente por concretar. Jos\u00e9 Carlos Mari\u00e1tegui [&hellip;]<\/p>\n","protected":false},"author":4,"featured_media":0,"comment_status":"open","ping_status":"open","sticky":false,"template":"","format":"standard","meta":{"_monsterinsights_skip_tracking":false,"_monsterinsights_sitenote_active":false,"_monsterinsights_sitenote_note":"","_monsterinsights_sitenote_category":0,"jnews-multi-image_gallery":[],"jnews_single_post":{"format":"standard"},"jnews_primary_category":[],"_joinchat":[],"footnotes":""},"categories":[58],"tags":[70,72],"class_list":["post-552","post","type-post","status-publish","format-standard","hentry","category-noticiariachuelo","tag-de-la-patria-grande","tag-historia-de-la-lucha-de-los-pueblos"],"_links":{"self":[{"href":"http:\/\/fmriachuelo.it10.com.ar\/index.php\/wp-json\/wp\/v2\/posts\/552","targetHints":{"allow":["GET"]}}],"collection":[{"href":"http:\/\/fmriachuelo.it10.com.ar\/index.php\/wp-json\/wp\/v2\/posts"}],"about":[{"href":"http:\/\/fmriachuelo.it10.com.ar\/index.php\/wp-json\/wp\/v2\/types\/post"}],"author":[{"embeddable":true,"href":"http:\/\/fmriachuelo.it10.com.ar\/index.php\/wp-json\/wp\/v2\/users\/4"}],"replies":[{"embeddable":true,"href":"http:\/\/fmriachuelo.it10.com.ar\/index.php\/wp-json\/wp\/v2\/comments?post=552"}],"version-history":[{"count":1,"href":"http:\/\/fmriachuelo.it10.com.ar\/index.php\/wp-json\/wp\/v2\/posts\/552\/revisions"}],"predecessor-version":[{"id":23297,"href":"http:\/\/fmriachuelo.it10.com.ar\/index.php\/wp-json\/wp\/v2\/posts\/552\/revisions\/23297"}],"wp:attachment":[{"href":"http:\/\/fmriachuelo.it10.com.ar\/index.php\/wp-json\/wp\/v2\/media?parent=552"}],"wp:term":[{"taxonomy":"category","embeddable":true,"href":"http:\/\/fmriachuelo.it10.com.ar\/index.php\/wp-json\/wp\/v2\/categories?post=552"},{"taxonomy":"post_tag","embeddable":true,"href":"http:\/\/fmriachuelo.it10.com.ar\/index.php\/wp-json\/wp\/v2\/tags?post=552"}],"curies":[{"name":"wp","href":"https:\/\/api.w.org\/{rel}","templated":true}]}}