{"id":548,"date":"2015-04-18T01:17:00","date_gmt":"2015-04-18T01:17:00","guid":{"rendered":"http:\/\/fmriachuelo.observatorioess.org.ar\/index.php\/2015\/04\/18\/mercado-de-la-economia-popular-en-el-paseo-martin-oso-cisneros\/"},"modified":"2025-03-28T14:36:31","modified_gmt":"2025-03-28T17:36:31","slug":"mercado-de-la-economia-popular-en-el-paseo-martin-oso-cisneros","status":"publish","type":"post","link":"http:\/\/fmriachuelo.it10.com.ar\/index.php\/2015\/04\/18\/mercado-de-la-economia-popular-en-el-paseo-martin-oso-cisneros\/","title":{"rendered":"MERCADO DE LA ECONOMIA POPULAR EN EL PASEO MART\u00cdN \u00abOSO\u00bb CISNEROS"},"content":{"rendered":"<p><span><span style=\"font-size: large\"><strong>FERIA:<span style=\"color: red\">\u00a1\u00a1\u00a1EN EL SUPER NO SE CONSIGUE<span style=\"font-family: Times New Roman\">!!!<\/span><\/span><\/strong><\/span><\/span><br \/><span><strong><span style=\"font-size: large\">ECONOMIA POPULAR Y SOLIDARIA: DEL PRODUCTOR AL TRABAJADOR<\/span><\/strong><\/span><\/p>\n<div style=\"clear: both;text-align: center\"><span><strong><a href=\"http:\/\/2.bp.blogspot.com\/-2qz-7gLL07E\/VTBcl6t5aSI\/AAAAAAAAD20\/P-24X6n7U_8\/s1600\/Volante%2Bferia%2B1-15.jpg\" style=\"clear: left;float: left;margin-bottom: 1em;margin-right: 1em\"><img loading=\"lazy\" decoding=\"async\" border=\"0\" src=\"http:\/\/2.bp.blogspot.com\/-2qz-7gLL07E\/VTBcl6t5aSI\/AAAAAAAAD20\/P-24X6n7U_8\/s1600\/Volante%2Bferia%2B1-15.jpg\" height=\"320\" width=\"207\" \/><\/a><\/strong><\/span><\/div>\n<p><span style=\"font-family: Trebuchet MS\"><\/span><br \/><span style=\"font-family: Trebuchet MS\">El pr\u00f3ximo s\u00e1bado 18 de abril se inaugura la temporada 2015 del mercado de la econom\u00eda social&nbsp;en La Boca, que tendr\u00e1 continuidad todos&nbsp;los d\u00edas s\u00e1bados de 9 a 13 hs. <\/span><br \/><span style=\"font-family: Trebuchet MS\"><\/span><br \/><span style=\"font-family: Trebuchet MS\">Para defender la econom\u00eda popular, directo del productor, sin intermediarios, bien fresquitos y a los mejores precios.<\/span><br \/><span style=\"font-family: Trebuchet MS\"><\/span><br \/><span style=\"font-family: Trebuchet MS\">Para fomentar otra econom\u00eda m\u00e1s justa y solidaria que permita que los productores ofrezcan lo producido sin que los intermediarios y las grandes cadenas ganen con lo que ellos producen y para facilitar el consumo popular a precios razonables para que nuestras familias se alimenten&nbsp;de la mejor manera posible.&nbsp;Pescados frescos, bolsones de verdura, milanesas de pollo, quesos y muchas cosas m\u00e1s.&nbsp;Cada s\u00e1bado en el barrio de La Boca se van a ofrecer los mejores y mas frescos.<\/span><\/p>\n<p><strong><span style=\"font-family: Trebuchet MS\"><\/span><\/strong><br \/><strong><span style=\"font-family: Trebuchet MS\">Paseo de la econom\u00eda popular Mart\u00edn \u00abOso\u00bb Cisneros<\/span><\/strong><\/p>\n<div style=\"clear: both;text-align: left\"><span style=\"font-family: Verdana, sans-serif\">Av. Pedro de Mendoza esq. Mtro Brin, La Boca<\/span><\/div>\n<div style=\"clear: both;text-align: left\"><span style=\"font-family: Verdana\">S\u00e1bados de 9 a 13 hs.<\/span><\/div>\n","protected":false},"excerpt":{"rendered":"<p>FERIA:\u00a1\u00a1\u00a1EN EL SUPER NO SE CONSIGUE!!!ECONOMIA POPULAR Y SOLIDARIA: DEL PRODUCTOR AL TRABAJADOR El pr\u00f3ximo s\u00e1bado 18 de abril se inaugura la temporada 2015 del mercado de la econom\u00eda social&nbsp;en La Boca, que tendr\u00e1 continuidad todos&nbsp;los d\u00edas s\u00e1bados de 9 a 13 hs. Para defender la econom\u00eda popular, directo del productor, sin intermediarios, bien fresquitos [&hellip;]<\/p>\n","protected":false},"author":4,"featured_media":0,"comment_status":"open","ping_status":"open","sticky":false,"template":"","format":"standard","meta":{"_monsterinsights_skip_tracking":false,"_monsterinsights_sitenote_active":false,"_monsterinsights_sitenote_note":"","_monsterinsights_sitenote_category":0,"jnews-multi-image_gallery":[],"jnews_single_post":{"format":"standard"},"jnews_primary_category":[],"_joinchat":[],"footnotes":""},"categories":[58],"tags":[64,94],"class_list":["post-548","post","type-post","status-publish","format-standard","hentry","category-noticiariachuelo","tag-economia-popular","tag-soberania-alimentaria"],"_links":{"self":[{"href":"http:\/\/fmriachuelo.it10.com.ar\/index.php\/wp-json\/wp\/v2\/posts\/548","targetHints":{"allow":["GET"]}}],"collection":[{"href":"http:\/\/fmriachuelo.it10.com.ar\/index.php\/wp-json\/wp\/v2\/posts"}],"about":[{"href":"http:\/\/fmriachuelo.it10.com.ar\/index.php\/wp-json\/wp\/v2\/types\/post"}],"author":[{"embeddable":true,"href":"http:\/\/fmriachuelo.it10.com.ar\/index.php\/wp-json\/wp\/v2\/users\/4"}],"replies":[{"embeddable":true,"href":"http:\/\/fmriachuelo.it10.com.ar\/index.php\/wp-json\/wp\/v2\/comments?post=548"}],"version-history":[{"count":1,"href":"http:\/\/fmriachuelo.it10.com.ar\/index.php\/wp-json\/wp\/v2\/posts\/548\/revisions"}],"predecessor-version":[{"id":23302,"href":"http:\/\/fmriachuelo.it10.com.ar\/index.php\/wp-json\/wp\/v2\/posts\/548\/revisions\/23302"}],"wp:attachment":[{"href":"http:\/\/fmriachuelo.it10.com.ar\/index.php\/wp-json\/wp\/v2\/media?parent=548"}],"wp:term":[{"taxonomy":"category","embeddable":true,"href":"http:\/\/fmriachuelo.it10.com.ar\/index.php\/wp-json\/wp\/v2\/categories?post=548"},{"taxonomy":"post_tag","embeddable":true,"href":"http:\/\/fmriachuelo.it10.com.ar\/index.php\/wp-json\/wp\/v2\/tags?post=548"}],"curies":[{"name":"wp","href":"https:\/\/api.w.org\/{rel}","templated":true}]}}