{"id":547,"date":"2015-04-18T05:30:00","date_gmt":"2015-04-18T05:30:00","guid":{"rendered":"http:\/\/fmriachuelo.observatorioess.org.ar\/index.php\/2015\/04\/18\/los-trabajadores-resisten-el-desalojo-de-la-cooperativa-la-robla\/"},"modified":"2025-03-28T14:37:28","modified_gmt":"2025-03-28T17:37:28","slug":"los-trabajadores-resisten-el-desalojo-de-la-cooperativa-la-robla","status":"publish","type":"post","link":"http:\/\/fmriachuelo.it10.com.ar\/index.php\/2015\/04\/18\/los-trabajadores-resisten-el-desalojo-de-la-cooperativa-la-robla\/","title":{"rendered":"LOS TRABAJADORES RESISTEN EL DESALOJO DE LA COOPERATIVA \u00abLA ROBLA\u00bb"},"content":{"rendered":"<p><span style=\"color: red;font-family: Verdana, sans-serif;font-size: large\"><strong>EN DEFENSA DE LA FUENTE DE TRABAJO<\/strong><\/span><br \/><span style=\"font-family: Verdana, sans-serif\"><strong>T<\/strong><\/span><span style=\"font-family: Verdana, sans-serif\"><strong>RABAJADORES REALIZAR\u00c1N UN FESTIVAL ART\u00cdSTICO PARA RESISTIR EL DESALOJO DE LA COOPERATIVA \u201cLA ROBLA\u201d<\/strong><\/span><br \/><span style=\"font-family: Verdana\"><\/span><br \/><span style=\"font-family: Verdana\">Escuch\u00e1 la entrevista que le hicieron en el programa<strong> Romp\u00e9 el Cerco Informativo <\/strong>a la <span style=\"color: blue;font-family: Verdana, sans-serif\"><strong>DRA. ORNELA NOCITI<\/strong><\/span>&nbsp;abogada de los trabajadores<\/span><br \/><span style=\"font-family: Verdana\"><\/span><br \/>&#8211; <a href=\"http:\/\/www.mediafire.com\/listen\/87omvwddkbpl1r4\/ABOGADA_ORNELA-_2__JUZGADOS_Q_INTERVIENE-_EMPRESARIOS_ESTAFAN_A_LOS_TBJS__-__SE_HACE_UN_FESTIVAL.mp3\"><strong><span style=\"color: blue\">EMPRESARIOS ESTAFAN A LOS TRABAJADORES<\/span><\/strong><\/a><br \/>&#8211; <a href=\"http:\/\/www.mediafire.com\/listen\/ba94vvh1263dh0f\/ABOGADA_ORNELA-_2__JUZGADOS_Q_INTERVIENE-_PIDEN_MESA_DE_DIALOGO.mp3\"><strong><span style=\"color: blue\">LOS JUZGADOS QUE INTERVIENEN PIDEN MESA DE DIALOGO<\/span><\/strong><\/a><br \/>&#8211; <a href=\"http:\/\/www.mediafire.com\/listen\/aqhpnfr9e6tgte1\/IRNELA_ABOGADA_DE_LA_CTEP-__FUIMOS_AVERIGUANDO_TODA_LA_INFO_DEL_DESLOJO.mp3\"><strong><span style=\"color: blue\">FUIMOS AVERIGUANDO TODA LA INFO EN LOS JUZGADOS<\/span><\/strong><\/a><br \/>&#8211; <a href=\"http:\/\/www.mediafire.com\/listen\/631ubg94u4b508h\/ORNELA_ABOGADA_PUDIMOS__PARAR_EL_VACIAMIENTO.mp3\"><strong><span style=\"color: blue\">PUDIMOS PARAR EL VACIAMIENTO<\/span><\/strong><\/a><\/p>\n<p><span style=\"color: red;font-family: Verdana, sans-serif;font-size: large\"><a href=\"http:\/\/4.bp.blogspot.com\/-GOOFtSfF0YU\/VTBaXtIKQ_I\/AAAAAAAAD2k\/Uq7V2fO9VLY\/s1600\/la%2Brobla.jpg\" style=\"clear: left;float: left;margin-bottom: 1em;margin-right: 1em\"><img loading=\"lazy\" decoding=\"async\" border=\"0\" src=\"http:\/\/4.bp.blogspot.com\/-GOOFtSfF0YU\/VTBaXtIKQ_I\/AAAAAAAAD2k\/Uq7V2fO9VLY\/s1600\/la%2Brobla.jpg\" height=\"320\" width=\"226\" \/><\/a><\/span><span style=\"font-family: Verdana, sans-serif\">Los trabajadores del Restaurante \u201cLa Robla\u201d , que est\u00e1 ubicado en Viamonte 1615 y Pasaje del Carmen, de Capital Federal, y la Confederaci\u00f3n de Trabajadores de la Econom\u00eda Popular (CTEP), Seccional Capital, realizar\u00e1n este s\u00e1bado desde el mediod\u00eda una jornada art\u00edstica en contra del desalojo del inmueble donde realizan sus tareas desde hace m\u00e1s de 20 a\u00f1os; adem\u00e1s habr\u00e1 una feria, bandas musicales y radio abierta, y se espera la participaci\u00f3n de distintas organizaciones vinculadas con el sector de las empresas recuperadas.<\/span><br \/><span style=\"font-family: Verdana, sans-serif\"><br \/>\u201cHoy en d\u00eda somos La Robla Cooperativa desde agosto del 2014 debido a la uni\u00f3n de todos los trabajadores y trabajadoras. Fuimos nosotros quienes continuamos llevando adelante el restaurante luego de que los empresarios Alex Gordon y Julio Rozas Chevalier vaciaran el local estaf\u00e1ndonos y dej\u00e1ndonos SIN NADA de un d\u00eda para otro\u201d, afirmaron los trabajadores mediante un comunicado.<\/span><br \/><span style=\"font-family: Verdana, sans-serif\"><\/span><br \/><a name='more'><\/a><span style=\"font-family: Verdana, sans-serif\"><br \/>La Robla ocupa por casi 30 a\u00f1os la tradicional esquina porte\u00f1a de Viamonte 1615 y Pasaje del Carmen, barrio de San Nicol\u00e1s. y su especialidad son los platos de mariscos y pescados frescos.<br \/>\u201cPor todo esto nos vemos en la situaci\u00f3n de enfrentar un DESALOJO, somos v\u00edctimas del desamparo y la injusticia empresarial. Los compa\u00f1eros y compa\u00f1eras -algunos con m\u00e1s de 20 a\u00f1os en su funci\u00f3n- trabajamos codo a codo por la permanencia de esta marisquer\u00eda que todos ayudamos a construir con esfuerzo y con trabajo. Hoy, estamos luchando en defensa de nuestros derechos como trabajadoras y trabajadores.<\/span><br \/><span style=\"font-family: Verdana, sans-serif\">&nbsp;\u00a1 NO AL DESALOJO DE \u201cLA ROBLA COOPERATIVA\u201d<\/span><\/p>\n<p><span style=\"color: blue;font-family: Verdana, sans-serif\">&nbsp;Fuente: Ctep Argentina, Producci\u00f3n Riachuelo<\/span><\/p>\n","protected":false},"excerpt":{"rendered":"<p>EN DEFENSA DE LA FUENTE DE TRABAJOTRABAJADORES REALIZAR\u00c1N UN FESTIVAL ART\u00cdSTICO PARA RESISTIR EL DESALOJO DE LA COOPERATIVA \u201cLA ROBLA\u201dEscuch\u00e1 la entrevista que le hicieron en el programa Romp\u00e9 el Cerco Informativo a la DRA. ORNELA NOCITI&nbsp;abogada de los trabajadores&#8211; EMPRESARIOS ESTAFAN A LOS TRABAJADORES&#8211; LOS JUZGADOS QUE INTERVIENEN PIDEN MESA DE DIALOGO&#8211; FUIMOS AVERIGUANDO [&hellip;]<\/p>\n","protected":false},"author":4,"featured_media":0,"comment_status":"open","ping_status":"open","sticky":false,"template":"","format":"standard","meta":{"_monsterinsights_skip_tracking":false,"_monsterinsights_sitenote_active":false,"_monsterinsights_sitenote_note":"","_monsterinsights_sitenote_category":0,"jnews-multi-image_gallery":[],"jnews_single_post":{"format":"standard"},"jnews_primary_category":[],"_joinchat":[],"footnotes":""},"categories":[58],"tags":[86,148],"class_list":["post-547","post","type-post","status-publish","format-standard","hentry","category-noticiariachuelo","tag-noti-ctep","tag-trabajo"],"_links":{"self":[{"href":"http:\/\/fmriachuelo.it10.com.ar\/index.php\/wp-json\/wp\/v2\/posts\/547","targetHints":{"allow":["GET"]}}],"collection":[{"href":"http:\/\/fmriachuelo.it10.com.ar\/index.php\/wp-json\/wp\/v2\/posts"}],"about":[{"href":"http:\/\/fmriachuelo.it10.com.ar\/index.php\/wp-json\/wp\/v2\/types\/post"}],"author":[{"embeddable":true,"href":"http:\/\/fmriachuelo.it10.com.ar\/index.php\/wp-json\/wp\/v2\/users\/4"}],"replies":[{"embeddable":true,"href":"http:\/\/fmriachuelo.it10.com.ar\/index.php\/wp-json\/wp\/v2\/comments?post=547"}],"version-history":[{"count":1,"href":"http:\/\/fmriachuelo.it10.com.ar\/index.php\/wp-json\/wp\/v2\/posts\/547\/revisions"}],"predecessor-version":[{"id":23303,"href":"http:\/\/fmriachuelo.it10.com.ar\/index.php\/wp-json\/wp\/v2\/posts\/547\/revisions\/23303"}],"wp:attachment":[{"href":"http:\/\/fmriachuelo.it10.com.ar\/index.php\/wp-json\/wp\/v2\/media?parent=547"}],"wp:term":[{"taxonomy":"category","embeddable":true,"href":"http:\/\/fmriachuelo.it10.com.ar\/index.php\/wp-json\/wp\/v2\/categories?post=547"},{"taxonomy":"post_tag","embeddable":true,"href":"http:\/\/fmriachuelo.it10.com.ar\/index.php\/wp-json\/wp\/v2\/tags?post=547"}],"curies":[{"name":"wp","href":"https:\/\/api.w.org\/{rel}","templated":true}]}}