{"id":546,"date":"2015-04-19T16:28:00","date_gmt":"2015-04-19T16:28:00","guid":{"rendered":"http:\/\/fmriachuelo.observatorioess.org.ar\/index.php\/2015\/04\/19\/coordinadora-latinoamericana-de-organizaciones-del-campo-vi-congreso\/"},"modified":"2025-03-28T14:39:24","modified_gmt":"2025-03-28T17:39:24","slug":"coordinadora-latinoamericana-de-organizaciones-del-campo-vi-congreso","status":"publish","type":"post","link":"http:\/\/fmriachuelo.it10.com.ar\/index.php\/2015\/04\/19\/coordinadora-latinoamericana-de-organizaciones-del-campo-vi-congreso\/","title":{"rendered":"COORDINADORA LATINOAMERICANA DE ORGANIZACIONES DEL CAMPO: VI CONGRESO"},"content":{"rendered":"<p><span style=\"color: red;font-family: Verdana, sans-serif;font-size: large\"><strong>VIA CAMPESINA: OTRO MUNDO ES POSIBLE<\/strong><\/span><br \/><span style=\"font-family: Verdana, sans-serif\"><strong>\u201cEstamos ante un modelo de agricultura biol\u00f3gicamente imperialista y socialmente excluyente\u201d<\/strong><\/span><\/p>\n<div style=\"clear: both;text-align: center\"><a href=\"http:\/\/1.bp.blogspot.com\/-EsVNuJIIm8M\/VTPW63llYHI\/AAAAAAAAD4E\/fBuljMG1zFg\/s1600\/cloc.jpg\" style=\"clear: left;float: left;margin-bottom: 1em;margin-right: 1em\"><img loading=\"lazy\" decoding=\"async\" border=\"0\" src=\"http:\/\/1.bp.blogspot.com\/-EsVNuJIIm8M\/VTPW63llYHI\/AAAAAAAAD4E\/fBuljMG1zFg\/s1600\/cloc.jpg\" height=\"50\" width=\"200\" \/><\/a><\/div>\n<p><span style=\"font-family: Verdana, sans-serif\">En el marco del VI Congreso de la Coordinadora de Organizaciones Latinoamericanos del Campo (CLOC) \u2013 V\u00eda Campesina, que se realiza en Buenos Aires, Notas entrevist\u00f3 a la investigadora Silvia Ribeiro del grupo Erosi\u00f3n, Tecnolog\u00eda y Concentraci\u00f3n (ETC) de M\u00e9xico para profundizar en la situaci\u00f3n actual de la agricultura campesina y sus disputas con el agronegocio.<\/p>\n<p>Adem\u00e1s recordamos que el 17 de abril de 1996, en Eldorado dos Caraj\u00e1s, Amazonia, 1500 campesinos sin tierra que protestaban pac\u00edficamente por sus derechos fueron reprimidos por la Polic\u00eda Militar de Par\u00e1, Brasil. El resultado fue 22 campesinos muertos y 69 heridos. En conmemoraci\u00f3n de aquel acontecimiento, la V\u00eda Campesina declar\u00f3 el 17 de abril como D\u00eda Internacional de las Luchas Campesinas.<\/p>\n<p>&#8211; \u00bfCu\u00e1l es el significado de hacer este congreso de la CLOC en un pa\u00eds como Argentina en este momento?<\/p>\n<p>\u2013 La V\u00eda Campesina es la organizaci\u00f3n m\u00e1s grande del mundo y este congreso se da en un momento en cual la gente supone que es la agricultura industrial la que realmente alimenta al mundo. Organizaciones como ETC o GRAIN, hemos demostrado que el 70% de la poblaci\u00f3n mundial se alimenta de lo que producen campesinos, pescadores artesanales, huertas urbanas, todo lo que se denomina peque\u00f1a producci\u00f3n, pero solo disponen cerca del 20% de la tierra.<\/span><br \/><span style=\"font-family: Verdana, sans-serif\"><\/span><a name='more'><\/a><span style=\"font-family: Verdana, sans-serif\"><br \/>La agricultura industrial usael 80% de la tierra y entre el 70% y el 80% de toda el agua y los combustibles que se usan en la agricultura. Y aunque producen un volumen much\u00edsimo mayor de algunos granos, solo llegan a un 30% de la poblaci\u00f3n en el mundo.<\/p>\n<p>Y todo tiene que ver con todo: con el cambio clim\u00e1tico, con la contaminaci\u00f3n que produce la agricultura industrial a trav\u00e9s del uso de agrot\u00f3xicos- Es necesario que sepamos adem\u00e1s que la agricultura campesina es capaz de producir diverso, descentralizado, agroecol\u00f3gico. No quiere decir que todos lo hagan, pero incluso los campesinos que no producen agroecol\u00f3gico utilizan muchos menos qu\u00edmicos que la gran producci\u00f3n industrial, porque est\u00e1n mucho m\u00e1s cerca de la producci\u00f3n.<\/p>\n<p>En la Argentina esto es particularmente relevante porque la visi\u00f3n que se tiene es que no hay nada m\u00e1s que un inmenso campo de agricultura industrial., que no hay no campesinos, ni ind\u00edgenas, ni  agricultores chicos. Por lo que el hecho de que sea el Movimiento Nacional Campesino Ind\u00edgena (MNCI) el anfitri\u00f3n, es una demostraci\u00f3n no solo de su existencia, sino de que est\u00e1n organizados.<\/p>\n<p>En el marco de un crecimiento de los cultivos transg\u00e9nicos, sobre todo en manos de las transnacionales, desde algunos sectores se viene incentivando el desarrollo de biotecnolog\u00eda p\u00fablica.<\/p>\n<p>&#8211; \u00bfComo ves esas alternativas?<\/p>\n<p>\u2013 Quienes afirman que eso es posible lo tendr\u00e1n que demostrar porque hasta ahora eso no ha sucedido. Lo que ha pasado ha sido justamente al rev\u00e9s: la entrada de las corporaciones, con las semillas transg\u00e9nicas y antes con las hibridas, no signific\u00f3 aumentar la investigaci\u00f3n p\u00fablica, sino todo lo contrario. Las corporaciones se aprovecharon del germoplasma de las investigaciones p\u00fablicas para su propio acervo. Es usar la investigaci\u00f3n p\u00fablica no para crear m\u00e1s acceso, sino para ponerse en situaci\u00f3n de competencia dentro del negocio.<\/p>\n<p>No es deseable que las instituciones p\u00fablicas se dediquen a desarrollar investigaciones para cultivos que tienen un uso sumamente estrecho como son los transg\u00e9nicos en lugar de aprovechar, como se hac\u00eda antes, para adaptar cultivos a diferentes zonas, diferentes regiones y se trabajaba directamente con los productores.<\/p>\n<p>La investigaci\u00f3n biotecnol\u00f3gica padece de un problema grave porque crea variedades sumamente uniformes y si esto se hiciera desde la investigaci\u00f3n p\u00fablica, tendr\u00eda los mismos problemas. Es un enfoque sumamente estrecho y por lo tanto un mala inversi\u00f3n de dinero p\u00fablico.<\/p>\n<p>&#8211; Hoy tambi\u00e9n hay una corriente de opini\u00f3n que buscar favorecer a los peque\u00f1os productores, a los campesinos, pero en un marco de coexistencia con el modelo de los agronegocios. \u00bfTe parece esto una posibilidad viable?<\/p>\n<p>\u2013 Yo estoy segura que en Argentina, pero tambi\u00e9n en Brasil y Uruguay, la agricultura familiar pese a que est\u00e1 cada vez m\u00e1s desplazada por la agricultura industrial, tiene papeles claves en la producci\u00f3n, en algunos nichos espec\u00edficos como hortalizas, producci\u00f3n lechera y ese tipo de cosas. Creo que hay una responsabilidad de aprobar ese tipo de agricultura por el papel que ya cumple. Es un error decir que vamos a favorecer los dos modelos. Porque el modelo de la agricultura industrial es un modelo excluyente.<\/p>\n<p>El investigador Miguel Teubal y otros, han demostrado que lo que pas\u00f3 con la agricultura transg\u00e9nica no es solo un problema tecnol\u00f3gico, sino una verdadera reforma agraria al rev\u00e9s. En la Argentina han desaparecido cerca del 40% de los establecimientos peque\u00f1os. Decir que esos modelos pueden convivir, es negar que la agricultura industrial est\u00e1 creando grandes problemas sociales, adem\u00e1s de los problemas ambientales.<\/p>\n<p>Estamos ante un modelo de agricultura biol\u00f3gicamente imperialista y socialmente excluyente que ocupa el lugar donde deber\u00edan estar otras formas de producci\u00f3n. Por lo tanto, no est\u00e1 bien apoyar con fondos p\u00fablicos el modelo de los agronegocios y mucho menos en el de los transg\u00e9nicos. Lo que se necesita es apoyar agriculturas diversificadas, que est\u00e9n basados en conocimientos de quienes producen, sin problemas con el ambiente.<\/p>\n<p>&#8211; \u00bfY qu\u00e9 hacemos en un pa\u00eds como Argentina que tiene hoy ya m\u00e1s del 50% con soja transg\u00e9nica y otro tanto de ma\u00edz y algod\u00f3n?<\/p>\n<p>\u2013 Hay que dejar de subsidiar a la agricultura transg\u00e9nica en t\u00e9rminos indirectos. Como m\u00ednimo que las industrias que han provocado desplazamientos de poblaciones, contaminaciones, problemas con la salud, se hagan cargo. Pero sobre todo, dejar que ese tipo de agricultura se siga expandiendo y comenzar con un proceso que revierta esta situaci\u00f3n. Donde en lugar de estar en manos de cuatro empresas transnacionales \u2013Monsanto, Singenta, Dupont y Cargill\u2013 se comience un proceso de independencia y soberan\u00eda. Porque en este momento, sectores claves de la agricultura y la econom\u00eda est\u00e1n en manos de transnacionales.<\/p>\n<p>&#8211; Para la gran mayor\u00eda de la poblaci\u00f3n urbana, esto es algo que ocurre all\u00e1 lejos en el campo \u00bfC\u00f3mo llega esta tem\u00e1tica a las ciudades y c\u00f3mo impacta en los consumidores?<\/p>\n<p>\u2013 Impacta de muchas maneras. Una es la expulsi\u00f3n de la gente del campo que llega a las ciudades en condiciones de marginaci\u00f3n. Pero hay uno que nos llega a todos que es la contaminaci\u00f3n por glifosato en ma\u00edz y soja, aunque este \u00faltimo ya no se come directamente, est\u00e1 en gran parte de los alimentos que se consumen. Justo ahora <\/span><span style=\"font-family: Verdana, sans-serif\">la OMS confirm\u00f3 lo que la ya investigadores como Andr\u00e9s Carrasco hab\u00edan denunciado hace mucho tiempo en Argentina, y es que el glifosato es cancer\u00edgeno<\/span><span style=\"font-family: Verdana, sans-serif\">.<\/p>\n<p>Y un tercer elemento, es en relaci\u00f3n a las oferta de alimentos. Si est<br \/>\nas en la ciudad y no estas produciendo tus propios alimentos, es un callej\u00f3n sin salida cegarte a no mirar lo que pasa en el campo porque esto tiene que ver con la disponibilidad o no de alimentos sanos, nutritivos, ecol\u00f3gicos. Dejar que el campo argentino se convierta en un gigantesco desierto de soja y ma\u00edz transg\u00e9nico, es hipotecar el futuro alimentario y la salud del pueblo.<\/p>\n<p>&#8211; \u00bfCu\u00e1l crees que es la relevancia de la discusi\u00f3n de las Leyes de Semillas, tema candente en Am\u00e9rica Latina desde hace algunos a\u00f1os?<\/p>\n<p>\u2013 La relevancia es enorme porque no existe agricultura que pueda funcionar sin semillas. El sembrar semillas y guardar una parte para sembrar en la pr\u00f3xima cosecha, es tan obvio que mucha gente ni siquiera sabe que es lo obvio. Sin embargo, esto se ha convertido en ilegal. Esto es solo para generar dependencia con las empresas, no tiene otra explicaci\u00f3n.<\/p>\n<p>En el caso de las leyes de derechos de obtentor, que es un tipo de propiedad intelectual sobre las semillas (es como una patente pero no exactamente), restringe el uso de las semillas. Y son cada vez m\u00e1s restrictivas que si no le pagas al productor industrial que la hizo, perd\u00e9s la posibilidad de volver a sembrar.<\/p>\n<p>Las leyes de propiedad intelectual son un instrumento perverso sin raz\u00f3n de ser. Veinte a\u00f1os atr\u00e1s, en toda la regi\u00f3n, los institutos p\u00fablicos de investigaci\u00f3n produc\u00edan semillas que estaban a libre disposici\u00f3n de los productores. A lo mejor lo que se pagan era el trabajo de multiplicaci\u00f3n. Ahora los que tienen el derecho de obtenci\u00f3n son las grandes transnacionales, las mismas que venden transg\u00e9nicos y lo que buscan es asegurarse que no van a tener ninguna forma de competencia. Por eso es muy importante oponerse a estas nuevas leyes de semillas que quieren imponer.<\/p>\n<p>&#8211; \u00bfCu\u00e1les son tus expectativas con este congreso?<\/p>\n<p>\u2013 Como organizaci\u00f3n aliada a la V\u00eda Campesina, es muy importante para nosotros la reivindicaci\u00f3n del papel de la agricultura campesina, tanto en la salud como en la alimentaci\u00f3n. Pero tambi\u00e9n en el papel para contener y revertir el cambio clim\u00e1tico. Y tambi\u00e9n porque ante los ataques diversos a los territorios -ya sea por agronegocio, por monocultivos transg\u00e9nicos o de \u00e1rboles, plantaciones e incluso mineras- es urgente compartir informaciones y expresar solidaridades.<\/span><br \/><span style=\"color: blue;font-family: Verdana\">Fuente: Notas, Producci\u00f3n Riachuelo<\/span><\/p>\n","protected":false},"excerpt":{"rendered":"<p>VIA CAMPESINA: OTRO MUNDO ES POSIBLE\u201cEstamos ante un modelo de agricultura biol\u00f3gicamente imperialista y socialmente excluyente\u201d En el marco del VI Congreso de la Coordinadora de Organizaciones Latinoamericanos del Campo (CLOC) \u2013 V\u00eda Campesina, que se realiza en Buenos Aires, Notas entrevist\u00f3 a la investigadora Silvia Ribeiro del grupo Erosi\u00f3n, Tecnolog\u00eda y Concentraci\u00f3n (ETC) de [&hellip;]<\/p>\n","protected":false},"author":4,"featured_media":0,"comment_status":"open","ping_status":"open","sticky":false,"template":"","format":"standard","meta":{"_monsterinsights_skip_tracking":false,"_monsterinsights_sitenote_active":false,"_monsterinsights_sitenote_note":"","_monsterinsights_sitenote_category":0,"jnews-multi-image_gallery":[],"jnews_single_post":{"format":"standard"},"jnews_primary_category":[],"_joinchat":[],"footnotes":""},"categories":[58],"tags":[70,71,157],"class_list":["post-546","post","type-post","status-publish","format-standard","hentry","category-noticiariachuelo","tag-de-la-patria-grande","tag-de-la-tierra","tag-nadie-se-salva-solo"],"_links":{"self":[{"href":"http:\/\/fmriachuelo.it10.com.ar\/index.php\/wp-json\/wp\/v2\/posts\/546","targetHints":{"allow":["GET"]}}],"collection":[{"href":"http:\/\/fmriachuelo.it10.com.ar\/index.php\/wp-json\/wp\/v2\/posts"}],"about":[{"href":"http:\/\/fmriachuelo.it10.com.ar\/index.php\/wp-json\/wp\/v2\/types\/post"}],"author":[{"embeddable":true,"href":"http:\/\/fmriachuelo.it10.com.ar\/index.php\/wp-json\/wp\/v2\/users\/4"}],"replies":[{"embeddable":true,"href":"http:\/\/fmriachuelo.it10.com.ar\/index.php\/wp-json\/wp\/v2\/comments?post=546"}],"version-history":[{"count":1,"href":"http:\/\/fmriachuelo.it10.com.ar\/index.php\/wp-json\/wp\/v2\/posts\/546\/revisions"}],"predecessor-version":[{"id":23305,"href":"http:\/\/fmriachuelo.it10.com.ar\/index.php\/wp-json\/wp\/v2\/posts\/546\/revisions\/23305"}],"wp:attachment":[{"href":"http:\/\/fmriachuelo.it10.com.ar\/index.php\/wp-json\/wp\/v2\/media?parent=546"}],"wp:term":[{"taxonomy":"category","embeddable":true,"href":"http:\/\/fmriachuelo.it10.com.ar\/index.php\/wp-json\/wp\/v2\/categories?post=546"},{"taxonomy":"post_tag","embeddable":true,"href":"http:\/\/fmriachuelo.it10.com.ar\/index.php\/wp-json\/wp\/v2\/tags?post=546"}],"curies":[{"name":"wp","href":"https:\/\/api.w.org\/{rel}","templated":true}]}}