{"id":545,"date":"2015-04-19T16:34:00","date_gmt":"2015-04-19T16:34:00","guid":{"rendered":"http:\/\/fmriachuelo.observatorioess.org.ar\/index.php\/2015\/04\/19\/jornada-mundial-de-solidaridad-con-venezuela\/"},"modified":"2025-03-28T14:40:32","modified_gmt":"2025-03-28T17:40:32","slug":"jornada-mundial-de-solidaridad-con-venezuela","status":"publish","type":"post","link":"http:\/\/fmriachuelo.it10.com.ar\/index.php\/2015\/04\/19\/jornada-mundial-de-solidaridad-con-venezuela\/","title":{"rendered":"JORNADA MUNDIAL DE SOLIDARIDAD CON VENEZUELA"},"content":{"rendered":"<p><span style=\"color: red;font-family: Verdana, sans-serif;font-size: large\"><strong>VENEZUELA NO EST\u00c1 SOLA<\/strong><\/span><br \/><strong><span style=\"font-family: Verdana, sans-serif\">Pueblos del mundo realizan jornada de solidaridad con Venezuela<\/span><\/strong><br \/><span style=\"font-family: Verdana, sans-serif\"><br \/><strong><\/strong>&nbsp;<\/p>\n<div style=\"clear: both;text-align: center\"><strong style=\"clear: left;float: left;margin-bottom: 1em;margin-right: 1em\"><img loading=\"lazy\" decoding=\"async\" border=\"0\" src=\"http:\/\/4.bp.blogspot.com\/-CqxrOwrxwCc\/VTPYK44NqrI\/AAAAAAAAD4M\/PuExFTS17FY\/s1600\/venezuela.jpg\" height=\"226\" width=\"400\" \/><\/strong><\/div>\n<p><\/span><\/p>\n<div style=\"clear: both;text-align: left\"><span style=\"font-family: Verdana, sans-serif\">Movimientos y organizaciones sociales del mundo se movilizar\u00e1n para rechazar el decreto imperial que califica a Venezuela, como amenaza para EE.UU.<\/p>\n<p>Un grupo de varias organizaciones y movimientos sociales del mundo realizar\u00e1n este domingo una jornada de solidaridad internacional con Venezuela ante el <\/span><span style=\"font-family: Verdana, sans-serif\">decreto estadounidense<\/span><span style=\"font-family: Verdana, sans-serif\"> que declara a esta naci\u00f3n como una amenaza. <\/p>\n<p>La jornada fue convocada por el <\/span><span style=\"font-family: Verdana, sans-serif\">Foro de Sao <\/span><span style=\"font-family: Verdana, sans-serif\">Paulo<\/span><span style=\"font-family: Verdana, sans-serif\"> que se reuni\u00f3 esta semana en Caracas, capital y coincide con el aniversario 205 de la Independencia de Venezuela del yugo espa\u00f1ol. <\/span><a name='more'><\/a><span style=\"font-family: Verdana, sans-serif\"><br \/>Seg\u00fan inform\u00f3 la secretaria ejecutiva dle Foro de Sao Paulo, organizaciones de izquierda escogieron el d\u00eda para realizar movilizaciones en Francia, Espa\u00f1a, B\u00e9lgica, Portugal y Rusia. Sin embargo, no se descartan actividades en otros pa\u00edses. <\/p>\n<p>\u201cHasta la fecha ya hay confirmados conciertos en la ciudad boliviana de Cochabamba y otras concentraciones populares en Cuba, Brasil, Ecuador, Argentina, Guatemala, El Salvador, Chile, M\u00e9xico, Puerto Rico y en Trinidad y Tobago\u201d, dijo Valente. <\/p>\n<p>En varios pueblos del mundo se escuchar\u00e1 en una sola voz la exigencia al presidente Barack Obama para que derogue el decreto injerencista contra la naci\u00f3n suramericana.<\/p>\n<p>\u00abLa idea es levantar una gran ola de opini\u00f3n p\u00fablica mundial a favor de Venezuela y contra la injerencia\u00bb, se\u00f1al\u00f3 Valente. <\/p>\n<p>A esta jornada tambi\u00e9n se ha sumado el Partido Comunista de Venezuela, quien tambi\u00e9n convoc\u00f3 a agrupaciones internacionales a realizar este domingo movilizaciones en todo el mundo para que la petici\u00f3n se multiplique. <\/p>\n<p>El dirigente comunista Carlos Aquino, inform\u00f3 que entre las organizaciones que van a participar en las concentraciones se encuentran: las federaciones Sindical Mundial, de Juventudes Democr\u00e1ticas, Mundial de Mujeres, la Organizaci\u00f3n Continental y el Consejo Mundial de la Paz, entre otros. <\/p>\n<p>La jornada de solidaridad tambi\u00e9n incluir\u00e1 un tuitazo mundial para ratificar el apoyo a Venezuela. La actividad v\u00eda Twitter se expresar\u00e1 en capitales como Madrid, Par\u00eds, Bruselas, Lisboa, Mosc\u00fa, adem\u00e1s de las suramericanas.<\/p>\n<p><strong>EN CONTEXTO<\/strong> <\/p>\n<p>El grupo de trabajo del Foro de Sao Paulo se reuni\u00f3 el pasado lunes en la capital venezolana para ratificar el respaldo al presidente Nicol\u00e1s Maduro ante la orden ejecutiva de EE.UU. que la considera una \u201camenaza inusual y extraordinaria\u201d para la seguridad y pol\u00edtica exterior de su pa\u00eds. <\/p>\n<p>Unos 32 delegados de movimientos de la Izquierda mundial miembros del foro aprobaron un documento en el que ratificaron su respaldo a Venezuela ante la agresi\u00f3n imperialista. <\/p>\n<p>El Foro de Sao Paulo fue fundado por el Partido de los Trabajadores de Brasil en 1990, con el prop\u00f3sito de agrupar a los partidos de izquierda latinoamericanos y discutir temas de inter\u00e9s mundial.&nbsp;&nbsp;<\/span><\/p>\n<div style=\"clear: both;text-align: left\"><span style=\"font-family: Verdana, sans-serif\"><span style=\"color: blue\">Fuente: Telesur, Producci\u00f3n Riachuelo<\/span><br \/>&nbsp;<\/span><\/div>\n<\/div>\n","protected":false},"excerpt":{"rendered":"<p>VENEZUELA NO EST\u00c1 SOLAPueblos del mundo realizan jornada de solidaridad con Venezuela&nbsp; Movimientos y organizaciones sociales del mundo se movilizar\u00e1n para rechazar el decreto imperial que califica a Venezuela, como amenaza para EE.UU. Un grupo de varias organizaciones y movimientos sociales del mundo realizar\u00e1n este domingo una jornada de solidaridad internacional con Venezuela ante el [&hellip;]<\/p>\n","protected":false},"author":4,"featured_media":0,"comment_status":"open","ping_status":"open","sticky":false,"template":"","format":"standard","meta":{"_monsterinsights_skip_tracking":false,"_monsterinsights_sitenote_active":false,"_monsterinsights_sitenote_note":"","_monsterinsights_sitenote_category":0,"jnews-multi-image_gallery":[],"jnews_single_post":{"format":"standard"},"jnews_primary_category":[],"_joinchat":[],"footnotes":""},"categories":[58],"tags":[70,103,157,167],"class_list":["post-545","post","type-post","status-publish","format-standard","hentry","category-noticiariachuelo","tag-de-la-patria-grande","tag-movimientos-populares","tag-nadie-se-salva-solo","tag-politica-internacional"],"_links":{"self":[{"href":"http:\/\/fmriachuelo.it10.com.ar\/index.php\/wp-json\/wp\/v2\/posts\/545","targetHints":{"allow":["GET"]}}],"collection":[{"href":"http:\/\/fmriachuelo.it10.com.ar\/index.php\/wp-json\/wp\/v2\/posts"}],"about":[{"href":"http:\/\/fmriachuelo.it10.com.ar\/index.php\/wp-json\/wp\/v2\/types\/post"}],"author":[{"embeddable":true,"href":"http:\/\/fmriachuelo.it10.com.ar\/index.php\/wp-json\/wp\/v2\/users\/4"}],"replies":[{"embeddable":true,"href":"http:\/\/fmriachuelo.it10.com.ar\/index.php\/wp-json\/wp\/v2\/comments?post=545"}],"version-history":[{"count":1,"href":"http:\/\/fmriachuelo.it10.com.ar\/index.php\/wp-json\/wp\/v2\/posts\/545\/revisions"}],"predecessor-version":[{"id":23306,"href":"http:\/\/fmriachuelo.it10.com.ar\/index.php\/wp-json\/wp\/v2\/posts\/545\/revisions\/23306"}],"wp:attachment":[{"href":"http:\/\/fmriachuelo.it10.com.ar\/index.php\/wp-json\/wp\/v2\/media?parent=545"}],"wp:term":[{"taxonomy":"category","embeddable":true,"href":"http:\/\/fmriachuelo.it10.com.ar\/index.php\/wp-json\/wp\/v2\/categories?post=545"},{"taxonomy":"post_tag","embeddable":true,"href":"http:\/\/fmriachuelo.it10.com.ar\/index.php\/wp-json\/wp\/v2\/tags?post=545"}],"curies":[{"name":"wp","href":"https:\/\/api.w.org\/{rel}","templated":true}]}}