{"id":544,"date":"2015-04-19T19:45:00","date_gmt":"2015-04-19T19:45:00","guid":{"rendered":"http:\/\/fmriachuelo.observatorioess.org.ar\/index.php\/2015\/04\/19\/solidaridad-con-venezuela\/"},"modified":"2025-03-28T14:41:36","modified_gmt":"2025-03-28T17:41:36","slug":"solidaridad-con-venezuela","status":"publish","type":"post","link":"http:\/\/fmriachuelo.it10.com.ar\/index.php\/2015\/04\/19\/solidaridad-con-venezuela\/","title":{"rendered":"SOLIDARIDAD CON VENEZUELA"},"content":{"rendered":"<p><span style=\"color: red;font-family: Verdana, sans-serif;font-size: large\"><strong>Movimientos sociales de Bolivia marchan en apoyo a Venezuela<\/strong><\/span><br \/><span style=\"color: red;font-family: Verdana, sans-serif\"><strong><\/p>\n<div style=\"clear: both;text-align: center\"><a href=\"http:\/\/3.bp.blogspot.com\/-tvTW0hKSeUU\/VTQFUP0OJWI\/AAAAAAAAD4c\/SB-aFrrxc0Y\/s1600\/solidaridad_jpeg_1718483346.jpg\" style=\"clear: left;float: left;margin-bottom: 1em;margin-right: 1em\"><img loading=\"lazy\" decoding=\"async\" border=\"0\" src=\"http:\/\/3.bp.blogspot.com\/-tvTW0hKSeUU\/VTQFUP0OJWI\/AAAAAAAAD4c\/SB-aFrrxc0Y\/s1600\/solidaridad_jpeg_1718483346.jpg\" height=\"181\" width=\"320\" \/><\/a><\/div>\n<p>&nbsp;&nbsp;<\/strong><\/span><\/p>\n<div><span style=\"font-family: Verdana, sans-serif\">Bajo el lema \u201cVenezuela no es una amenaza, Venezuela es esperanza\u201d, movimientos sociales respaldar\u00e1n a la naci\u00f3n suramericana y exigir\u00e1n al gobierno de Estados Unidos la derogaci\u00f3n de la orden ejecutiva.<\/p>\n<p>Movimientos sociales de Bolivia se movilizan este domingo para respaldar la soberan\u00eda de Venezuela ante las recientes agresiones del Gobierno de Estados Unidos contra el pa\u00eds suramericano. <\/p>\n<p>La secretaria de Relaciones Internacionales del Movimiento Al Socialismo (MAS), Leonilda Zurita, manifest\u00f3 que marchar\u00e1n bajo el lema \u201cVenezuela no es amenaza, Venezuela es esperanza\u201d para rechazar la <\/span><span style=\"font-family: Verdana, sans-serif\">orden ejecutiva<\/span><span style=\"font-family: Verdana, sans-serif\"> emitida el 9 de marzo por presidente de EE.UU., Barack Obama, en la que califica a la naci\u00f3n suramericana como \u201cuna amenaza inusual y extraordinaria\u201d para la seguridad de su pa\u00eds.<br \/><a name='more'><\/a><br \/>Antes de iniciar la movilizaci\u00f3n habr\u00e1 un mitin en la plaza de Las Banderas, ubicada en Cochabamba (centro), donde se recolectar\u00e1n firmas en apoyo a la Revoluci\u00f3n Bolivariana y al presidente venezolano Nicol\u00e1s Maduro. La actividad forma parte de la campa\u00f1a \u201cObama deroga el decreto ya\u201d que busca recolectar m\u00e1s de 10  millones de firmas en rechazo a la orden ejecutiva norteamericana. Hasta ahora suman m\u00e1s de 10 millones 447 mil 651 de firmas. <\/p>\n<p>La movilizaci\u00f3n forma parte de la <\/span><span style=\"font-family: Verdana, sans-serif\">jornada de solidaridad con Venezuela <\/span><span style=\"font-family: Verdana, sans-serif\">convocada por el <\/span><span style=\"font-family: Verdana, sans-serif\">Foro de Sao Paulo <\/span><span style=\"font-family: Verdana, sans-serif\">el pasado 13 de abril. Guatemala, Cuba, El Salvador, Argentina, Chile, Brasil, Ecuador, M\u00e9xico y Puerto Rico tambi\u00e9n se sumaron a la jornada. <\/span><\/div>\n<div><span style=\"color: blue;font-family: Verdana\">Fuente: Telesur, Producci\u00f3n Riachuelo<\/span><\/div>\n","protected":false},"excerpt":{"rendered":"<p>Movimientos sociales de Bolivia marchan en apoyo a Venezuela &nbsp;&nbsp; Bajo el lema \u201cVenezuela no es una amenaza, Venezuela es esperanza\u201d, movimientos sociales respaldar\u00e1n a la naci\u00f3n suramericana y exigir\u00e1n al gobierno de Estados Unidos la derogaci\u00f3n de la orden ejecutiva. Movimientos sociales de Bolivia se movilizan este domingo para respaldar la soberan\u00eda de Venezuela [&hellip;]<\/p>\n","protected":false},"author":4,"featured_media":0,"comment_status":"open","ping_status":"open","sticky":false,"template":"","format":"standard","meta":{"_monsterinsights_skip_tracking":false,"_monsterinsights_sitenote_active":false,"_monsterinsights_sitenote_note":"","_monsterinsights_sitenote_category":0,"jnews-multi-image_gallery":[],"jnews_single_post":{"format":"standard"},"jnews_primary_category":[],"_joinchat":[],"footnotes":""},"categories":[58],"tags":[70,72,157,167],"class_list":["post-544","post","type-post","status-publish","format-standard","hentry","category-noticiariachuelo","tag-de-la-patria-grande","tag-historia-de-la-lucha-de-los-pueblos","tag-nadie-se-salva-solo","tag-politica-internacional"],"_links":{"self":[{"href":"http:\/\/fmriachuelo.it10.com.ar\/index.php\/wp-json\/wp\/v2\/posts\/544","targetHints":{"allow":["GET"]}}],"collection":[{"href":"http:\/\/fmriachuelo.it10.com.ar\/index.php\/wp-json\/wp\/v2\/posts"}],"about":[{"href":"http:\/\/fmriachuelo.it10.com.ar\/index.php\/wp-json\/wp\/v2\/types\/post"}],"author":[{"embeddable":true,"href":"http:\/\/fmriachuelo.it10.com.ar\/index.php\/wp-json\/wp\/v2\/users\/4"}],"replies":[{"embeddable":true,"href":"http:\/\/fmriachuelo.it10.com.ar\/index.php\/wp-json\/wp\/v2\/comments?post=544"}],"version-history":[{"count":1,"href":"http:\/\/fmriachuelo.it10.com.ar\/index.php\/wp-json\/wp\/v2\/posts\/544\/revisions"}],"predecessor-version":[{"id":23307,"href":"http:\/\/fmriachuelo.it10.com.ar\/index.php\/wp-json\/wp\/v2\/posts\/544\/revisions\/23307"}],"wp:attachment":[{"href":"http:\/\/fmriachuelo.it10.com.ar\/index.php\/wp-json\/wp\/v2\/media?parent=544"}],"wp:term":[{"taxonomy":"category","embeddable":true,"href":"http:\/\/fmriachuelo.it10.com.ar\/index.php\/wp-json\/wp\/v2\/categories?post=544"},{"taxonomy":"post_tag","embeddable":true,"href":"http:\/\/fmriachuelo.it10.com.ar\/index.php\/wp-json\/wp\/v2\/tags?post=544"}],"curies":[{"name":"wp","href":"https:\/\/api.w.org\/{rel}","templated":true}]}}