{"id":5414,"date":"2017-08-07T20:00:53","date_gmt":"2017-08-07T20:00:53","guid":{"rendered":"http:\/\/fmriachuelo.com.ar\/ljkjklj\/?p=5414"},"modified":"2017-08-07T20:00:53","modified_gmt":"2017-08-07T20:00:53","slug":"masiva-movilizacion-por-pan-paz-tierra-techo-y-trabajo","status":"publish","type":"post","link":"http:\/\/fmriachuelo.it10.com.ar\/index.php\/2017\/08\/07\/masiva-movilizacion-por-pan-paz-tierra-techo-y-trabajo\/","title":{"rendered":"MASIVA MOVILIZACI\u00d3N POR PAN, PAZ, TIERRA, TECHO Y TRABAJO"},"content":{"rendered":"<p>[FM Riachuelo 07\/08\/2017] En el d\u00eda de hoy se realiz\u00f3 la tercera jornada del plan de lucha que comenz\u00f3 el 20 de julio con las 1000 Ollas Populares en todo el pa\u00eds, bajo la consigna \u00abPan, Paz, Tierra, Techo y Trabajo\u00bb en el marco del d\u00eda de San Cayetano. Dio comienzo en Liniers, con una peregrinaci\u00f3n de encabezada por CTEP, Barrios de Pie y CCC y finaliz\u00f3 en Plaza de Mayo.<\/p>\n<p>A continuaci\u00f3n escucha los audios del cierre de la jornada:<\/p>\n<p>La masiva movilizaci\u00f3n convocada por CTEP, Barrios de Pie y CCC comenz\u00f3 a \u00a0las 8:30 hs y parti\u00f3 desde el barrio de Liniers, para dirigirse a Plaza de Mayo en donde se realiz\u00f3 un acto de cierre. En el mismo alzaron su voz los distintos referentes de las organizaciones convocantes, entre ellos Gringo Castro, secretario general de CTEP quien dijo \u201cnosotros venimos por nuestra propia consigna, Tierra, Techo y Trabajo. Son derechos sagrados para todo nuestro pueblo y Latinoam\u00e9rica\u201d<\/p>\n<p>Esta vez tambi\u00e9n se sumo con fuerza el Frente Popular Dar\u00edo Santill\u00e1n y organizaci\u00f3n sindicales que concentraron en Puente Pueyrredon y Once, para luego sumarse a la movilizaci\u00f3n.<\/p>\n<p>Entre los principales reclamos esta la inmediata implementaci\u00f3n de la ley de emergencia alimentaria y el poner freno al ajuste que est\u00e1 llevando adelante el Estado argentino. Todo esto en el marco del d\u00eda de San Cayetano, patrono del trabajo.<\/p>\n<p>&nbsp;<\/p>\n","protected":false},"excerpt":{"rendered":"<p>[FM Riachuelo 07\/08\/2017] En el d\u00eda de hoy se realiz\u00f3 la tercera jornada del plan de lucha que comenz\u00f3 el 20 de julio con las 1000 Ollas Populares en todo el pa\u00eds, bajo la consigna \u00abPan, Paz, Tierra, Techo y Trabajo\u00bb en el marco del d\u00eda de San Cayetano. Dio comienzo en Liniers, con una [&hellip;]<\/p>\n","protected":false},"author":4,"featured_media":5415,"comment_status":"open","ping_status":"open","sticky":false,"template":"","format":"standard","meta":{"_monsterinsights_skip_tracking":false,"_monsterinsights_sitenote_active":false,"_monsterinsights_sitenote_note":"","_monsterinsights_sitenote_category":0,"jnews-multi-image_gallery":[],"jnews_single_post":[],"jnews_primary_category":[],"_joinchat":[],"footnotes":""},"categories":[76,74,75],"tags":[],"class_list":["post-5414","post","type-post","status-publish","format-standard","has-post-thumbnail","hentry","category-salud-comunitaria","category-san-cayetano","category-trabajo"],"_links":{"self":[{"href":"http:\/\/fmriachuelo.it10.com.ar\/index.php\/wp-json\/wp\/v2\/posts\/5414","targetHints":{"allow":["GET"]}}],"collection":[{"href":"http:\/\/fmriachuelo.it10.com.ar\/index.php\/wp-json\/wp\/v2\/posts"}],"about":[{"href":"http:\/\/fmriachuelo.it10.com.ar\/index.php\/wp-json\/wp\/v2\/types\/post"}],"author":[{"embeddable":true,"href":"http:\/\/fmriachuelo.it10.com.ar\/index.php\/wp-json\/wp\/v2\/users\/4"}],"replies":[{"embeddable":true,"href":"http:\/\/fmriachuelo.it10.com.ar\/index.php\/wp-json\/wp\/v2\/comments?post=5414"}],"version-history":[{"count":0,"href":"http:\/\/fmriachuelo.it10.com.ar\/index.php\/wp-json\/wp\/v2\/posts\/5414\/revisions"}],"wp:featuredmedia":[{"embeddable":true,"href":"http:\/\/fmriachuelo.it10.com.ar\/index.php\/wp-json\/"}],"wp:attachment":[{"href":"http:\/\/fmriachuelo.it10.com.ar\/index.php\/wp-json\/wp\/v2\/media?parent=5414"}],"wp:term":[{"taxonomy":"category","embeddable":true,"href":"http:\/\/fmriachuelo.it10.com.ar\/index.php\/wp-json\/wp\/v2\/categories?post=5414"},{"taxonomy":"post_tag","embeddable":true,"href":"http:\/\/fmriachuelo.it10.com.ar\/index.php\/wp-json\/wp\/v2\/tags?post=5414"}],"curies":[{"name":"wp","href":"https:\/\/api.w.org\/{rel}","templated":true}]}}