{"id":540,"date":"2015-04-20T02:17:00","date_gmt":"2015-04-20T02:17:00","guid":{"rendered":"http:\/\/fmriachuelo.observatorioess.org.ar\/index.php\/2015\/04\/20\/violencia-contra-la-recuperacion-de-tierras-mapuches-de-leleque\/"},"modified":"2025-03-28T14:44:59","modified_gmt":"2025-03-28T17:44:59","slug":"violencia-contra-la-recuperacion-de-tierras-mapuches-de-leleque","status":"publish","type":"post","link":"http:\/\/fmriachuelo.it10.com.ar\/index.php\/2015\/04\/20\/violencia-contra-la-recuperacion-de-tierras-mapuches-de-leleque\/","title":{"rendered":"VIOLENCIA CONTRA LA RECUPERACI\u00d3N DE TIERRAS MAPUCHES DE LELEQUE"},"content":{"rendered":"<p><span style=\"color: red;font-family: Verdana, sans-serif;font-size: large\"><b>USURPACI\u00d3N: CONTRA LOS LEG\u00cdTIMOS DUE\u00d1OS<\/b><\/span><br \/><span style=\"font-size: small\"><span style=\"font-family: Verdana,sans-serif\"><b>DISPAROS CONTRA LA COMUNIDAD MAPUCHE<\/b><\/span><\/span> <\/p>\n<div style=\"clear: both;text-align: center\"><span style=\"font-size: small\"><span style=\"font-family: Verdana,sans-serif\"><a href=\"http:\/\/1.bp.blogspot.com\/-1jupr1fFT5Q\/VTRe1RciIUI\/AAAAAAAAD9Q\/BOMsxqGv5Jw\/s1600\/mapuche.jpg\" style=\"clear: left;float: left;margin-bottom: 1em;margin-right: 1em\"><img loading=\"lazy\" decoding=\"async\" border=\"0\" src=\"http:\/\/1.bp.blogspot.com\/-1jupr1fFT5Q\/VTRe1RciIUI\/AAAAAAAAD9Q\/BOMsxqGv5Jw\/s1600\/mapuche.jpg\" height=\"144\" width=\"320\" \/><\/a><\/span><\/span><\/div>\n<p><span style=\"font-size: small\"><span style=\"font-family: Verdana,sans-serif\">Ayer a la ma\u00f1ana la comunidad mapuche de Leleque, que recupero tierras apropiadas por el magnate italiano Bennetton, recibi\u00f3 disparos por personas de civil en un auto no identificado. Desde mediados de marzo la comunidad ocupa las tierras ancestrales. Un integrante expreso, \u00abAc\u00e1 hay familias con chicos y tiraron igual\u00bb.<i><b>&nbsp;<\/b><\/i><\/span><\/span><br \/><a name='more'><\/a><span style=\"font-size: small\"><span style=\"font-family: Verdana,sans-serif\"><i><b> <\/b><\/i><\/span><\/span><br \/><span style=\"font-size: small\"><span style=\"font-family: Verdana,sans-serif\">Hace un mes, un grupo mapuche, reclama la propiedad ancestral de la tierra en una zona denominada Vuelta al R\u00edo en Chubut. Ayer por la ma\u00f1ana, varios disparos alertaron a los ocupantes que vienen denunciando provocaciones de las fuerzas policiales.<\/span><\/span><span style=\"font-size: small\"><span style=\"font-family: Verdana,sans-serif\"><br \/>El ataque ocurri\u00f3 aproximadamente a las 9hs de la ma\u00f1ana del s\u00e1bado 18 de abril. Los autores no estar\u00edan identificados. Seg\u00fan testigos habr\u00edan sido personas de civil desde autos no identificados. Las primeras informaciones se conocieron a trav\u00e9s de Radio Nacional Esquel, pasadas las 10:00 de la ma\u00f1ana. All\u00ed, Vanesa Millanianco relat\u00f3 los hechos y dijo que los atacantes levantaban del piso los casquillos servidos. \u201cNo hubo heridos ni muertos de casualidad. Ac\u00e1 hay familias con chicos y tiraron igual\u00bb, dijo Millanianco a la Radio P\u00f9blica de Esquel.<\/p>\n<p>Ante la gravedad de los hechos, Radio Nacional Esquel se comunic\u00f3 con la fiscal\u00eda y con la comisar\u00eda de El Mait\u00e9n, comunidad distante a 40 kil\u00f3metros de la recuperaci\u00f3n. El Ministerio P\u00fablico Fiscal neg\u00f3 que existiera una orden de desalojo y mucho menos una orden para disparar contra las comunidades. La polic\u00eda de El Mait\u00e9n neg\u00f3 cualquier participaci\u00f3n en el hecho.<\/p>\n<p>Las tierras que adquiri\u00f3 el multimillonario empresario textil, ubicada a unos 70 km al sur de El Bols\u00f3n fueron tomadas a mediados del mes de marzo por un grupo de mapuches del Movimiento Puel Mapu de Cushamen.<\/span><\/span><br \/><span style=\"font-size: small\"><span style=\"font-family: Verdana,sans-serif\"><b>Antecedentes<\/b><\/span><\/span><br \/><span style=\"font-size: small\"><span style=\"font-family: Verdana,sans-serif\">[14\/03\/15] En el paraje Vuelta del Rio, en el noroeste de la provincia de Chubut, sobre la ruta 40, entre Cholila y Esquel, comenz\u00f3 ayer por la ma\u00f1ana una recuperaci\u00f3n de territorio ancestral Mapuche. Medios alternativos estuvieron por la tarde en el lugar y dialogaron con integrantes de la recuperaci\u00f3n.<\/span><\/span> <br \/><span style=\"font-size: small\"><span style=\"font-family: Verdana,sans-serif\"><br \/><\/span><\/span><span style=\"font-size: small\"><span style=\"font-family: Verdana,sans-serif\">Cuentan que durante las primeras horas de la ma\u00f1ana un grupo hombres, mujeres y ni\u00f1os  de distintas comunidades mapuches de la zona<b> decidieron cruzar el alambre y declarar la recuperaci\u00f3n de las tierras que alambr\u00f3  Luciano Benetton.<\/b>  Relatan que, a poco de llegar, cuando se preparaban para acondicionar un lugar para estar, hubo un<b> intento  de desalojo<\/b> por parte de la polic\u00eda efectuando algunos disparos.<br class=\"autobr\" \/> Se encuentran <b>resistiendo dentro del campo<\/b> y reclaman la presencia de alg\u00fan responsable pol\u00edtico que se haga cargo de establecer un di\u00e1logo y poder  llegar a un acuerdo en la restituci\u00f3n de la tierra.<\/span><\/span><br \/><span style=\"font-size: small\"><span style=\"font-family: Verdana,sans-serif\">Tambi\u00e9n denuncian el <b>desplazamiento hist\u00f3rico de las comunidades mapuches<\/b> a zonas  \u00e1ridas y de muy mala pastura para los animales y as\u00ed lograr que las comunidades <b>se desarmen y migren a los centros urbanos<\/b>, donde se pierde la identidad mapuche.<\/span><\/span><br \/><span style=\"font-size: small\"><span style=\"font-family: Verdana,sans-serif\">Compartimos el<b> comunicado de la agrupaci\u00f3n:<\/b><\/span><\/span><br \/><span style=\"font-size: small\"><span style=\"font-family: Verdana,sans-serif\"><br \/><\/span><\/span><span style=\"font-size: small\"><span style=\"font-family: Verdana,sans-serif\">Curamapu \u2013 Puelwillimapu Meu<\/span><\/span><br \/><span style=\"font-size: small\"><span style=\"font-family: Verdana,sans-serif\"><b>Declaraci\u00f3n p\u00fablica<\/b><\/span><\/span><br \/><span style=\"font-size: small\"><span style=\"font-family: Verdana,sans-serif\">A la opini\u00f3n p\u00fablica en general y a nuestra Naci\u00f3n Mapuche en particular, las lof en resistencia del Dpto Cushamen y el M.A.P. declaramos lo siguiente:<\/span><\/span><br \/><span style=\"font-size: small\"><span style=\"font-family: Verdana,sans-serif\">Ante la situaci\u00f3n de pobreza de nuestras comunidades, la falta de agua, la desertificaci\u00f3n prolongada en las \u00faltimas d\u00e9cadas, el acorralamiento forzado hacia tierras improductivas (piedreros y arenales) y el despojo que se viene realizando desde la mal llamada \u201cconquista del desierto\u201d, hasta la actualidad, por parte del estado, los grandes terratenientes, sumado a esto, la inmensa cantidad de Pe\u00f1i-Lamuen, Rei\u00f1ma (familias) sin tierra donde `poder siquiera \u201csubsistir\u201d dignamente y desarrollarnos como nuestro Az Mapu nos demanda, entendemos que:<\/span><\/span><br \/><span style=\"font-size: small\"><span style=\"font-family: Verdana,sans-serif\">Es de vital importancia el territorio para nuestra existencia como Pueblo, ya que el Mapuche sin territorio, no puede ser de manera \u00edntegra, sobre todo en el contexto actual, donde, grandes terratenientes winkas concentran la mayor parte de nuestro territorio ancestral (territorio que en su gran mayor\u00eda fue dado como \u201cmoneda de cambio\u201d para pagar los cr\u00e9ditos que financiaron la genocida campa\u00f1a militar de la \u201cconquista del desierto\u201d).<\/span><\/span><br \/><span style=\"font-size: small\"><span style=\"font-family: Verdana,sans-serif\">Mientras que nosotros, Mapuches, seguimos siendo una inmensa mayor\u00eda sin tierra, con la \u00fanica alternativa de ser peones, empleadas dom\u00e9sticas y obreros, es decir, mano de obra barata y explotada, por la oligarqu\u00eda criolla y el empresariado trasnacional.<\/span><\/span><br \/><span style=\"font-size: small\"><span style=\"font-family: Verdana,sans-serif\">Por todo lo expuesto, es que las lof en resistencia, queremos comunicar que, iniciamos un nuevo proceso de Recuperaci\u00f3n Territorial Productiva a la multinacional Benetton, en el sector Leleque-Ranguilhuao-Vuelta del Rio, entendiendo esta como la \u00fanica forma de dar soluci\u00f3n concreta a nuestras necesidades insatisfechas, como aporte real al proceso de Reconstrucci\u00f3n Pol\u00edtico-Filos\u00f3fico de la Naci\u00f3n Mapuche en el PuelWilliMapu.<\/span><\/span><br \/><span style=\"font-size: small\"><span style=\"font-family: Verdana,sans-serif\">Este proceso tambi\u00e9n obedece a nuestra lectura, sobre la l\u00f3gica expansiva del modelo extractivista capitalista que, con mineras y petroleras, pretenden destruir lo poco que nos queda y donde la \u00fanica manera de frenar el \u201casesinato planificado\u201d desde el poder econ\u00f3mico y del estado (ecocidio y etnocidio), es mediante el control territorial efectivo de nuestras comunidades movilizadas, validando todas las formas de lucha hasta lograr todo el Territorio Ancestral Libre y Recuperado para todo nuestro pueblo\u2026<\/span><\/span><br \/><span style=\"font-size: small\"><span style=\"font-family: Verdana,sans-serif\">FUERA BENETTON, MINERAS, PETROLERAS E HIDROELECTRICAS DEL WALLMAPU!!<\/span><\/span><br \/><span style=\"font-size: small\"><span style=\"font-family: Verdana,sans-serif\">WEFTUI PU WEICHAFE INKATUIN TAI\u00d1 MAPU<\/span><\/span><br \/><span style=\"font-size: small\"><span style=\"font-family: Verdana,sans-serif\">PU LOF EN RESISTENCIA DEL DEPARTAMENTO CUSHAMEN<\/span><\/span><br \/><span style=\"font-size: small\"><span style=\"font-family: Verdana,sans-serif\">M.A.P. (MOVIMIENTO MAPUCHE AUTONOMO DEL PUEL MAPU)<\/span><\/span><br \/><span style=\"color: #0b5394\"><span style=\"font-size: x-small\"><b><span style=\"font-family: Verdana,sans-serif\">FUENTE: ANRED\/PRODUCCIONES RIACHUELO<\/span><\/b><\/span><\/span><\/p>\n","protected":false},"excerpt":{"rendered":"<p>USURPACI\u00d3N: CONTRA LOS LEG\u00cdTIMOS DUE\u00d1OSDISPAROS CONTRA LA COMUNIDAD MAPUCHE Ayer a la ma\u00f1ana la comunidad mapuche de Leleque, que recupero tierras apropiadas por el magnate italiano Bennetton, recibi\u00f3 disparos por personas de civil en un auto no identificado. Desde mediados de marzo la comunidad ocupa las tierras ancestrales. Un integrante expreso, \u00abAc\u00e1 hay familias con [&hellip;]<\/p>\n","protected":false},"author":4,"featured_media":0,"comment_status":"open","ping_status":"open","sticky":false,"template":"","format":"standard","meta":{"_monsterinsights_skip_tracking":false,"_monsterinsights_sitenote_active":false,"_monsterinsights_sitenote_note":"","_monsterinsights_sitenote_category":0,"jnews-multi-image_gallery":[],"jnews_single_post":{"format":"standard"},"jnews_primary_category":[],"_joinchat":[],"footnotes":""},"categories":[58],"tags":[174,71],"class_list":["post-540","post","type-post","status-publish","format-standard","hentry","category-noticiariachuelo","tag-cultura-originaria","tag-de-la-tierra"],"_links":{"self":[{"href":"http:\/\/fmriachuelo.it10.com.ar\/index.php\/wp-json\/wp\/v2\/posts\/540","targetHints":{"allow":["GET"]}}],"collection":[{"href":"http:\/\/fmriachuelo.it10.com.ar\/index.php\/wp-json\/wp\/v2\/posts"}],"about":[{"href":"http:\/\/fmriachuelo.it10.com.ar\/index.php\/wp-json\/wp\/v2\/types\/post"}],"author":[{"embeddable":true,"href":"http:\/\/fmriachuelo.it10.com.ar\/index.php\/wp-json\/wp\/v2\/users\/4"}],"replies":[{"embeddable":true,"href":"http:\/\/fmriachuelo.it10.com.ar\/index.php\/wp-json\/wp\/v2\/comments?post=540"}],"version-history":[{"count":1,"href":"http:\/\/fmriachuelo.it10.com.ar\/index.php\/wp-json\/wp\/v2\/posts\/540\/revisions"}],"predecessor-version":[{"id":23312,"href":"http:\/\/fmriachuelo.it10.com.ar\/index.php\/wp-json\/wp\/v2\/posts\/540\/revisions\/23312"}],"wp:attachment":[{"href":"http:\/\/fmriachuelo.it10.com.ar\/index.php\/wp-json\/wp\/v2\/media?parent=540"}],"wp:term":[{"taxonomy":"category","embeddable":true,"href":"http:\/\/fmriachuelo.it10.com.ar\/index.php\/wp-json\/wp\/v2\/categories?post=540"},{"taxonomy":"post_tag","embeddable":true,"href":"http:\/\/fmriachuelo.it10.com.ar\/index.php\/wp-json\/wp\/v2\/tags?post=540"}],"curies":[{"name":"wp","href":"https:\/\/api.w.org\/{rel}","templated":true}]}}