{"id":539,"date":"2015-04-20T08:26:00","date_gmt":"2015-04-20T08:26:00","guid":{"rendered":"http:\/\/fmriachuelo.observatorioess.org.ar\/index.php\/2015\/04\/20\/se-cumplieron-tres-anos-del-asesinato-de-diego-nunez\/"},"modified":"2025-03-28T14:46:01","modified_gmt":"2025-03-28T17:46:01","slug":"se-cumplieron-tres-anos-del-asesinato-de-diego-nunez","status":"publish","type":"post","link":"http:\/\/fmriachuelo.it10.com.ar\/index.php\/2015\/04\/20\/se-cumplieron-tres-anos-del-asesinato-de-diego-nunez\/","title":{"rendered":"SE CUMPLIERON TRES A\u00d1OS DEL ASESINATO DE DIEGO NU\u00d1EZ"},"content":{"rendered":"<div style=\"margin: 0.1pt 0cm;text-align: left\"><a href=\"http:\/\/3.bp.blogspot.com\/-4eaLGSv3Kkw\/VTS30zXJoUI\/AAAAAAAAD9g\/aoUAQjFgdfo\/s1600\/IMG-20150419-WA0005.jpg\" style=\"clear: left;float: left;margin-bottom: 1em;margin-right: 1em\"><img loading=\"lazy\" decoding=\"async\" border=\"0\" src=\"http:\/\/3.bp.blogspot.com\/-4eaLGSv3Kkw\/VTS30zXJoUI\/AAAAAAAAD9g\/aoUAQjFgdfo\/s1600\/IMG-20150419-WA0005.jpg\" height=\"320\" width=\"240\" \/><\/a><span style=\"font-family: Verdana,sans-serif;font-size: small\"><b><span style=\"font-family: verdana,sans-serif\"><b>PERSISTE Y CRECE LA ELIMINACI\u00d3N DE LOS PIBES POBRES<\/b><\/span><\/b><\/span><br \/><span style=\"font-size: small\"><span style=\"font-family: Verdana,sans-serif\"><b><span style=\"font-family: verdana,sans-serif\"><span style=\"font-size: x-small\"><b><span style=\"color: red\"><span style=\"font-size: x-large\">SIN ELECCI\u00d3N<\/span><\/span><\/b><\/span><\/span> <\/b><\/span><\/span><\/div>\n<p><span style=\"font-size: small\"><span style=\"font-family: Verdana,sans-serif\"><b>[FMR Lunes 20\/4\/15] Vecinos y organizaciones sociales del barrio de La Boca se convocaron ayer en la esquina Brown y Brandsen. Se realiz\u00f3 un festival para exigir justicia por el asesinato de Diego N\u00fa\u00f1ez ejecutado por un miembro de la Polic\u00eda Federal <\/b><b>hace 3 a\u00f1os<\/b><b>.<\/b><\/span><\/span> <\/p>\n<div style=\"margin: 0.1pt 0cm;text-align: left\"><span style=\"font-size: small\"><span style=\"font-family: Verdana,sans-serif\"><b><span style=\"font-weight: normal\">Soleada tarde de domingo. Todos los medios se encuentran abocados a resultados y pron\u00f3sticos del proceso electoral que ya est\u00e1 en marcha. <\/span><\/b><b>Mientras tanto, en los barrios m\u00e1s populares del pa\u00eds la matriz de desigualdad resiste todo los procesos de transformaci\u00f3n de nuestro continente.<\/b><b><span style=\"font-weight: normal\"> Aqu\u00ed no quedan dudas: los que sobran, los pibes pobres, con la transa de paco como \u00fanico destino, son exterminados por lo que la casta pol\u00edtica define, para que nada cambie, como violencia institucional.<\/span><\/b><\/span><\/span><\/div>\n<div style=\"margin: 0.1pt 0cm;text-align: left\"><span style=\"font-size: small\"><span style=\"font-family: Verdana,sans-serif\"><br \/><\/span><\/span><\/div>\n<div style=\"margin: 0.1pt 0cm;text-align: left\"><span style=\"font-size: small\"><span style=\"font-family: Verdana,sans-serif\"><span style=\"color: red\"><b>FM Riachuelo<\/b><\/span> recogi\u00f3 testimonios y los comparte.<\/span><\/span><\/div>\n<div style=\"margin: 0.1pt 0cm;text-align: left\"><span style=\"font-size: small\"><span style=\"font-family: Verdana,sans-serif\"><br \/><b><\/b><\/span><\/span><\/div>\n<div style=\"text-align: left\"><span style=\"font-size: small\"><span style=\"font-family: Verdana,sans-serif\"><span style=\"color: #0b5394\"><a href=\"http:\/\/www.mediafire.com\/listen\/u1i1ai11d1s5qqz\/PRESENTACIO%CC%80N_FESTIVAL_POR_DIEGO_NUN%CC%83EZ_-_copia.mp3\" target=\"_blank\" rel=\"noopener\"><b>PRESENTACI\u00d3N DE FESTIVAL<\/b><\/a><\/span><\/span><\/span><br \/><span style=\"font-size: small\"><span style=\"font-family: Verdana,sans-serif\"><span style=\"color: #0b5394\"><b><a href=\"http:\/\/www.mediafire.com\/listen\/tgt5zprbaxua987\/OMAR_NUN%CC%83EZ_PAPA%CC%81__DE_DIEGO_2.mp3\" target=\"_blank\" rel=\"noopener\">OMAR PADRE DE DIEGO NU\u00d1EZ<\/a><\/b><\/span><\/span><\/span><\/div>\n<div style=\"text-align: left\"><span style=\"font-size: small\"><span style=\"font-family: Verdana,sans-serif\"><span style=\"color: #0b5394\"><a href=\"http:\/\/www.mediafire.com\/listen\/tgt5zprbaxua987\/OMAR_NUN%CC%83EZ_PAPA%CC%81__DE_DIEGO_2.mp3\" target=\"_blank\" rel=\"noopener\"><b>OMAR PADRE DE DIEGO NU\u00d1EZ 2<\/b><\/a><br \/><a href=\"http:\/\/www.mediafire.com\/listen\/2gkps2enbjuy941\/MAMA%CC%81_KIKI_LEZCANO_-_EL_SISTEMA%CC%81TICO_ASESINATO_DE_LOS_PIBES_POR_LA_POLICI%CC%81A.mp3\" target=\"_blank\" rel=\"noopener\"><b>MAM\u00c1 DE KIKI LEZCANO<\/b><\/a><\/span><\/span><\/span><\/div>\n<div style=\"text-align: left\"><span style=\"font-size: small\"><span style=\"font-family: Verdana,sans-serif\"><span style=\"color: #0b5394\"><a href=\"http:\/\/www.mediafire.com\/listen\/181loen7mrdpvt7\/HERMANO_DE_DANILO,_MATI%CC%81AS_Y_CLAUDIO_CON_CAUSA_ARMADA_EN_AVELLANEDA.mp3\" target=\"_blank\" rel=\"noopener\"><b>HERMANO DE MAT\u00cdAS, DANILO Y CLAUDIO<\/b><\/a><\/span><\/span><\/span><\/div>\n<div style=\"text-align: left\"><span style=\"font-size: small\"><span style=\"font-family: Verdana,sans-serif\"><span style=\"color: #0b5394\"><a href=\"http:\/\/www.mediafire.com\/listen\/bmndz4js78pl7ur\/OTRA_MAMA%CC%81_-_SU_HIJO_ESTA%CC%81_PRESO_HACE_DOS_AN%CC%83OS_POR_UN_CRIMEN_QUE_NO_COMETIO%CC%81.mp3\" target=\"_blank\" rel=\"noopener\"><b>MAM\u00c1 DE JOS\u00c9 LUIS ORELLANA<\/b><\/a><\/span><\/span><\/span><\/div>\n<div style=\"margin: 0.1pt 0cm;text-align: left\"><a name='more'><\/a><\/div>\n<div style=\"margin: 0.1pt 0cm;text-align: left\"><span style=\"font-size: small\"><span style=\"font-family: Verdana,sans-serif\"><b><span style=\"font-weight: normal\">En la tarde de ayer lo que inicialmente era un tenue deambular de vecinos que romp\u00edan la hora de la siesta, se fue transformando en una multitud compuesta de organizaciones sociales del barrio de La Boca, asociaciones de padres que luchan en contra del gatillo f\u00e1cil y vecinos y amigos del pibe asesinado por el agente de la Federal.<\/span><\/b><\/span><\/span><\/div>\n<div style=\"margin: 0.1pt 0cm;text-align: left\"><a href=\"http:\/\/2.bp.blogspot.com\/-mQOav5GwhuE\/VTS353ySthI\/AAAAAAAAD9o\/pCoeGHQtPyI\/s1600\/IMG-20150419-WA0003.jpg\" style=\"clear: left;float: left;margin-bottom: 1em;margin-right: 1em\"><img loading=\"lazy\" decoding=\"async\" border=\"0\" src=\"http:\/\/2.bp.blogspot.com\/-mQOav5GwhuE\/VTS353ySthI\/AAAAAAAAD9o\/pCoeGHQtPyI\/s1600\/IMG-20150419-WA0003.jpg\" height=\"180\" width=\"320\" \/><\/a><span style=\"font-size: small\"><span style=\"font-family: Verdana,sans-serif\"><b>Diego Nu\u00f1ez fue fusilado por un polic\u00eda<\/b><b><span style=\"font-weight: normal\"> en la entrada de un edificio de Caballito el 19 de abril de 2012. Le peg\u00f3 cinco tiros. Luego gracias a la habitual complicidad de la fuerza intentaron fraguar un enfrentamiento. Su familia no se detuvo y sigue exigiendo justicia. Incluso a pesar de la persecuci\u00f3n recibida: <\/span><\/b><b>al hermano de Diego, Francisco le armaron una causa por la que estuvo detenido m\u00e1s de un a\u00f1o sometido a torturas f\u00edsicas y psicol\u00f3gicas para callarlos.<\/b><\/span><\/span><\/div>\n<div style=\"margin: 0.1pt 0cm;text-align: left\"><\/div>\n<div style=\"margin: 0.1pt 0cm;text-align: left\"><span style=\"font-size: small\"><span style=\"font-family: Verdana,sans-serif\"><b><span style=\"font-weight: normal\">Entre otros familiares de v\u00edctimas de gatillo f\u00e1cil estuvieron presentes <\/span><\/b><b>Mar\u00eda Polman mam\u00e1 de Jos\u00e9 Luis Orellana<\/b><b><span style=\"font-weight: normal\"> preso desde hace 2 a\u00f1os por una causa armada y <\/span><\/b><b>Ang\u00e9lica Urquiza mam\u00e1 de Kiki Lezcano asesinado en Villa 20, Lugano, el 8 de julio de 2009.<\/b><\/span><\/span><br \/><span style=\"font-size: x-small\"><span style=\"color: #0b5394\"><span style=\"font-family: Verdana,sans-serif\"><b>PRODUCCIONES RIACHUELO&nbsp;<\/b> <\/span><\/span><\/span><\/div>\n","protected":false},"excerpt":{"rendered":"<p>PERSISTE Y CRECE LA ELIMINACI\u00d3N DE LOS PIBES POBRESSIN ELECCI\u00d3N [FMR Lunes 20\/4\/15] Vecinos y organizaciones sociales del barrio de La Boca se convocaron ayer en la esquina Brown y Brandsen. Se realiz\u00f3 un festival para exigir justicia por el asesinato de Diego N\u00fa\u00f1ez ejecutado por un miembro de la Polic\u00eda Federal hace 3 a\u00f1os. [&hellip;]<\/p>\n","protected":false},"author":4,"featured_media":0,"comment_status":"open","ping_status":"open","sticky":false,"template":"","format":"standard","meta":{"_monsterinsights_skip_tracking":false,"_monsterinsights_sitenote_active":false,"_monsterinsights_sitenote_note":"","_monsterinsights_sitenote_category":0,"jnews-multi-image_gallery":[],"jnews_single_post":{"format":"standard"},"jnews_primary_category":[],"_joinchat":[],"footnotes":""},"categories":[58],"tags":[119,89],"class_list":["post-539","post","type-post","status-publish","format-standard","hentry","category-noticiariachuelo","tag-derechos-humanos","tag-violencia-institucional"],"_links":{"self":[{"href":"http:\/\/fmriachuelo.it10.com.ar\/index.php\/wp-json\/wp\/v2\/posts\/539","targetHints":{"allow":["GET"]}}],"collection":[{"href":"http:\/\/fmriachuelo.it10.com.ar\/index.php\/wp-json\/wp\/v2\/posts"}],"about":[{"href":"http:\/\/fmriachuelo.it10.com.ar\/index.php\/wp-json\/wp\/v2\/types\/post"}],"author":[{"embeddable":true,"href":"http:\/\/fmriachuelo.it10.com.ar\/index.php\/wp-json\/wp\/v2\/users\/4"}],"replies":[{"embeddable":true,"href":"http:\/\/fmriachuelo.it10.com.ar\/index.php\/wp-json\/wp\/v2\/comments?post=539"}],"version-history":[{"count":1,"href":"http:\/\/fmriachuelo.it10.com.ar\/index.php\/wp-json\/wp\/v2\/posts\/539\/revisions"}],"predecessor-version":[{"id":23313,"href":"http:\/\/fmriachuelo.it10.com.ar\/index.php\/wp-json\/wp\/v2\/posts\/539\/revisions\/23313"}],"wp:attachment":[{"href":"http:\/\/fmriachuelo.it10.com.ar\/index.php\/wp-json\/wp\/v2\/media?parent=539"}],"wp:term":[{"taxonomy":"category","embeddable":true,"href":"http:\/\/fmriachuelo.it10.com.ar\/index.php\/wp-json\/wp\/v2\/categories?post=539"},{"taxonomy":"post_tag","embeddable":true,"href":"http:\/\/fmriachuelo.it10.com.ar\/index.php\/wp-json\/wp\/v2\/tags?post=539"}],"curies":[{"name":"wp","href":"https:\/\/api.w.org\/{rel}","templated":true}]}}