{"id":537,"date":"2015-04-20T18:59:00","date_gmt":"2015-04-20T18:59:00","guid":{"rendered":"http:\/\/fmriachuelo.observatorioess.org.ar\/index.php\/2015\/04\/20\/detienen-a-abogado-y-ex-preso-politico-vasco\/"},"modified":"2025-03-28T14:47:51","modified_gmt":"2025-03-28T17:47:51","slug":"detienen-a-abogado-y-ex-preso-politico-vasco","status":"publish","type":"post","link":"http:\/\/fmriachuelo.it10.com.ar\/index.php\/2015\/04\/20\/detienen-a-abogado-y-ex-preso-politico-vasco\/","title":{"rendered":"DETIENEN A ABOGADO Y EX PRESO POL\u00cdTICO VASCO"},"content":{"rendered":"<p><a href=\"http:\/\/4.bp.blogspot.com\/-DEPvfent4Uw\/VTVHxy9vrSI\/AAAAAAAAD-g\/8fAxJzV0-x0\/s1600\/i%C3%B1igo.jpg\" style=\"clear: left;float: left;margin-bottom: 1em;margin-right: 1em\"><span style=\"font-family: Verdana, sans-serif\"><\/span><\/a><br \/><span style=\"font-family: Verdana, sans-serif\"><span style=\"color: red;font-size: large\"><b>INJUSTIFICADA DETENCI\u00d3N<\/b><\/span>DETIENEN EN EL AEROPUERTO BONAERENSE DE EZEIZA<\/span><br \/><span style=\"font-family: Verdana, sans-serif\">A ABOGADO Y EX PRESO POL\u00cdTICO VASCO<\/span><\/p>\n<div><a href=\"https:\/\/images-blogger-opensocial.googleusercontent.com\/gadgets\/proxy?url=http%3A%2F%2F4.bp.blogspot.com%2F-DEPvfent4Uw%2FVTVHxy9vrSI%2FAAAAAAAAD-g%2F8fAxJzV0-x0%2Fs1600%2Fi%25C3%25B1igo.jpg&amp;container=blogger&amp;gadget=a&amp;rewriteMime=image%2F*\" style=\"clear: left;float: left;margin-bottom: 1em;margin-right: 1em\"><img decoding=\"async\" border=\"0\" src=\"https:\/\/images-blogger-opensocial.googleusercontent.com\/gadgets\/proxy?url=http%3A%2F%2F4.bp.blogspot.com%2F-DEPvfent4Uw%2FVTVHxy9vrSI%2FAAAAAAAAD-g%2F8fAxJzV0-x0%2Fs1600%2Fi%25C3%25B1igo.jpg&amp;container=blogger&amp;gadget=a&amp;rewriteMime=image%2F*\" \/><\/a><span style=\"font-family: Verdana, sans-serif\">[RESUMEN LATINOAMERICANO, 20 de abril 2015] Se trata de I\u00f1igo Elkoro, quien lleg\u00f3 esta ma\u00f1ana a Argentina procedente de Amsterdam, y se halla detenido en el mismo Aeropuerto de Ezeiza.<br \/> Elkoro es un conocido abogado vasco, defensor de militantes de la izquierda independentista, y \u00e9l mismo pas\u00f3 por la c\u00e1rcel debido a la campa\u00f1a criminalizadora que constantemente lleva adelante el gobierno fascista espa\u00f1ol.<br \/> Al parecer, no hay ning\u00fan tipo de causa para que Elkoro deba ser detenido en Buenos Aires ya que varias veces ha entrado y salido de distintos pa\u00edses europeos (ahora ven\u00eda desde Holanda) en un viaje de caracter\u00edsticas personales.<\/span><br \/><a name='more'><\/a><span style=\"font-family: Verdana, sans-serif\">Apenas se supo de su detenci\u00f3n, la Gremial de Abogados comenz\u00f3 a moverse para ver cu\u00e1les son las causas por la que se impide que un ciudadano vasco no pueda ingresar al pa\u00eds. Consultado por Resumen Latinoamericano, el abogado Eduardo Soares, se\u00f1al\u00f3 que \u201cya est\u00e1 sobre el tema y que la Gremial har\u00e1 lo posible para que Elkoro no sea expulsado del pa\u00eds\u201d, algo que en el caso de los militantes vascos siempre engendra el peligro de que la expulsi\u00f3n al pa\u00eds de donde provino (en este caso Holanda) no se convierta en una extradici\u00f3n encubierta al pa\u00eds de origen. Soares se\u00f1al\u00f3 tambi\u00e9n que la Gremial de Abogados se encuentra en estado de alerta y dispuesta a defender en todas las instancias \u201cal compa\u00f1ero y colega I\u00f1igo Elkoro\u201d<br \/> Por otra parte, la organizaci\u00f3n solidaria Amig@s del Pueblo Vasco, Cap\u00edtulo Argentina (EHL), tambi\u00e9n denuncia \u201ceste atropello contra un ciudadano y luchador por los derechos humanos del Pueblo Vasco. I\u00f1igo Elkoro debe ser dejado en libertad de manera inmediata ya que es un ciudadano vasco que viaja con documento legal y en regla como para que las autoridades argentinas se sometan a la presi\u00f3n insidiosa del gobierno fascista espa\u00f1ol\u201d.<br \/> La organizaci\u00f3n exige que \u201cel compa\u00f1ero Elkoro pueda ingresar a Argentina y moverse libremente, ya que este pueblo siempre se ha caracterizado por la solidaridad con el pueblo vasco\u201d. Los militantes de EHL tambi\u00e9n se\u00f1alaron que est\u00e1n dispuestos a movilizarse para que Elkoro no sea expulsado del pa\u00eds.<\/span><\/p>\n<div>\n<div style=\"height: 467px\">\n<div style=\"min-height: 37px\">\n<div>\n<div role=\"main\">\n<div><span style=\"font-family: Verdana,sans-serif\"><span style=\"color: #0b5394\"><b><span style=\"font-size: x-small\">FUENTE: RESUMEN LATINOAMERICANO\/PRODUCCIONES RIACHUELO<\/span><\/b><\/span><\/span><\/div>\n<\/div>\n<\/div>\n<\/div>\n<\/div>\n<\/div>\n<\/div>\n","protected":false},"excerpt":{"rendered":"<p>INJUSTIFICADA DETENCI\u00d3NDETIENEN EN EL AEROPUERTO BONAERENSE DE EZEIZAA ABOGADO Y EX PRESO POL\u00cdTICO VASCO [RESUMEN LATINOAMERICANO, 20 de abril 2015] Se trata de I\u00f1igo Elkoro, quien lleg\u00f3 esta ma\u00f1ana a Argentina procedente de Amsterdam, y se halla detenido en el mismo Aeropuerto de Ezeiza. Elkoro es un conocido abogado vasco, defensor de militantes de la [&hellip;]<\/p>\n","protected":false},"author":4,"featured_media":0,"comment_status":"open","ping_status":"open","sticky":false,"template":"","format":"standard","meta":{"_monsterinsights_skip_tracking":false,"_monsterinsights_sitenote_active":false,"_monsterinsights_sitenote_note":"","_monsterinsights_sitenote_category":0,"jnews-multi-image_gallery":[],"jnews_single_post":{"format":"standard"},"jnews_primary_category":[],"_joinchat":[],"footnotes":""},"categories":[58],"tags":[122],"class_list":["post-537","post","type-post","status-publish","format-standard","hentry","category-noticiariachuelo","tag-derecho-a-la-protesta-social"],"_links":{"self":[{"href":"http:\/\/fmriachuelo.it10.com.ar\/index.php\/wp-json\/wp\/v2\/posts\/537","targetHints":{"allow":["GET"]}}],"collection":[{"href":"http:\/\/fmriachuelo.it10.com.ar\/index.php\/wp-json\/wp\/v2\/posts"}],"about":[{"href":"http:\/\/fmriachuelo.it10.com.ar\/index.php\/wp-json\/wp\/v2\/types\/post"}],"author":[{"embeddable":true,"href":"http:\/\/fmriachuelo.it10.com.ar\/index.php\/wp-json\/wp\/v2\/users\/4"}],"replies":[{"embeddable":true,"href":"http:\/\/fmriachuelo.it10.com.ar\/index.php\/wp-json\/wp\/v2\/comments?post=537"}],"version-history":[{"count":1,"href":"http:\/\/fmriachuelo.it10.com.ar\/index.php\/wp-json\/wp\/v2\/posts\/537\/revisions"}],"predecessor-version":[{"id":23315,"href":"http:\/\/fmriachuelo.it10.com.ar\/index.php\/wp-json\/wp\/v2\/posts\/537\/revisions\/23315"}],"wp:attachment":[{"href":"http:\/\/fmriachuelo.it10.com.ar\/index.php\/wp-json\/wp\/v2\/media?parent=537"}],"wp:term":[{"taxonomy":"category","embeddable":true,"href":"http:\/\/fmriachuelo.it10.com.ar\/index.php\/wp-json\/wp\/v2\/categories?post=537"},{"taxonomy":"post_tag","embeddable":true,"href":"http:\/\/fmriachuelo.it10.com.ar\/index.php\/wp-json\/wp\/v2\/tags?post=537"}],"curies":[{"name":"wp","href":"https:\/\/api.w.org\/{rel}","templated":true}]}}