{"id":534,"date":"2015-04-21T13:34:00","date_gmt":"2015-04-21T13:34:00","guid":{"rendered":"http:\/\/fmriachuelo.observatorioess.org.ar\/index.php\/2015\/04\/21\/los-trabajadores-de-la-cooperativa-la-robla-resisten-el-desalojo\/"},"modified":"2025-03-28T14:53:09","modified_gmt":"2025-03-28T17:53:09","slug":"los-trabajadores-de-la-cooperativa-la-robla-resisten-el-desalojo","status":"publish","type":"post","link":"http:\/\/fmriachuelo.it10.com.ar\/index.php\/2015\/04\/21\/los-trabajadores-de-la-cooperativa-la-robla-resisten-el-desalojo\/","title":{"rendered":"LOS TRABAJADORES DE LA COOPERATIVA \u00abLA ROBLA\u00bb RESISTEN EL DESALOJO"},"content":{"rendered":"<p><span style=\"color: red;font-family: Verdana, sans-serif;font-size: large\"><b>EN DEFENSA DEL TRABAJO:<br \/>\u00abLA ROBLA NO SE VA\u00bb<\/b><\/span><\/p>\n<div style=\"clear: both;text-align: center\"><a href=\"http:\/\/4.bp.blogspot.com\/-tyJO93E-FPY\/VTZQb23Mw2I\/AAAAAAAAD_c\/MkJy8NhWgKE\/s1600\/ROBLA.jpg\" style=\"clear: left;float: left;margin-bottom: 1em;margin-right: 1em\"><span style=\"font-family: Verdana, sans-serif\"><img loading=\"lazy\" decoding=\"async\" border=\"0\" src=\"http:\/\/4.bp.blogspot.com\/-tyJO93E-FPY\/VTZQb23Mw2I\/AAAAAAAAD_c\/MkJy8NhWgKE\/s1600\/ROBLA.jpg\" height=\"212\" width=\"320\" \/><\/span><\/a><\/div>\n<p><span style=\"font-family: Verdana, sans-serif\">El pasado s\u00e1bado se realiz\u00f3 un Festival Art\u00edstico organizado por los trabajadores de la Cooperativa \u201cLa Robla\u201d y la Confederaci\u00f3n de Trabajadores de la Econom\u00eda Popular para repudiar el desalojo del inmueble que actualmente ocupan, y garantizar la continuidad de los 21 puestos de trabajo. <\/p>\n<p>La jornada comenz\u00f3 cerca del mediod\u00eda y, adem\u00e1s de artistas, se hicieron presentes los artesanos y vendedores de la \u201cMesa del Sur\u201d, as\u00ed como los trabajadores cooperativistas de \u201cConsumo Popular\u201d, quienes sostienen varias ferias en distintos barrios comercializando productos de calidad y a bajo costo. <br \/> <\/span><br \/><a name='more'><\/a><span style=\"font-family: Verdana, sans-serif\">\u201cLa Robla no se va, La Robla no se va!!, estamos juntos y vamos a seguir luchando por nuestro trabajo. gracias a todos los que nos apoyaron en esta jornada: a los artistas, a los artesanos, a todos los que vinieron, estamos muy agradecidos y emocionados\u201d, dijo Roxana en el cierre de la actividad, que tambi\u00e9n cont\u00f3 con la presencia de referentes de la rama de \u201cEmpresas y f\u00e1bricas recuperadas de la CTEP\u201d. <\/p>\n<p>Los trabajadores llegaron a esta situaci\u00f3n luego de ser estafados por los empresarios Alex Gordon y Chevalier, -quienes tambi\u00e9n est\u00e1n acusados de haber intentado vaciar la cadena de comidas r\u00e1pidas Nac &amp; Pop- , actuando con una operatorio que consiste en dejar grandes deudas tanto a la propietaria del local, como a los trabajadores y retirarse de la actividad, luego de usufructuarla por alg\u00fan tiempo. <\/p>\n<p>\u201cHace 20 a\u00f1os que trabajo en La Robla, de ac\u00e1 no me saca nadie\u201d, expres\u00f3 para la multitud otro de los trabajadores, tambi\u00e9n muy emocionado, y quien durante la tarde, junto con sus compa\u00f1eros, estuvo vendiendo mariscos, paella, pizzas y empanadas en una feria gastron\u00f3mica que se emplaz\u00f3 en la vereda del comercio ubicado en Viamonte y Pasaje del Carmen. Tambi\u00e9n se realizaron actividades para ni\u00f1os. <\/p>\n<p>Ornella Nociti,  asesora legal de los trabajadores e integrante de CTEP, dijo que \u201clos compa\u00f1eros decidieron organizarse y resistir, desde Octubre del a\u00f1o pasado ya tienen la matr\u00edcula de cooperativa, y en cuanto a este empresario estafador la justicia no lo est\u00e1 buscando, y eso que tambi\u00e9n hizo lo mismo con una cadena de comidas r\u00e1pidas\u201d; en tanto que sobre la situaci\u00f3n concreta del local expres\u00f3 \u201cahora estamos con una orden de desalojo, entonces necesitamos tiempo para que los trabajadores puedan juntar plata y conseguir otro lugar, es injusto que estos trabajadores tengan que irse y quedarse sin su sustento, muchos tienen m\u00e1s de 20 a\u00f1os trabajando en La Robla\u201d. <\/p>\n<p>Durante la jornada art\u00edstica se recibieron adhesiones de parte del Instituto de Producci\u00f3n Popular, del Hotel Bauen, del Restaurante Ale Ale, de la Soleada, de la Orquesta T\u00edpica de Tango \u201cEl Afronte\u201d, entre otras empresas recuperadas y organizaciones pol\u00edticas y sociales. <\/p>\n<p>El cierre culmin\u00f3 con todos los trabajadores abrazados en el escenario y bajo el c\u00e1ntico: \u201cunidad de los trabajadores y al que no le gusta, se jode, se jode\u201d.<\/p>\n<p>&nbsp;<\/span><\/p>\n<div style=\"clear: both;text-align: center\"><a href=\"http:\/\/4.bp.blogspot.com\/-w28NMjNo05E\/VTZRC-hBXQI\/AAAAAAAAD_s\/EW02-2RPWaI\/s1600\/robla2.jpg\" style=\"clear: right;float: right;margin-bottom: 1em;margin-left: 1em\"><span style=\"font-family: Verdana, sans-serif\"><img decoding=\"async\" border=\"0\" src=\"http:\/\/4.bp.blogspot.com\/-w28NMjNo05E\/VTZRC-hBXQI\/AAAAAAAAD_s\/EW02-2RPWaI\/s1600\/robla2.jpg\" \/><\/span><\/a><a href=\"http:\/\/3.bp.blogspot.com\/-EZS9KTQLrSQ\/VTZQ_uZ1rMI\/AAAAAAAAD_k\/vZg6HgAsIeo\/s1600\/robla%2B1.jpg\" style=\"clear: left;float: left;margin-bottom: 1em;margin-right: 1em\"><span style=\"font-family: Verdana, sans-serif\"><img decoding=\"async\" border=\"0\" src=\"http:\/\/3.bp.blogspot.com\/-EZS9KTQLrSQ\/VTZQ_uZ1rMI\/AAAAAAAAD_k\/vZg6HgAsIeo\/s1600\/robla%2B1.jpg\" \/><\/span><\/a><\/div>\n<div style=\"clear: both;text-align: center\"><a href=\"http:\/\/2.bp.blogspot.com\/-DTRy-cuPwKg\/VTZRGRhghrI\/AAAAAAAAD_0\/BCiiielhzPY\/s1600\/robla%2B3.jpg\" style=\"clear: right;float: right;margin-bottom: 1em;margin-left: 1em\"><span style=\"font-family: Verdana, sans-serif\"><img decoding=\"async\" border=\"0\" src=\"http:\/\/2.bp.blogspot.com\/-DTRy-cuPwKg\/VTZRGRhghrI\/AAAAAAAAD_0\/BCiiielhzPY\/s1600\/robla%2B3.jpg\" \/><\/span><\/a><\/div>\n<p><span style=\"font-family: Verdana, sans-serif\"><br \/><\/span><span style=\"font-family: Verdana, sans-serif\"><br \/><\/span><a href=\"http:\/\/4.bp.blogspot.com\/-v2mpSUw71EI\/VTZRJb2Xr0I\/AAAAAAAAD_8\/lzzlBDpfWYs\/s1600\/robla4.jpg\" style=\"clear: left;float: left;margin-bottom: 1em;margin-right: 1em\"><\/a><a href=\"http:\/\/4.bp.blogspot.com\/-v2mpSUw71EI\/VTZRJb2Xr0I\/AAAAAAAAD_8\/lzzlBDpfWYs\/s1600\/robla4.jpg\" style=\"clear: left;float: left;margin-bottom: 1em;margin-right: 1em\"><span style=\"font-family: Verdana, sans-serif\"><img decoding=\"async\" border=\"0\" src=\"http:\/\/4.bp.blogspot.com\/-v2mpSUw71EI\/VTZRJb2Xr0I\/AAAAAAAAD_8\/lzzlBDpfWYs\/s1600\/robla4.jpg\" \/><\/span><\/a><\/p>\n<p><span style=\"font-family: Verdana, sans-serif\"><br \/><\/span><span style=\"font-family: Verdana, sans-serif\"><br \/><\/span><\/p>\n<div><\/div>\n<div style=\"clear: both;text-align: center\"><a href=\"http:\/\/1.bp.blogspot.com\/-Ld2D19RBSIU\/VTZRMSUdyFI\/AAAAAAAAEAE\/K-PRewpt7o8\/s1600\/robla5.jpg\" style=\"margin-left: 1em;margin-right: 1em\"><span style=\"font-family: Verdana, sans-serif\"><img decoding=\"async\" border=\"0\" src=\"http:\/\/1.bp.blogspot.com\/-Ld2D19RBSIU\/VTZRMSUdyFI\/AAAAAAAAEAE\/K-PRewpt7o8\/s1600\/robla5.jpg\" \/><\/span><\/a><\/div>\n<div style=\"clear: both;text-align: left\"><\/div>\n<div style=\"clear: both;text-align: left\"><span style=\"color: #0b5394;font-family: Verdana, sans-serif;font-size: x-small\"><b>FUENTE: CTEP\/PRODUCCIONES RIACHUELO<\/b><\/span><\/div>\n","protected":false},"excerpt":{"rendered":"<p>EN DEFENSA DEL TRABAJO:\u00abLA ROBLA NO SE VA\u00bb El pasado s\u00e1bado se realiz\u00f3 un Festival Art\u00edstico organizado por los trabajadores de la Cooperativa \u201cLa Robla\u201d y la Confederaci\u00f3n de Trabajadores de la Econom\u00eda Popular para repudiar el desalojo del inmueble que actualmente ocupan, y garantizar la continuidad de los 21 puestos de trabajo. La jornada [&hellip;]<\/p>\n","protected":false},"author":4,"featured_media":0,"comment_status":"open","ping_status":"open","sticky":false,"template":"","format":"standard","meta":{"_monsterinsights_skip_tracking":false,"_monsterinsights_sitenote_active":false,"_monsterinsights_sitenote_note":"","_monsterinsights_sitenote_category":0,"jnews-multi-image_gallery":[],"jnews_single_post":{"format":"standard"},"jnews_primary_category":[],"_joinchat":[],"footnotes":""},"categories":[58],"tags":[64,86,148],"class_list":["post-534","post","type-post","status-publish","format-standard","hentry","category-noticiariachuelo","tag-economia-popular","tag-noti-ctep","tag-trabajo"],"_links":{"self":[{"href":"http:\/\/fmriachuelo.it10.com.ar\/index.php\/wp-json\/wp\/v2\/posts\/534","targetHints":{"allow":["GET"]}}],"collection":[{"href":"http:\/\/fmriachuelo.it10.com.ar\/index.php\/wp-json\/wp\/v2\/posts"}],"about":[{"href":"http:\/\/fmriachuelo.it10.com.ar\/index.php\/wp-json\/wp\/v2\/types\/post"}],"author":[{"embeddable":true,"href":"http:\/\/fmriachuelo.it10.com.ar\/index.php\/wp-json\/wp\/v2\/users\/4"}],"replies":[{"embeddable":true,"href":"http:\/\/fmriachuelo.it10.com.ar\/index.php\/wp-json\/wp\/v2\/comments?post=534"}],"version-history":[{"count":1,"href":"http:\/\/fmriachuelo.it10.com.ar\/index.php\/wp-json\/wp\/v2\/posts\/534\/revisions"}],"predecessor-version":[{"id":23319,"href":"http:\/\/fmriachuelo.it10.com.ar\/index.php\/wp-json\/wp\/v2\/posts\/534\/revisions\/23319"}],"wp:attachment":[{"href":"http:\/\/fmriachuelo.it10.com.ar\/index.php\/wp-json\/wp\/v2\/media?parent=534"}],"wp:term":[{"taxonomy":"category","embeddable":true,"href":"http:\/\/fmriachuelo.it10.com.ar\/index.php\/wp-json\/wp\/v2\/categories?post=534"},{"taxonomy":"post_tag","embeddable":true,"href":"http:\/\/fmriachuelo.it10.com.ar\/index.php\/wp-json\/wp\/v2\/tags?post=534"}],"curies":[{"name":"wp","href":"https:\/\/api.w.org\/{rel}","templated":true}]}}