{"id":531,"date":"2015-04-22T02:10:00","date_gmt":"2015-04-22T02:10:00","guid":{"rendered":"http:\/\/fmriachuelo.observatorioess.org.ar\/index.php\/2015\/04\/22\/encuentro-de-corresponsales-de-farco\/"},"modified":"2025-03-28T14:57:49","modified_gmt":"2025-03-28T17:57:49","slug":"encuentro-de-corresponsales-de-farco","status":"publish","type":"post","link":"http:\/\/fmriachuelo.it10.com.ar\/index.php\/2015\/04\/22\/encuentro-de-corresponsales-de-farco\/","title":{"rendered":"ENCUENTRO DE CORRESPONSALES DE FARCO"},"content":{"rendered":"<p><span style=\"color: red;font-family: Verdana, sans-serif;font-size: large\"><strong>ENCUENTRO, LANZAMIENTO Y CELEBRACI\u00d3N<\/strong><\/span><\/p>\n<div style=\"clear: both;text-align: center\"><a href=\"http:\/\/1.bp.blogspot.com\/-vodRGGhlTI0\/VTcBl5KRhFI\/AAAAAAAAEA4\/7VMVtSQZocI\/s1600\/ENCUENTRO.jpg\" style=\"clear: left;float: left;margin-bottom: 1em;margin-right: 1em\"><img loading=\"lazy\" decoding=\"async\" border=\"0\" src=\"http:\/\/1.bp.blogspot.com\/-vodRGGhlTI0\/VTcBl5KRhFI\/AAAAAAAAEA4\/7VMVtSQZocI\/s1600\/ENCUENTRO.jpg\" height=\"166\" width=\"320\" \/><\/a><\/div>\n<p><b><u><span>ENCUENTRO DE CORRESPONSALES<span>&nbsp; <\/span>FARCO EN VIEDMA<\/span><\/u><\/b><b><span><\/span><\/b><\/p>\n<div style=\"margin: 0cm 0cm 10pt\"><span>El 17, 18 y 19 de Abril, se realiz\u00f3 en Viedma, R\u00edo Negro, el Encuentro de Corresponsales Sur del Foro Argentino de Radios Comunitarias (FARCO).<i><span style=\"background: white;color: #292929\"> <\/span><\/i><span style=\"background: white;color: #292929\">En la oportunidad <\/span><span>&nbsp;<\/span>se lanz\u00f3 la Agencia de Noticias de Foro Argentino de Radios Comunitarias (FARCO) lo que se realiz\u00f3 en el marco de la celebraci\u00f3n del 25\u00ba aniversario de Radio Encuentro de Viedma.<span style=\"background: white;color: #292929\"><\/span><\/span><\/div>\n<p><a name='more'><\/a><\/p>\n<div style=\"margin: 0cm 0cm 10pt\"><span><span style=\"font-family: Verdana, sans-serif\">Radio Encuentro de Viedma fue la sede en donde<span>&nbsp; <\/span>confluyeron<\/span> <\/span><span>los diferentes corresponsales de radio que reportan para FARCO. Para la ocasi\u00f3n se organiz\u00f3 el trabajo en talleres que estuvieron <span>&nbsp;<\/span>a cargo de <span>N\u00e9stor Busso<\/span>, representante de FARCO ante el&nbsp;<span>Consejo Federal de Comunicaci\u00f3n Audiovisual (CoFeCa)<\/span>&nbsp;y la&nbsp;<span>Agencia Latinoamericana de Educaci\u00f3n Radiof\u00f3nica (ALER)<b> <\/b><\/span>y Jos\u00e9 Angel \u201cPepe\u201d Frutos,<span style=\"color: #292929\"> <\/span>&nbsp;coordinador del<b>&nbsp;<\/b><span>Centro de Producci\u00f3n<\/span>&nbsp;de Rosario<b><\/b><span>junto a otros compa\u00f1eros. <\/span>En los talleres se abord\u00f3 el trabajo sobre los modos de facilitar la transmisi\u00f3n de las noticias. <span style=\"background: white;color: #292929\"><\/span><\/span><\/div>\n<p><\/p>\n<div style=\"clear: both;text-align: center\"><a href=\"http:\/\/4.bp.blogspot.com\/-PfInbYShU0g\/VTcB1J5cqbI\/AAAAAAAAEBA\/Pm6NPQTLnuQ\/s1600\/ENCUENTROO.jpg\" style=\"clear: left;float: left;margin-bottom: 1em;margin-right: 1em\"><img loading=\"lazy\" decoding=\"async\" border=\"0\" src=\"http:\/\/4.bp.blogspot.com\/-PfInbYShU0g\/VTcB1J5cqbI\/AAAAAAAAEBA\/Pm6NPQTLnuQ\/s1600\/ENCUENTROO.jpg\" height=\"213\" width=\"320\" \/><\/a><\/div>\n<p><span>Asimismo, en este encuentro se present\u00f3 la Agencia de Noticias del <span>&nbsp;<\/span>Foro Argentino de Radios Comunitarias (FARCO) <span>&nbsp;<\/span>como un espacio de articulaci\u00f3n de la producci\u00f3n period\u00edstica e institucional de las emisoras&nbsp;que componen la red. La Agencia es una plataforma que busca reflejar<span>&nbsp; <\/span>las noticias diarias que se transmiten por el&nbsp;<b>Informativo&nbsp;FARCO<\/b>as\u00ed <span>&nbsp;<\/span>como las producidas en cada localidad en soportes gr\u00e1ficos, sonoros y audiovisuales. La intenci\u00f3n fue crear una fuente de recursos<span>&nbsp; <\/span>para los medios de distintos lugares del pa\u00eds que refleje la diversidad y la pluralidad. <\/span><\/p>\n<div style=\"margin: 0cm 0cm 10pt\"><span>La actividad se desarroll\u00f3 <span>en el marco de los festejos por el 25\u00b0 aniversario de Radio Encuentro, <span>&nbsp;<\/span><span>&nbsp;<\/span>de Viedma, una emisora comunitaria con una larga trayectoria en la capital rionegrina. Una de sus integrantes, Rosana V\u00e1zquez, tom\u00f3 la palabra para repasar la historia y destac\u00f3: <\/span><\/span><\/div>\n<p><\/p>\n<div style=\"margin: 0cm 0cm 10pt\"><i><span><span>&nbsp;<\/span>\u201cHemos pasado por distintas etapas\u2026y ahora, estamos iniciando otro sue\u00f1o que es tener un canal de televisi\u00f3n comunitario (ENTV)\u201d.<\/span><\/i><\/p>\n<div style=\"clear: both;text-align: center\"><i><a href=\"http:\/\/4.bp.blogspot.com\/-n8MprtBZgbI\/VTcCOzUpgaI\/AAAAAAAAEBI\/b3CXrPOdoyQ\/s1600\/ENCUENTRO2.jpg\" style=\"clear: left;float: left;margin-bottom: 1em;margin-right: 1em\"><img loading=\"lazy\" decoding=\"async\" border=\"0\" src=\"http:\/\/4.bp.blogspot.com\/-n8MprtBZgbI\/VTcCOzUpgaI\/AAAAAAAAEBI\/b3CXrPOdoyQ\/s1600\/ENCUENTRO2.jpg\" height=\"240\" width=\"320\" \/><\/a><\/i><\/div>\n<p><span><\/span><\/p>\n<div style=\"margin: 0cm 0cm 10pt\"><span>Para la celebraci\u00f3n se organiz\u00f3 un festival de m\u00fasica popular frente a los estudios de la radio en donde se convoc\u00f3 el s\u00e1bado 18\/4 a las 14 hs. a los habitantes de Viedma, Carmen de Patagones y al Intendente.<\/span><\/div>\n<div style=\"margin: 0cm 0cm 10pt\"><span><strong><span style=\"color: red\">Fm Riachuelo<\/span><\/strong> a trav\u00e9s de su corresponsal\u00eda estuvo presente en la actividad desarrollada.<\/span><\/div>\n<div style=\"margin: 0cm 0cm 10pt\">&nbsp;<\/div>\n<p><span><\/span><\/p>\n<div style=\"margin: 0cm 0cm 10pt\"><span><span style=\"font-family: Times New Roman\"> <\/span><\/span><\/div>\n<p><span><\/p>\n<div style=\"margin: 0cm 0cm 10pt\"><span><span style=\"color: blue\">Fuente: Agencia de Nociticas FARCO, Producci\u00f3n Riachuelo<\/span><\/span><\/div>\n<div style=\"margin: 0cm 0cm 10pt\"><span style=\"font-family: Times New Roman\"> <\/span><\/div>\n<p><\/span><\/p>\n<div style=\"margin: 0cm 0cm 10pt\">&nbsp;<\/div>\n<div style=\"margin: 0cm 0cm 10pt\"><span><\/span>&nbsp;<\/div>\n<\/div>\n","protected":false},"excerpt":{"rendered":"<p>ENCUENTRO, LANZAMIENTO Y CELEBRACI\u00d3N ENCUENTRO DE CORRESPONSALES&nbsp; FARCO EN VIEDMA El 17, 18 y 19 de Abril, se realiz\u00f3 en Viedma, R\u00edo Negro, el Encuentro de Corresponsales Sur del Foro Argentino de Radios Comunitarias (FARCO). En la oportunidad &nbsp;se lanz\u00f3 la Agencia de Noticias de Foro Argentino de Radios Comunitarias (FARCO) lo que se realiz\u00f3 [&hellip;]<\/p>\n","protected":false},"author":4,"featured_media":0,"comment_status":"open","ping_status":"open","sticky":false,"template":"","format":"standard","meta":{"_monsterinsights_skip_tracking":false,"_monsterinsights_sitenote_active":false,"_monsterinsights_sitenote_note":"","_monsterinsights_sitenote_category":0,"jnews-multi-image_gallery":[],"jnews_single_post":{"format":"standard"},"jnews_primary_category":[],"_joinchat":[],"footnotes":""},"categories":[58],"tags":[108],"class_list":["post-531","post","type-post","status-publish","format-standard","hentry","category-noticiariachuelo","tag-comunicacion-popular"],"_links":{"self":[{"href":"http:\/\/fmriachuelo.it10.com.ar\/index.php\/wp-json\/wp\/v2\/posts\/531","targetHints":{"allow":["GET"]}}],"collection":[{"href":"http:\/\/fmriachuelo.it10.com.ar\/index.php\/wp-json\/wp\/v2\/posts"}],"about":[{"href":"http:\/\/fmriachuelo.it10.com.ar\/index.php\/wp-json\/wp\/v2\/types\/post"}],"author":[{"embeddable":true,"href":"http:\/\/fmriachuelo.it10.com.ar\/index.php\/wp-json\/wp\/v2\/users\/4"}],"replies":[{"embeddable":true,"href":"http:\/\/fmriachuelo.it10.com.ar\/index.php\/wp-json\/wp\/v2\/comments?post=531"}],"version-history":[{"count":1,"href":"http:\/\/fmriachuelo.it10.com.ar\/index.php\/wp-json\/wp\/v2\/posts\/531\/revisions"}],"predecessor-version":[{"id":23322,"href":"http:\/\/fmriachuelo.it10.com.ar\/index.php\/wp-json\/wp\/v2\/posts\/531\/revisions\/23322"}],"wp:attachment":[{"href":"http:\/\/fmriachuelo.it10.com.ar\/index.php\/wp-json\/wp\/v2\/media?parent=531"}],"wp:term":[{"taxonomy":"category","embeddable":true,"href":"http:\/\/fmriachuelo.it10.com.ar\/index.php\/wp-json\/wp\/v2\/categories?post=531"},{"taxonomy":"post_tag","embeddable":true,"href":"http:\/\/fmriachuelo.it10.com.ar\/index.php\/wp-json\/wp\/v2\/tags?post=531"}],"curies":[{"name":"wp","href":"https:\/\/api.w.org\/{rel}","templated":true}]}}