{"id":530,"date":"2015-04-22T02:28:00","date_gmt":"2015-04-22T02:28:00","guid":{"rendered":"http:\/\/fmriachuelo.observatorioess.org.ar\/index.php\/2015\/04\/22\/elecciones-paso-en-rosario-las-noticias-menos-difundidas\/"},"modified":"2025-03-28T14:59:19","modified_gmt":"2025-03-28T17:59:19","slug":"elecciones-paso-en-rosario-las-noticias-menos-difundidas","status":"publish","type":"post","link":"http:\/\/fmriachuelo.it10.com.ar\/index.php\/2015\/04\/22\/elecciones-paso-en-rosario-las-noticias-menos-difundidas\/","title":{"rendered":"ELECCIONES PASO EN ROSARIO: LAS NOTICIAS MENOS DIFUNDIDAS"},"content":{"rendered":"<p><span style=\"color: red;font-family: Verdana, sans-serif;font-size: large\"><strong>LAS ORGANIZACIONES SOCIALES PARTICIPARON<\/strong><\/span>&nbsp; <\/p>\n<div style=\"clear: both;text-align: center\"><a href=\"http:\/\/2.bp.blogspot.com\/-6ZZGR9z_oiM\/VTcEO1OrxWI\/AAAAAAAAEBU\/GVNUOfL0NdI\/s1600\/CIUDAD%2BFUTURA.png\" style=\"clear: left;float: left;margin-bottom: 1em;margin-right: 1em\"><img loading=\"lazy\" decoding=\"async\" border=\"0\" src=\"http:\/\/2.bp.blogspot.com\/-6ZZGR9z_oiM\/VTcEO1OrxWI\/AAAAAAAAEBU\/GVNUOfL0NdI\/s1600\/CIUDAD%2BFUTURA.png\" height=\"62\" width=\"200\" \/><\/a><\/div>\n<p><span style=\"font-family: Verdana, sans-serif\"><strong>Partido Ciudad Futura, participa en elecciones de Rosario<\/strong><\/span><span><br \/><span><span style=\"background-color: white\">M\u00e1s de 20 mil votos en la Ciudad de Rosario, en la lista para concejales, ocupando el quinto lugar entre las fuerzas pol\u00edticas rosarinas, llevando a <\/span><span style=\"background-color: white;color: black\">Juan Monteverde<\/span><span style=\"background-color: white\"> como candidato a concejal.<\/span><\/span><\/span><\/p>\n<div style=\"margin: 0cm 0cm 10pt\"><span style=\"font-family: Verdana, sans-serif\"><strong>DENUNCIAN IRREGULARIDADES EN EL RECUENTO<\/strong><\/span><\/div>\n<div align=\"justify\"><span style=\"font-family: Verdana, sans-serif\"><strong>#CiudadFutura<\/strong>, primera fuerza en toda la provincia en denunciar, y con datos precisos, la diferencia entre los votos obtenidos y los que computaba el tribunal propone un urgente debate sobre la necesidad de cambiar el sistema electoral y avanzar al voto electr\u00f3nico con control en papel.<\/span><\/div>\n<div align=\"justify\"><span style=\"font-family: Verdana, sans-serif\">Mientras seguimos procesando los datos de nuestros fiscales para chequear que no haya otras irregularidades m\u00e1s all\u00e1 de la falta de carga de mesas, y al mismo tiempo que una comitiva viaja a Santa Fe para el escrutinio definitivo, proponemos ir al fondo de la cuesti\u00f3n y plantear soluciones estructurales para democratizar m\u00e1s la democracia.<\/span><a name='more'><\/a><\/p>\n<div style=\"text-align: justify\"><span style=\"font-family: Verdana, sans-serif\">Monteverde, candidato a concejal dijo que \u201cUna cosa es que falten contar mesas y otra que falten votos. Por eso estamos terminando de computar nuestros datos y lo terminaremos de corroborar el jueves en el escrutinio definitivo\u201d.<\/span><\/div>\n<div align=\"justify\"><span style=\"font-family: Verdana, sans-serif\">Desde Ciudad Futura, <\/span><span style=\"font-family: Verdana, sans-serif\">el mismo lunes a las 4 de la ma\u00f1ana informamos<\/span><span style=\"font-family: Verdana, sans-serif\"> que hab\u00edamos obtenido 25mil votos, y que el tribunal con el 100% de las mesas nos daba solo 20mil. Pudimos, por el gran despliegue de fiscales y la seriedad del trabajo militante, saber cuantos votos hab\u00edamos obtenido pese a los graves hechos. Esto no es igual en las fuerzas m\u00e1s chicas que no tienen fiscales y que no pueden saber todav\u00eda cu\u00e1ntos votos sacaron y eso es inadmisible a esta altura de la democracia.<\/span><\/div>\n<div align=\"justify\"><span style=\"font-family: Verdana, sans-serif\">En este sentido Monteverde aclar\u00f3: \u201cSupongamos el mejor escenario, y que de verdad sea \u201csolo un problema tecnico\u201d, igual es inadmisible. No puede ser que todav\u00eda no se sepa cuanto sac\u00f3 cada uno. Es por eso que adem\u00e1s de denunciar planteamos una soluci\u00f3n de fondo y definitiva\u201d.<\/span><\/div>\n<div align=\"justify\"><span style=\"font-family: Verdana, sans-serif\">Por eso, no s\u00f3lo ya anunci\u00e1bamos ayer que \u00edbamos a Santa Fe con nuestros datos a defender, otra vez, nuestros votos sino que tambi\u00e9n alert\u00e1bamos sobre los otros robos constantes de votos que se dan en las mesas y que est\u00e1n tristemente naturalizados.<\/span><\/div>\n<div align=\"justify\"><span style=\"font-family: Verdana\"><\/span>&nbsp;<\/div>\n<div align=\"justify\"><span style=\"font-family: Verdana\"><strong>Un poco de historia de la conformaci\u00f3n<\/strong><\/span><\/div>\n<div style=\"margin: 0cm 0cm 10pt\"><span style=\"font-family: Verdana, sans-serif\">Los militantes del Frente para la Ciudad Futura somos hombres y mujeres de la ciudad de Rosario, que todos los d\u00edas en nuestros territorios (barrios, facultades, \u00e1mbitos laborales, escuelas, etc.) construimos modos de vida alternativos; pr\u00e1cticas pol\u00edticas que no s\u00f3lo cuestionen la situaci\u00f3n actual sino, y principalmente, que ofrezcan nuevas formas de transformaci\u00f3n social, nuevos horizontes posibles. Nosotros decimos que nuestra militancia es prefigurativa, que para vivir en una sociedad que se parezca m\u00e1s a la de nuestros sue\u00f1os, es preciso empezar a vivir, aqu\u00ed y ahora, la Ciudad Futura.<br \/> Cada uno de nuestros territorios es una trinchera que hay que defender y transformar. Defenderlos de las corporaciones y transformarlos, construyendo un modelo alternativo. A eso nos dedicamos todos estos a\u00f1os y lo seguiremos haciendo porque no decimos lo que hay que hacer, sino que ya lo estamos haciendo.<\/span><\/div>\n<p><span style=\"font-family: Verdana, sans-serif\"><strong>LA UNION DEL PUEBLO SE SUM\u00d3 AL COMANDO DE CAMPA\u00d1A HACIA LA #VICTORIACOLECTIVA<\/strong><\/span><span style=\"font-family: Verdana, sans-serif\">Desde hace 5 a\u00f1os un conjunto de mujeres y hombres de la Juventud Guevarista, vienen trabajando en construir un instrumento-partido que recupere parte del legado del movimiento popular, durante las manifestaciones masivas y rebeldes que tuvieron su mayor expresi\u00f3n el 19 y 20 de diciembre del 2001 que expresaron la necesidad impostergable de transformar la pol\u00edtica, para que nuevamente este al servicio del pueblo. Este trabajo se fue nutriendo al recorrer toda la ciudad compartiendo, conociendo y construyendo distintas experiencias en barrio Moderno, Tablada, San francisquito, Ludue\u00f1a, Las Delicias y Villa Banana. Producto de ese recorrido surgieron propuestas diversas de participaci\u00f3n fundamentalmente en lo cultural y educativo que hoy se sintetizan en la Biblioteca Popular \u201cEl Che\u201d. Toda esta experiencia es, en gran medida, parte fundamental de las identidades que se integran y realimentan en la Uni\u00f3n del Pueblo.<\/span><br \/><span><span style=\"font-family: Verdana, sans-serif\"><strong>MOVIMIENTO GIROS<\/strong><\/span><\/span><\/p>\n<p><span style=\"font-family: Verdana, sans-serif\">GIROS, un movimiento social aut\u00f3nomo de la ciudad de Rosario, cuya base fundamental es la defensa del territorio y la lucha por la tierra en las ciudades. Desde hace 8 a\u00f1os resiste, junto a los vecinos de Nuevo Alberdi, el desalojo de sus viviendas y producciones por parte de especuladores inmobiliarios que quieren esos territorios para construir barrios cerrados. A lo largo de estos a\u00f1os de lucha, Giros no s\u00f3lo logro resistir sino tambi\u00e9n crear un nuevo modelo de ciudad que supere la idea de que las periferias son o barrios cerrados o villas de emergencia. Al mismo tiempo, ha logrado construir en los barrios donde milita (Nuevo Alberdi, La Cer\u00e1mica y Empalme Graneros) experiencias alternativas en materia de educaci\u00f3n, producci\u00f3n, cultura y comunicaci\u00f3n. Ejemplo de ello, es la ETICA, primer bachillerato popular de la provincia de Santa Fe, donde diariamente m\u00e1s de 80 j\u00f3venes y adultos terminan sus estudios secundarios, de la mano de 35 docentes que gestionan el proyecto educativo ad honorem.<\/span><span style=\"font-family: Verdana, sans-serif\"><strong>M<\/strong><\/span><span><span style=\"font-family: Verdana, sans-serif\"><strong>OVIMIENTO 26 DE JUNIO \u2013 FPDS<\/strong><\/span> &#8211;<\/span><\/p>\n<p><span style=\"font-family: Verdana, sans-serif\">El Movimiento 26 de Junio es una organizaci\u00f3n social y pol\u00edtica con desarrollo en diversos barrios de nuestra ciudad (Villa Moreno, Alvear, Tablada, V\u00eda Honda, Cristaler\u00eda) que tiene como principal objetivo la construcci\u00f3n de organizaci\u00f3n popular desde la realizaci\u00f3n de proyectos y pr\u00e1cticas prefigutativas en cada territorio, con la democracia de base como ejercicio cotidiano y con el cambio social como horizonte.<\/span><br \/><span style=\"font-family: Verdana, sans-serif\">El Movimiento 26 de junio es parte del Frente Popular Dar<br \/>\n\u00edo Santill\u00e1n, un frente nacional de organizaciones aut\u00f3nomas y de base con desarrollo en los diversos sectores de nuestra sociedad.<\/span><br \/><span style=\"font-family: Verdana, sans-serif\">El 1ro de enero de 2012 Paton, Jere y Mono, tres j\u00f3venes militantes del M26 de villa Moreno fueron v\u00edctimas de las balas del narcotr\u00e1fico. A partir de entonces el movimiento encarna una intensa lucha por justicia, esta lucha desnud\u00f3 una problem\u00e1tica que ven\u00eda desde hace tiempo azotando a los barrios de la ciudad y siendo acallada por los medios de comunicaci\u00f3n, la problem\u00e1tica del narcotr\u00e1fico y su entramado de complicidades que incluye a las fuerzas represivas y a los poderes pol\u00edtico y judicial. Despu\u00e9s de 17 meses de constante lucha, hoy tanto los responsables materiales como los polic\u00edas encubridores del triple crimen de&nbsp; Villa Moreno est\u00e1n procesados y a la espera del juicio.<\/span><br \/><span style=\"font-family: Verdana\"><\/span><br \/><span style=\"color: blue;font-family: Verdana\">Fuente: Ciudad Futura, Producci\u00f3n Riachuelo<\/span><br \/><span style=\"font-family: Verdana, sans-serif\"><\/span><\/p>\n<div style=\"margin: 0cm 0cm 10pt\">&nbsp;<\/div>\n<\/div>\n","protected":false},"excerpt":{"rendered":"<p>LAS ORGANIZACIONES SOCIALES PARTICIPARON&nbsp; Partido Ciudad Futura, participa en elecciones de RosarioM\u00e1s de 20 mil votos en la Ciudad de Rosario, en la lista para concejales, ocupando el quinto lugar entre las fuerzas pol\u00edticas rosarinas, llevando a Juan Monteverde como candidato a concejal. DENUNCIAN IRREGULARIDADES EN EL RECUENTO #CiudadFutura, primera fuerza en toda la provincia [&hellip;]<\/p>\n","protected":false},"author":4,"featured_media":0,"comment_status":"open","ping_status":"open","sticky":false,"template":"","format":"standard","meta":{"_monsterinsights_skip_tracking":false,"_monsterinsights_sitenote_active":false,"_monsterinsights_sitenote_note":"","_monsterinsights_sitenote_category":0,"jnews-multi-image_gallery":[],"jnews_single_post":{"format":"standard"},"jnews_primary_category":[],"_joinchat":[],"footnotes":""},"categories":[58],"tags":[],"class_list":["post-530","post","type-post","status-publish","format-standard","hentry","category-noticiariachuelo"],"_links":{"self":[{"href":"http:\/\/fmriachuelo.it10.com.ar\/index.php\/wp-json\/wp\/v2\/posts\/530","targetHints":{"allow":["GET"]}}],"collection":[{"href":"http:\/\/fmriachuelo.it10.com.ar\/index.php\/wp-json\/wp\/v2\/posts"}],"about":[{"href":"http:\/\/fmriachuelo.it10.com.ar\/index.php\/wp-json\/wp\/v2\/types\/post"}],"author":[{"embeddable":true,"href":"http:\/\/fmriachuelo.it10.com.ar\/index.php\/wp-json\/wp\/v2\/users\/4"}],"replies":[{"embeddable":true,"href":"http:\/\/fmriachuelo.it10.com.ar\/index.php\/wp-json\/wp\/v2\/comments?post=530"}],"version-history":[{"count":1,"href":"http:\/\/fmriachuelo.it10.com.ar\/index.php\/wp-json\/wp\/v2\/posts\/530\/revisions"}],"predecessor-version":[{"id":23324,"href":"http:\/\/fmriachuelo.it10.com.ar\/index.php\/wp-json\/wp\/v2\/posts\/530\/revisions\/23324"}],"wp:attachment":[{"href":"http:\/\/fmriachuelo.it10.com.ar\/index.php\/wp-json\/wp\/v2\/media?parent=530"}],"wp:term":[{"taxonomy":"category","embeddable":true,"href":"http:\/\/fmriachuelo.it10.com.ar\/index.php\/wp-json\/wp\/v2\/categories?post=530"},{"taxonomy":"post_tag","embeddable":true,"href":"http:\/\/fmriachuelo.it10.com.ar\/index.php\/wp-json\/wp\/v2\/tags?post=530"}],"curies":[{"name":"wp","href":"https:\/\/api.w.org\/{rel}","templated":true}]}}