{"id":529,"date":"2015-04-22T02:36:00","date_gmt":"2015-04-22T02:36:00","guid":{"rendered":"http:\/\/fmriachuelo.observatorioess.org.ar\/index.php\/2015\/04\/22\/neuquen-los-trabajadores-de-la-economia-popular-se-movilizan\/"},"modified":"2025-03-28T15:01:33","modified_gmt":"2025-03-28T18:01:33","slug":"neuquen-los-trabajadores-de-la-economia-popular-se-movilizan","status":"publish","type":"post","link":"http:\/\/fmriachuelo.it10.com.ar\/index.php\/2015\/04\/22\/neuquen-los-trabajadores-de-la-economia-popular-se-movilizan\/","title":{"rendered":"NEUQUEN: LOS TRABAJADORES DE LA ECONOM\u00cdA POPULAR SE MOVILIZAN"},"content":{"rendered":"<div style=\"clear: both;text-align: left\"><span style=\"color: red;font-family: Verdana, sans-serif;font-size: large\"><strong>DE PIE Y LUCHANDO CONTRA LA APROPIACION TERRITORIAL<\/strong><\/span><\/div>\n<p><span style=\"font-family: Verdana, sans-serif\"><strong>Pan Am\u00e9rican Energy contra la Econom\u00eda Popular<\/strong><\/span><\/p>\n<div style=\"clear: both;text-align: left\"><span style=\"font-family: Verdana, sans-serif\">Actualizamos:<\/span><\/div>\n<div style=\"clear: both;text-align: left\"><span style=\"font-family: Verdana, sans-serif\">Escuch\u00e1 la&nbsp;nota&nbsp; que hicimos en&nbsp;<strong><span style=\"color: red\">Romp\u00e9 el Cerco Informativo<\/span><\/strong><\/span>&nbsp;<span style=\"font-family: Verdana, sans-serif\">a uno de los manifestantes:<\/span><\/div>\n<div style=\"clear: both;text-align: center\"><a href=\"http:\/\/www.mediafire.com\/listen\/60r7q9w73hrfwwy\/LUIS_HERRERO_-_1.mp3\"><span style=\"color: blue;font-family: Verdana, sans-serif\"><strong>LUIS HERRERO, 1\u00ba PARTE<\/strong><\/span><\/a><\/div>\n<div style=\"clear: both;text-align: center\"><a href=\"http:\/\/www.mediafire.com\/listen\/da5ss8dje36xusc\/LUIS_HERRERO_-_2_QUE_HACEN.mp3\"><span style=\"color: blue;font-family: Verdana, sans-serif\"><strong>LUIS HERRERO 2\u00ba PARTE<\/strong><\/span><\/a><\/div>\n<p><span style=\"font-family: Verdana, sans-serif\"><strong><br \/><\/strong><\/span><\/p>\n<div style=\"clear: both;text-align: center\"><span style=\"font-family: Verdana, sans-serif\"><strong><a href=\"http:\/\/2.bp.blogspot.com\/-EzYWkuUQBkc\/VTcIttH832I\/AAAAAAAAEBo\/SEOJZbdPTj0\/s1600\/NEUQUEN%2B1.jpg\" style=\"clear: left;float: left;margin-bottom: 1em;margin-right: 1em\"><img loading=\"lazy\" decoding=\"async\" border=\"0\" src=\"http:\/\/2.bp.blogspot.com\/-EzYWkuUQBkc\/VTcIttH832I\/AAAAAAAAEBo\/SEOJZbdPTj0\/s1600\/NEUQUEN%2B1.jpg\" height=\"400\" width=\"275\" \/><\/a><\/strong><\/span><\/div>\n<p><span style=\"font-family: Verdana, sans-serif\"><strong><\/strong>Organizaciones campesinas y de peque\u00f1os productores nucleados en el Frente Agrario Neuquino de la <strong>Confederaci\u00f3n de Trabajadores de la Econom\u00eda Popular<\/strong> junto a trabajadores de la econom\u00eda popular de las delegaciones Neuqu\u00e9n y Cipoletti, realizar\u00e1n ma\u00f1ana mi\u00e9rcoles 22 desde las 06am una medida de fuerza sobre la \u201cRuta del Petr\u00f3leo\u201d (RN 51 Km 12,5) denunciando a Pan Am\u00e9rican Energy por extorsi\u00f3n, ofrecimientos viles de dinero en negro y avasallamiento de los derechos posesorios de los pobladores rurales. A partir de las 10am, una delegaci\u00f3n de la CTEP  se har\u00e1 presente en la sede de esta empresa trasnacional sita en Alem 1180 para apoyar el reclamo. <\/p>\n<p>Reproducimos el comunicado de los compa\u00f1eros del Frente Agrario \u2013 CTEP Neuqu\u00e9n.<br \/><a name='more'><\/a><br \/><\/span><span style=\"font-family: Verdana, sans-serif\">Queremos poner en conocimiento de la sociedad neuquina que las empresas petroleras que se encuentran trabajando en el lugar, concretamente la adjudicataria del Yacimiento Lindero Atravesado, Pan American Energy S.A y sus contratista -UGA S.A entre ellas- en complicidad con el Gobierno de la Provincia de Neuqu\u00e9n, extorsionan a nuestras familias para lograr autorizaciones de ingreso a los campos, fuera de toda normativa legal: MATERIALES, CHEQUES O DINERO EN EFECTIVO\u2026TODO EN NEGRO.  Cuando no logran convencer a las familias, las empresas operan sin autorizaciones, ni contratos o acuerdos: INGRESAN A LOS CAMPOS POR LA FUERZA o AMEDRENTANDO CON MEDIDAS JUDICIALES.<br \/>La invasi\u00f3n de campos y violaci\u00f3n de los derechos de los pobladores rurales de la zona de Mari Menuco, Planicie Banderita y Costa del Neuqu\u00e9n, se ha vuelto una pr\u00e1ctica cotidiana.  En su mayor\u00eda, las familias que habitamos estas tierras son campesinos. Viven de sus animales y de trabajar en la tierra. Hace tiempo que conviven con empresas petroleras que ingresan a los campos,  destruyendo lo poco que tenemos.<br \/>Se llevan animales o los atropellan, remueven aguadas, extraen la vida, dejando picadas, arena movida y el campo lleno de agujeros. Somos hijos y nietos de los antiguos pobladores que fueron corridos de sus puestos,  cuando se construy\u00f3 el Dique Compensador. Ahora, nos corren las empresas petroleras.<br \/>Pero no solo eso; tambi\u00e9n avanzan las obras destinadas a la especulaci\u00f3n inmobiliaria. Llegan obras millonarias, con infraestructura de agua y luz para emprendimientos tur\u00edsticos y las familias seguimos ah\u00ed;  sin agua potable, sin luz el\u00e9ctrica; sin caminos accesibles. SIN DERECHOS.<br \/>Exigimos una respuesta urgente del MINISTERIO DE ENERGIA y las \u00e1reas de gobierno competentes. Queremos un r\u00e9gimen que involucre la Responsabilidad Social Empresaria y contribuciones al Desarrollo para los pobladores rurales y las familias campesinas.<br \/> \u00a1Queremos ser parte del Desarrollo y no que el Progreso nos pase por arriba!<br \/>FRENTE AGRARIO NEUQUEN<\/p>\n<p>CTEP- NEUQUEN<\/p>\n<p><span style=\"font-size: x-small\">CONTACTO: <br \/>JOSE ASAD TELEFONO: 299 4122361<br \/>LUIS HERNANDEZ TELEFONO: 299 4763844<\/span><br \/>&nbsp;<span style=\"color: blue\">Fuente: Ctep Argentina, Producci\u00f3n Riachuelo<\/span><\/span><\/p>\n","protected":false},"excerpt":{"rendered":"<p>DE PIE Y LUCHANDO CONTRA LA APROPIACION TERRITORIAL Pan Am\u00e9rican Energy contra la Econom\u00eda Popular Actualizamos: Escuch\u00e1 la&nbsp;nota&nbsp; que hicimos en&nbsp;Romp\u00e9 el Cerco Informativo&nbsp;a uno de los manifestantes: LUIS HERRERO, 1\u00ba PARTE LUIS HERRERO 2\u00ba PARTE Organizaciones campesinas y de peque\u00f1os productores nucleados en el Frente Agrario Neuquino de la Confederaci\u00f3n de Trabajadores de la [&hellip;]<\/p>\n","protected":false},"author":4,"featured_media":0,"comment_status":"open","ping_status":"open","sticky":false,"template":"","format":"standard","meta":{"_monsterinsights_skip_tracking":false,"_monsterinsights_sitenote_active":false,"_monsterinsights_sitenote_note":"","_monsterinsights_sitenote_category":0,"jnews-multi-image_gallery":[],"jnews_single_post":{"format":"standard"},"jnews_primary_category":[],"_joinchat":[],"footnotes":""},"categories":[58],"tags":[71,64,86],"class_list":["post-529","post","type-post","status-publish","format-standard","hentry","category-noticiariachuelo","tag-de-la-tierra","tag-economia-popular","tag-noti-ctep"],"_links":{"self":[{"href":"http:\/\/fmriachuelo.it10.com.ar\/index.php\/wp-json\/wp\/v2\/posts\/529","targetHints":{"allow":["GET"]}}],"collection":[{"href":"http:\/\/fmriachuelo.it10.com.ar\/index.php\/wp-json\/wp\/v2\/posts"}],"about":[{"href":"http:\/\/fmriachuelo.it10.com.ar\/index.php\/wp-json\/wp\/v2\/types\/post"}],"author":[{"embeddable":true,"href":"http:\/\/fmriachuelo.it10.com.ar\/index.php\/wp-json\/wp\/v2\/users\/4"}],"replies":[{"embeddable":true,"href":"http:\/\/fmriachuelo.it10.com.ar\/index.php\/wp-json\/wp\/v2\/comments?post=529"}],"version-history":[{"count":1,"href":"http:\/\/fmriachuelo.it10.com.ar\/index.php\/wp-json\/wp\/v2\/posts\/529\/revisions"}],"predecessor-version":[{"id":23325,"href":"http:\/\/fmriachuelo.it10.com.ar\/index.php\/wp-json\/wp\/v2\/posts\/529\/revisions\/23325"}],"wp:attachment":[{"href":"http:\/\/fmriachuelo.it10.com.ar\/index.php\/wp-json\/wp\/v2\/media?parent=529"}],"wp:term":[{"taxonomy":"category","embeddable":true,"href":"http:\/\/fmriachuelo.it10.com.ar\/index.php\/wp-json\/wp\/v2\/categories?post=529"},{"taxonomy":"post_tag","embeddable":true,"href":"http:\/\/fmriachuelo.it10.com.ar\/index.php\/wp-json\/wp\/v2\/tags?post=529"}],"curies":[{"name":"wp","href":"https:\/\/api.w.org\/{rel}","templated":true}]}}