{"id":527,"date":"2015-04-22T14:57:00","date_gmt":"2015-04-22T14:57:00","guid":{"rendered":"http:\/\/fmriachuelo.observatorioess.org.ar\/index.php\/2015\/04\/22\/22-de-abril-dia-mundial-de-la-madre-tierra\/"},"modified":"2025-03-28T15:02:53","modified_gmt":"2025-03-28T18:02:53","slug":"22-de-abril-dia-mundial-de-la-madre-tierra","status":"publish","type":"post","link":"http:\/\/fmriachuelo.it10.com.ar\/index.php\/2015\/04\/22\/22-de-abril-dia-mundial-de-la-madre-tierra\/","title":{"rendered":"22 DE ABRIL DIA MUNDIAL DE LA MADRE TIERRA"},"content":{"rendered":"<p><span style=\"color: red;font-family: Verdana, sans-serif;font-size: large\"><strong>\u00a1RECUPEREMOS EL BUEN VIVIR!<\/strong><\/span><br \/><strong><span style=\"color: red;font-family: Verdana;font-size: large\">La madre tierra no es un recurso natural sino \u201cPacha Mama\u201d<\/span><\/strong><br \/><span style=\"color: red;font-family: Verdana;font-size: large\"><span style=\"color: black;font-family: Times New Roman;font-size: small\"><strong><span style=\"font-family: Verdana\">La cultura b\u00e9lica y consumista que vulnera al planeta Tierra<\/span><\/strong><\/span><\/span><a href=\"http:\/\/3.bp.blogspot.com\/-ExY1rQugOq8\/VTe0S_1bBPI\/AAAAAAAAECM\/mYN328uKSKE\/s1600\/DIA.jpg\" style=\"clear: left;float: left;margin-bottom: 1em;margin-right: 1em\"><img loading=\"lazy\" decoding=\"async\" border=\"0\" src=\"http:\/\/3.bp.blogspot.com\/-ExY1rQugOq8\/VTe0S_1bBPI\/AAAAAAAAECM\/mYN328uKSKE\/s1600\/DIA.jpg\" height=\"181\" width=\"320\" \/><\/a><br \/><span style=\"color: red;font-family: Verdana\">&nbsp;<\/span><span style=\"font-family: Verdana, sans-serif\"><strong>La Organizaci\u00f3n de las Naciones Unidas (ONU) celebra el D\u00eda Internacional de la Tierra desde 1970, pero fue en 2009 cuando aprob\u00f3 una resoluci\u00f3n en que se cambia el nombre por D\u00eda Internacional de la Madre Tierra, despu\u00e9s de que el presidente boliviano, Evo Morales, propusiera esa reforma. La resoluci\u00f3n aprobada por los 192 pa\u00edses que forman la asamblea general de la ONU, respondiendo positivamente al llamado de Morales<\/strong><\/span><\/p>\n<div style=\"clear: both;text-align: center\"><a name='more'><\/a><\/p>\n<div><span style=\"font-family: Verdana, sans-serif\">Los procedimientos que ha tra\u00eddo consigo el nuevo mundo afectan al planeta Tierra, que seg\u00fan cient\u00edficos tiene 4 mil 500 millones de a\u00f1os. A prop\u00f3sito de celebrarse el D\u00eda Internacional de la Madre Tierra este 22 de abril, teleSUR te trae lo que debes saber sobre sus agentes contaminantes.<\/p>\n<p>Se cree que los recursos que provee el planeta son inagotables. El sistema capitalista-consumista plantea \u201csoluciones\u201d medi\u00e1ticas mientras que sus m\u00e9todos generan el crecimiento industrial sin precauciones, guerras y otros agentes contaminantes que deterioran la Tierra, el planeta habitado por m\u00e1s de 7 mil millones de seres humanos y cubierto en 97.5 por ciento por agua de mares y oc\u00e9anos. <\/p>\n<p>Los gobiernos no miden las consecuencias hacia el deterioro del planeta que pueden causar los conflictos b\u00e9licos. Cuando una bomba explota genera temperaturas superiores a los 1000 \u00b0C, que no s\u00f3lo destruye la flora, fauna y otros recursos naturales visibles, sino tambi\u00e9n la composici\u00f3n interna de los suelos. <\/p>\n<p>El incendio de pozos petroleros, como ocurri\u00f3 en la guerra de Irak, adem\u00e1s de la contaminaci\u00f3n atmosf\u00e9rica, contamin\u00f3 las aguas superficiales y subterr\u00e1neas y gener\u00f3 da\u00f1os en la poblaci\u00f3n. <\/p>\n<p>En la Guerra del Golfo P\u00e9rsico (1990-1991) las bombas generaron m\u00e1s de tres millones de toneladas de humo contaminante ocasionando enfermedades respiratorias a millones de personas y da\u00f1os en la capa de ozono. <\/p>\n<p>Otro mecanismo de destrucci\u00f3n de las potencias mundiales es el fracking (o fracturaci\u00f3n hidr\u00e1ulica), que genera peque\u00f1os -y podr\u00eda ocasionar grandes- terremotos producto de la penetraci\u00f3n del suelo para facilitar la extracci\u00f3n de petr\u00f3leo y gas. <\/p>\n<p> <span style=\"color: blue\">Fuente: Telesur, Producci\u00f3n Riachuelo<\/span><\/span><\/div>\n<\/div>\n","protected":false},"excerpt":{"rendered":"<p>\u00a1RECUPEREMOS EL BUEN VIVIR!La madre tierra no es un recurso natural sino \u201cPacha Mama\u201dLa cultura b\u00e9lica y consumista que vulnera al planeta Tierra&nbsp;La Organizaci\u00f3n de las Naciones Unidas (ONU) celebra el D\u00eda Internacional de la Tierra desde 1970, pero fue en 2009 cuando aprob\u00f3 una resoluci\u00f3n en que se cambia el nombre por D\u00eda Internacional [&hellip;]<\/p>\n","protected":false},"author":4,"featured_media":0,"comment_status":"open","ping_status":"open","sticky":false,"template":"","format":"standard","meta":{"_monsterinsights_skip_tracking":false,"_monsterinsights_sitenote_active":false,"_monsterinsights_sitenote_note":"","_monsterinsights_sitenote_category":0,"jnews-multi-image_gallery":[],"jnews_single_post":{"format":"standard"},"jnews_primary_category":[],"_joinchat":[],"footnotes":""},"categories":[58],"tags":[70,71,72],"class_list":["post-527","post","type-post","status-publish","format-standard","hentry","category-noticiariachuelo","tag-de-la-patria-grande","tag-de-la-tierra","tag-historia-de-la-lucha-de-los-pueblos"],"_links":{"self":[{"href":"http:\/\/fmriachuelo.it10.com.ar\/index.php\/wp-json\/wp\/v2\/posts\/527","targetHints":{"allow":["GET"]}}],"collection":[{"href":"http:\/\/fmriachuelo.it10.com.ar\/index.php\/wp-json\/wp\/v2\/posts"}],"about":[{"href":"http:\/\/fmriachuelo.it10.com.ar\/index.php\/wp-json\/wp\/v2\/types\/post"}],"author":[{"embeddable":true,"href":"http:\/\/fmriachuelo.it10.com.ar\/index.php\/wp-json\/wp\/v2\/users\/4"}],"replies":[{"embeddable":true,"href":"http:\/\/fmriachuelo.it10.com.ar\/index.php\/wp-json\/wp\/v2\/comments?post=527"}],"version-history":[{"count":1,"href":"http:\/\/fmriachuelo.it10.com.ar\/index.php\/wp-json\/wp\/v2\/posts\/527\/revisions"}],"predecessor-version":[{"id":23327,"href":"http:\/\/fmriachuelo.it10.com.ar\/index.php\/wp-json\/wp\/v2\/posts\/527\/revisions\/23327"}],"wp:attachment":[{"href":"http:\/\/fmriachuelo.it10.com.ar\/index.php\/wp-json\/wp\/v2\/media?parent=527"}],"wp:term":[{"taxonomy":"category","embeddable":true,"href":"http:\/\/fmriachuelo.it10.com.ar\/index.php\/wp-json\/wp\/v2\/categories?post=527"},{"taxonomy":"post_tag","embeddable":true,"href":"http:\/\/fmriachuelo.it10.com.ar\/index.php\/wp-json\/wp\/v2\/tags?post=527"}],"curies":[{"name":"wp","href":"https:\/\/api.w.org\/{rel}","templated":true}]}}