{"id":526,"date":"2015-04-23T02:02:00","date_gmt":"2015-04-23T02:02:00","guid":{"rendered":"http:\/\/fmriachuelo.observatorioess.org.ar\/index.php\/2015\/04\/23\/alianza-bolivariana-de-los-pueblos-de-america-alba\/"},"modified":"2025-03-28T15:03:50","modified_gmt":"2025-03-28T18:03:50","slug":"alianza-bolivariana-de-los-pueblos-de-america-alba","status":"publish","type":"post","link":"http:\/\/fmriachuelo.it10.com.ar\/index.php\/2015\/04\/23\/alianza-bolivariana-de-los-pueblos-de-america-alba\/","title":{"rendered":"ALIANZA BOLIVARIANA DE LOS PUEBLOS DE AMERICA, ALBA"},"content":{"rendered":"<p><span style=\"color: red;font-family: Verdana, sans-serif;font-size: large\"><strong>INTEGRACI\u00d3N<\/strong><\/span><br \/><span style=\"font-family: Verdana, sans-serif\"><strong>El ALBA presenta su Centro Regulador de Medicamentos que facilitar\u00e1 la circulaci\u00f3n de f\u00e1rmacos a los paises del bloque<\/strong><\/span><br \/><span style=\"font-family: Verdana, sans-serif\"><\/p>\n<div style=\"clear: both;text-align: center\"><strong style=\"clear: left;float: left;margin-bottom: 1em;margin-right: 1em\"><img decoding=\"async\" border=\"0\" src=\"http:\/\/2.bp.blogspot.com\/-vAC_pu0r7Es\/VThSSqlG1ZI\/AAAAAAAAECg\/jIDpbXkS9UA\/s1600\/alba-300x108.png\" \/><\/strong><\/div>\n<p><\/span><br \/><span style=\"font-family: Verdana, sans-serif\">El centro regulador de medicamentos del ALBA (ALBASALUD), fue presentado de manera oficial durante la Convenci\u00f3n Internacional Cuba-Salud 2015, que sesiona en La Habana.<\/p>\n<p>En declaraciones a la prensa, Rafael P\u00e9rez Cristi\u00e1, director del Centro para el Control Estatal de Medicamentos (CEDMED) de Cuba, indic\u00f3 que el organismo regular\u00e1 el registro de f\u00e1rmacos esenciales incluidos en los programas de salud de los pa\u00edses que conforman la Alianza Bolivariana para los Pueblos de nuestra Am\u00e9rica (ALBA).<\/span><br \/><span style=\"font-family: Verdana, sans-serif\"><\/span><a name='more'><\/a><span style=\"font-family: Verdana, sans-serif\"><br \/>A partir de esta presentaci\u00f3n los medicamentos que forman parte del cuadro b\u00e1sico de cada pa\u00eds, unidos en un cuadro b\u00e1sico com\u00fan, podr\u00e1n circular en todas las naciones del ALBA bajo un solo registro, una sola autorizaci\u00f3n, se\u00f1al\u00f3 P\u00e9rez Cristi\u00e1.<\/p>\n<p>Ser\u00e1 una herramienta que facilite el acceso a medicamentos de calidad, propiciar\u00e1 efectuar compras conjuntas que abaratar\u00e1 los precios, adem\u00e1s, facilitar\u00e1 y dar\u00e1 prioridad a los productores de los pa\u00edses del ALBA para colocar sus productos en este mecanismo, asever\u00f3 el experto.<\/p>\n<p>Indic\u00f3 que el proyecto -de car\u00e1cter transnacional- ser\u00e1 coordinado por Cuba, y el CEDMED en particular, como autoridad reguladora nacional, tomando en cuenta que tiene el reconocimiento y certificaci\u00f3n como autoridad de referencia regional por la OPS.<\/p>\n<p>CUBA-SALUD 2015 fue inaugurada la v\u00edspera en el Palacio de Convenciones de La Habana, con la asistencia de unos 40 ministros de salud p\u00fablica y delegaciones de cerca de 50 naciones.<\/p>\n<p>Colaboraci\u00f3n m\u00e9dica de Cuba y el papel de la isla en el enfrentamiento a la enfermedad por el virus de \u00c9bola, son algunos de los temas a debate en esta segunda jornada de trabajo.<\/span><\/p>\n<p><span style=\"color: blue;font-family: Verdana, sans-serif\">Fuente: Nodal, Producci\u00f3n Riachuelo<\/span><\/p>\n","protected":false},"excerpt":{"rendered":"<p>INTEGRACI\u00d3NEl ALBA presenta su Centro Regulador de Medicamentos que facilitar\u00e1 la circulaci\u00f3n de f\u00e1rmacos a los paises del bloque El centro regulador de medicamentos del ALBA (ALBASALUD), fue presentado de manera oficial durante la Convenci\u00f3n Internacional Cuba-Salud 2015, que sesiona en La Habana. En declaraciones a la prensa, Rafael P\u00e9rez Cristi\u00e1, director del Centro para [&hellip;]<\/p>\n","protected":false},"author":4,"featured_media":0,"comment_status":"open","ping_status":"open","sticky":false,"template":"","format":"standard","meta":{"_monsterinsights_skip_tracking":false,"_monsterinsights_sitenote_active":false,"_monsterinsights_sitenote_note":"","_monsterinsights_sitenote_category":0,"jnews-multi-image_gallery":[],"jnews_single_post":{"format":"standard"},"jnews_primary_category":[],"_joinchat":[],"footnotes":""},"categories":[58],"tags":[70,69],"class_list":["post-526","post","type-post","status-publish","format-standard","hentry","category-noticiariachuelo","tag-de-la-patria-grande","tag-salud"],"_links":{"self":[{"href":"http:\/\/fmriachuelo.it10.com.ar\/index.php\/wp-json\/wp\/v2\/posts\/526","targetHints":{"allow":["GET"]}}],"collection":[{"href":"http:\/\/fmriachuelo.it10.com.ar\/index.php\/wp-json\/wp\/v2\/posts"}],"about":[{"href":"http:\/\/fmriachuelo.it10.com.ar\/index.php\/wp-json\/wp\/v2\/types\/post"}],"author":[{"embeddable":true,"href":"http:\/\/fmriachuelo.it10.com.ar\/index.php\/wp-json\/wp\/v2\/users\/4"}],"replies":[{"embeddable":true,"href":"http:\/\/fmriachuelo.it10.com.ar\/index.php\/wp-json\/wp\/v2\/comments?post=526"}],"version-history":[{"count":1,"href":"http:\/\/fmriachuelo.it10.com.ar\/index.php\/wp-json\/wp\/v2\/posts\/526\/revisions"}],"predecessor-version":[{"id":23328,"href":"http:\/\/fmriachuelo.it10.com.ar\/index.php\/wp-json\/wp\/v2\/posts\/526\/revisions\/23328"}],"wp:attachment":[{"href":"http:\/\/fmriachuelo.it10.com.ar\/index.php\/wp-json\/wp\/v2\/media?parent=526"}],"wp:term":[{"taxonomy":"category","embeddable":true,"href":"http:\/\/fmriachuelo.it10.com.ar\/index.php\/wp-json\/wp\/v2\/categories?post=526"},{"taxonomy":"post_tag","embeddable":true,"href":"http:\/\/fmriachuelo.it10.com.ar\/index.php\/wp-json\/wp\/v2\/tags?post=526"}],"curies":[{"name":"wp","href":"https:\/\/api.w.org\/{rel}","templated":true}]}}