{"id":5112,"date":"2017-07-28T22:19:09","date_gmt":"2017-07-28T22:19:09","guid":{"rendered":"http:\/\/fmriachuelo.com.ar\/ljkjklj\/?p=5112"},"modified":"2017-07-28T22:19:09","modified_gmt":"2017-07-28T22:19:09","slug":"fuimos-al-obelisco-por-la-emergencia-alimentaria","status":"publish","type":"post","link":"http:\/\/fmriachuelo.it10.com.ar\/index.php\/2017\/07\/28\/fuimos-al-obelisco-por-la-emergencia-alimentaria\/","title":{"rendered":"FUIMOS AL OBELISCO POR LA EMERGENCIA ALIMENTARIA"},"content":{"rendered":"<p>[FM Riachuelo 28\/07\/2017]\u00a0Eran las 10 hs de la ma\u00f1ana del jueves 27 de julio en la ciudad de Buenos Aires. En el Obelisco iban llegando las organizaciones populares. Las mismos que <strong>una semana atr\u00e1s armaron m\u00e1s de 1.000 ollas populares en todo el pa\u00eds.<\/strong> Un plan de lucha <strong>decidido colectivamente<\/strong> <strong>por la Confederaci\u00f3n de los Trabajadores de la Econom\u00eda Popular (CTEP), Barrios de Pie y la Corriente Clasista y Colectiva (CCC).<\/strong> En esta ocasi\u00f3n prepararon sus tiendas para mostrar y ofrecer sus productos: FERIA DE LA ECONOM\u00cdA POPULAR y RADIO ABIERTA, -a cargo de FM RIACHUELO en conjunto con LA PODEROSA- fueron las herramientas que los trabajadores que se inventaron el trabajo utilizaron para alzar la voz y reclamar al gobierno la plena aplicaci\u00f3n de <strong>la LEY DE EMERGENCIA SOCIAL y la creaci\u00f3n de una LEY DE EMERGENCIA ALIMENTARIA como as\u00ed tambi\u00e9n denunciar la CRIMINALIZACI\u00d3N y REPRESI\u00d3N DE LA PROTESTA SOCIAL.<\/strong><\/p>\n<p>Lentamente la plaza se fue llenando de organizaciones y de transe\u00fantes que se iban sumando al escuchar los reclamos que se propalaban por los parlantes de la RADIO ABIERTA.<\/p>\n<p><strong>Esteban Gringo Castro, Secretario General de la CTEP<\/strong>, recordaba la importancia de frenar el avance de un plan de ajuste que quieren aplicar con represi\u00f3n.<\/p>\n<p><iframe loading=\"lazy\" title=\"27-07-2017 - ESTEBAN GRINGO CASTRO - SEC. GRAL. CTEP - CIERRE  1 by FMR\" width=\"500\" height=\"400\" scrolling=\"no\" frameborder=\"no\" src=\"https:\/\/w.soundcloud.com\/player\/?visual=true&#038;url=https%3A%2F%2Fapi.soundcloud.com%2Ftracks%2F335148873&#038;show_artwork=true&#038;maxheight=750&#038;maxwidth=500\"><\/iframe><\/p>\n<p>\u201cNo vamos a dejar que este gobierno de ricos trabaje para una minor\u00eda dejando afuera a los trabajadores\u201d, se\u00f1alaba <strong>Dina S\u00e1nchez del Frente Popular Dar\u00edo Santill\u00e1n<\/strong> resumiendo la posici\u00f3n de las organizaciones sociales que se juntaron en la calle para que sea el pueblo, los pobres y los trabajadores, el centro del proyecto de futuro digno. Y agreg\u00f3 que lo fundamental ahora es \u201cparar la mano a Macri\u201d.<\/p>\n<p>Al final de la multitudinaria actividad en la Plaza de la Rep\u00fablica, el <strong>Gringo Castro<\/strong> (Secretario General de la CTEP), <strong>Daniel Men\u00e9ndez<\/strong> (referente nacional de BARRIOS DE PIE) y <strong>Rodrigo<\/strong> (referente del Frente Popular Dar\u00edo Santill\u00e1n) nos contaron la conclusi\u00f3n de la reuni\u00f3n que tuvieron con la<strong> ministra del Desarrollo Social, Carolina Stanley.<\/strong><\/p>\n<p>Castro fue muy claro en afirmar que la primera necesidad por la cual se realiza este plan de lucha, -que comenz\u00f3 con las 1.000 ollas la semana pasada, la actividad de ayer frente al Obelisco y la tradicional marcha de San Cayetano el pr\u00f3ximo 7 de agosto -, es por la implementaci\u00f3n de una ley de emergencia alimentaria, por un aumento salarial: para que sea posible para los compa\u00f1eros comprar la comida. Contra el poder de los supermercados, de los due\u00f1os de la tierra y de las finanzas internacionales que definen nuestra alimentaci\u00f3n y sus costos.<\/p>\n<p><strong>\u201cNo queremos ajuste; no queremos represi\u00f3n.\u201d \u201cQueremos la felicidad del pueblo y la grandeza de la patria\u201d<\/strong> sentenci\u00f3 el Gringo Castro para finalizar. Todos los presentes se fueron con la firme convicci\u00f3n que la movilizaci\u00f3n del 7 de agosto, de San Cayetano a la Plaza de Mayo, superar\u00e1 con creces la del a\u00f1o pasado. Una caminata de m\u00e1s de 15 kil\u00f3metros realizada al paso del m\u00e1s lento. Para llegar unidos y con todos. <strong>Porque <em>\u201cno hay cosa m\u00e1s sin apuro que un pueblo haciendo la historia.\u201d<\/em><\/strong><br \/>\n<iframe loading=\"lazy\" title=\"HOY FUIMOS AL  OBELISCO POR LA EMERGENCIA ALIMENTARIA by FMR\" width=\"500\" height=\"450\" scrolling=\"no\" frameborder=\"no\" src=\"https:\/\/w.soundcloud.com\/player\/?visual=true&#038;url=https%3A%2F%2Fapi.soundcloud.com%2Fplaylists%2F341047206&#038;show_artwork=true&#038;maxheight=750&#038;maxwidth=500\"><\/iframe><\/p>\n\n","protected":false},"excerpt":{"rendered":"<p>[FM Riachuelo 28\/07\/2017]\u00a0Eran las 10 hs de la ma\u00f1ana del jueves 27 de julio en la ciudad de Buenos Aires. En el Obelisco iban llegando las organizaciones populares. Las mismos que una semana atr\u00e1s armaron m\u00e1s de 1.000 ollas populares en todo el pa\u00eds. Un plan de lucha decidido colectivamente por la Confederaci\u00f3n de los [&hellip;]<\/p>\n","protected":false},"author":4,"featured_media":5129,"comment_status":"open","ping_status":"open","sticky":false,"template":"","format":"standard","meta":{"_monsterinsights_skip_tracking":false,"_monsterinsights_sitenote_active":false,"_monsterinsights_sitenote_note":"","_monsterinsights_sitenote_category":0,"jnews-multi-image_gallery":[],"jnews_single_post":[],"jnews_primary_category":[],"_joinchat":[],"footnotes":""},"categories":[78],"tags":[],"class_list":["post-5112","post","type-post","status-publish","format-standard","has-post-thumbnail","hentry","category-economia-popular"],"_links":{"self":[{"href":"http:\/\/fmriachuelo.it10.com.ar\/index.php\/wp-json\/wp\/v2\/posts\/5112","targetHints":{"allow":["GET"]}}],"collection":[{"href":"http:\/\/fmriachuelo.it10.com.ar\/index.php\/wp-json\/wp\/v2\/posts"}],"about":[{"href":"http:\/\/fmriachuelo.it10.com.ar\/index.php\/wp-json\/wp\/v2\/types\/post"}],"author":[{"embeddable":true,"href":"http:\/\/fmriachuelo.it10.com.ar\/index.php\/wp-json\/wp\/v2\/users\/4"}],"replies":[{"embeddable":true,"href":"http:\/\/fmriachuelo.it10.com.ar\/index.php\/wp-json\/wp\/v2\/comments?post=5112"}],"version-history":[{"count":0,"href":"http:\/\/fmriachuelo.it10.com.ar\/index.php\/wp-json\/wp\/v2\/posts\/5112\/revisions"}],"wp:featuredmedia":[{"embeddable":true,"href":"http:\/\/fmriachuelo.it10.com.ar\/index.php\/wp-json\/"}],"wp:attachment":[{"href":"http:\/\/fmriachuelo.it10.com.ar\/index.php\/wp-json\/wp\/v2\/media?parent=5112"}],"wp:term":[{"taxonomy":"category","embeddable":true,"href":"http:\/\/fmriachuelo.it10.com.ar\/index.php\/wp-json\/wp\/v2\/categories?post=5112"},{"taxonomy":"post_tag","embeddable":true,"href":"http:\/\/fmriachuelo.it10.com.ar\/index.php\/wp-json\/wp\/v2\/tags?post=5112"}],"curies":[{"name":"wp","href":"https:\/\/api.w.org\/{rel}","templated":true}]}}