{"id":5104,"date":"2017-07-27T02:40:37","date_gmt":"2017-07-27T02:40:37","guid":{"rendered":"http:\/\/fmriachuelo.com.ar\/ljkjklj\/?p=5104"},"modified":"2017-07-27T02:40:37","modified_gmt":"2017-07-27T02:40:37","slug":"gringo-castro-no-puede-haber-hambre-en-un-pais-que-produce-alimentos-para-400-millones-de-personas","status":"publish","type":"post","link":"http:\/\/fmriachuelo.it10.com.ar\/index.php\/2017\/07\/27\/gringo-castro-no-puede-haber-hambre-en-un-pais-que-produce-alimentos-para-400-millones-de-personas\/","title":{"rendered":"GRINGO CASTRO: \u00abNO PUEDE HABER HAMBRE EN UN PA\u00cdS QUE PRODUCE ALIMENTOS PARA 400 MILLONES DE PERSONAS\u00bb"},"content":{"rendered":"<p>[FM Riachuelo 26\/07\/2017] Esta tarde Romp\u00e9 el Cerco Informativo (L a V 18 a 19 horas) entrevist\u00f3 al Gringo Castro, Secretario General de la Confederaci\u00f3n de Trabajadores de la Econom\u00eda Popular (CTEP) para conocer la continuidad del Plan de Lucha que la CTEP, la CCC y Barrios de Pie vienen llevando adelante por la declaraci\u00f3n de la Emergencia Alimentaria, la implementaci\u00f3n efectiva de la Ley de Emergencia Social y contra la represi\u00f3n que se viene produciendo en los barrios populares y contra los trabajadores.<\/p>\n<p>Adem\u00e1s de dar a conocer algunos detalles de la medida de ma\u00f1ana, que visibilizar\u00e1 el trabajo de la Economia Popular con la organizaci\u00f3n de una feria y radio abierta en el Obelisco, Castro se explay\u00f3 sobre el dif\u00edcil contexto social que se vive por las pol\u00edticas del gobierno nacional.<\/p>\n<p>Tambi\u00e9n destac\u00f3 la importancia de la movilizaci\u00f3n que se viene preparando para el 7 de agosto, d\u00eda de San Cayetano, a un a\u00f1o de la gran movilizaci\u00f3n que en el 2016 instal\u00f3 en la agenda la discusi\u00f3n de la Ley de Emergencia Social y el reconocimiento de los trabajadores de la econom\u00eda popular.<\/p>\n","protected":false},"excerpt":{"rendered":"<p>[FM Riachuelo 26\/07\/2017] Esta tarde Romp\u00e9 el Cerco Informativo (L a V 18 a 19 horas) entrevist\u00f3 al Gringo Castro, Secretario General de la Confederaci\u00f3n de Trabajadores de la Econom\u00eda Popular (CTEP) para conocer la continuidad del Plan de Lucha que la CTEP, la CCC y Barrios de Pie vienen llevando adelante por la declaraci\u00f3n [&hellip;]<\/p>\n","protected":false},"author":4,"featured_media":5105,"comment_status":"open","ping_status":"open","sticky":false,"template":"","format":"standard","meta":{"_monsterinsights_skip_tracking":false,"_monsterinsights_sitenote_active":false,"_monsterinsights_sitenote_note":"","_monsterinsights_sitenote_category":0,"jnews-multi-image_gallery":[],"jnews_single_post":[],"jnews_primary_category":[],"_joinchat":[],"footnotes":""},"categories":[78,75],"tags":[],"class_list":["post-5104","post","type-post","status-publish","format-standard","has-post-thumbnail","hentry","category-economia-popular","category-trabajo"],"_links":{"self":[{"href":"http:\/\/fmriachuelo.it10.com.ar\/index.php\/wp-json\/wp\/v2\/posts\/5104","targetHints":{"allow":["GET"]}}],"collection":[{"href":"http:\/\/fmriachuelo.it10.com.ar\/index.php\/wp-json\/wp\/v2\/posts"}],"about":[{"href":"http:\/\/fmriachuelo.it10.com.ar\/index.php\/wp-json\/wp\/v2\/types\/post"}],"author":[{"embeddable":true,"href":"http:\/\/fmriachuelo.it10.com.ar\/index.php\/wp-json\/wp\/v2\/users\/4"}],"replies":[{"embeddable":true,"href":"http:\/\/fmriachuelo.it10.com.ar\/index.php\/wp-json\/wp\/v2\/comments?post=5104"}],"version-history":[{"count":0,"href":"http:\/\/fmriachuelo.it10.com.ar\/index.php\/wp-json\/wp\/v2\/posts\/5104\/revisions"}],"wp:featuredmedia":[{"embeddable":true,"href":"http:\/\/fmriachuelo.it10.com.ar\/index.php\/wp-json\/"}],"wp:attachment":[{"href":"http:\/\/fmriachuelo.it10.com.ar\/index.php\/wp-json\/wp\/v2\/media?parent=5104"}],"wp:term":[{"taxonomy":"category","embeddable":true,"href":"http:\/\/fmriachuelo.it10.com.ar\/index.php\/wp-json\/wp\/v2\/categories?post=5104"},{"taxonomy":"post_tag","embeddable":true,"href":"http:\/\/fmriachuelo.it10.com.ar\/index.php\/wp-json\/wp\/v2\/tags?post=5104"}],"curies":[{"name":"wp","href":"https:\/\/api.w.org\/{rel}","templated":true}]}}