{"id":5098,"date":"2017-07-26T14:07:12","date_gmt":"2017-07-26T14:07:12","guid":{"rendered":"http:\/\/fmriachuelo.com.ar\/ljkjklj\/?p=5098"},"modified":"2017-07-26T14:07:12","modified_gmt":"2017-07-26T14:07:12","slug":"pepsico-amenazan-con-reprimir-a-los-trabajadores","status":"publish","type":"post","link":"http:\/\/fmriachuelo.it10.com.ar\/index.php\/2017\/07\/26\/pepsico-amenazan-con-reprimir-a-los-trabajadores\/","title":{"rendered":"PEPSICO: AMENAZAN CON REPRIMIR A LOS TRABAJADORES"},"content":{"rendered":"<p>[FM Riachuelo 26\/7\/2017] Trabajadorxs \u00a0despedidos de PepsiCo junto a \u00a0militantes sociales y referentes pol\u00edticos \u00a0realizan una protesta en la intersecci\u00f3n de las avenidas Pellegrini y Corrientes, a metros del Obelisco<strong>, <\/strong><strong>\u00a0<\/strong>para marchar luego a las puertas del Congreso Nacional y reclamar su reincorporaci\u00f3n, tal como anunciaron ayer como parte de\u00a0 su plan de lucha.<\/p>\n<p>Escuch\u00e1 lo que dice Camilo Mones, \u00a0referente de los trabajadorxs<\/p>\n<p>Seg\u00fan detallaron, los trabajadorxs presentar\u00e1n adem\u00e1s un proyecto de ley para preservar sus puestos en la planta y un pedido de interpelaci\u00f3n al ministro de Trabajo,\u00a0Jorge Triaca.<\/p>\n<p>La Polic\u00eda ya lleg\u00f3 al lugar e intim\u00f3 a los manifestantes a liberar \u00a0los carriles del Metrobus. Camilo Mones, referente de los trabajadores denunci\u00f3 que, por orden de la fiscal\u00eda 37 podr\u00edan desalojarlos pronto.<\/p>\n<p>La protesta fue anunciada luego de la audiencia realizada ayer en el Ministerio de Trabajo. Los trabajadorxs \u00a0buscan que les garanticen la continuidad laboral a quienes fueron desplazados luego de que la compa\u00f1\u00eda decidiera cerrar la planta para trasladarse a Mar del Plata.<\/p>\n<p>Durante la jornada\u00a0se reclamar\u00e1 tambi\u00e9n \u00abpor los cientos de miles de despidos y suspensiones que atraviesan el pa\u00eds\u00bb\u00a0y durante la tarde realizar\u00e1n una asamblea de mujeres que est\u00e1 organizada junto al colectivo Ni Una Menos.<\/p>\n","protected":false},"excerpt":{"rendered":"<p>[FM Riachuelo 26\/7\/2017] Trabajadorxs \u00a0despedidos de PepsiCo junto a \u00a0militantes sociales y referentes pol\u00edticos \u00a0realizan una protesta en la intersecci\u00f3n de las avenidas Pellegrini y Corrientes, a metros del Obelisco, \u00a0para marchar luego a las puertas del Congreso Nacional y reclamar su reincorporaci\u00f3n, tal como anunciaron ayer como parte de\u00a0 su plan de lucha. Escuch\u00e1 [&hellip;]<\/p>\n","protected":false},"author":4,"featured_media":5099,"comment_status":"open","ping_status":"open","sticky":false,"template":"","format":"standard","meta":{"_monsterinsights_skip_tracking":false,"_monsterinsights_sitenote_active":false,"_monsterinsights_sitenote_note":"","_monsterinsights_sitenote_category":0,"jnews-multi-image_gallery":[],"jnews_single_post":[],"jnews_primary_category":[],"_joinchat":[],"footnotes":""},"categories":[75],"tags":[],"class_list":["post-5098","post","type-post","status-publish","format-standard","has-post-thumbnail","hentry","category-trabajo"],"_links":{"self":[{"href":"http:\/\/fmriachuelo.it10.com.ar\/index.php\/wp-json\/wp\/v2\/posts\/5098","targetHints":{"allow":["GET"]}}],"collection":[{"href":"http:\/\/fmriachuelo.it10.com.ar\/index.php\/wp-json\/wp\/v2\/posts"}],"about":[{"href":"http:\/\/fmriachuelo.it10.com.ar\/index.php\/wp-json\/wp\/v2\/types\/post"}],"author":[{"embeddable":true,"href":"http:\/\/fmriachuelo.it10.com.ar\/index.php\/wp-json\/wp\/v2\/users\/4"}],"replies":[{"embeddable":true,"href":"http:\/\/fmriachuelo.it10.com.ar\/index.php\/wp-json\/wp\/v2\/comments?post=5098"}],"version-history":[{"count":0,"href":"http:\/\/fmriachuelo.it10.com.ar\/index.php\/wp-json\/wp\/v2\/posts\/5098\/revisions"}],"wp:featuredmedia":[{"embeddable":true,"href":"http:\/\/fmriachuelo.it10.com.ar\/index.php\/wp-json\/"}],"wp:attachment":[{"href":"http:\/\/fmriachuelo.it10.com.ar\/index.php\/wp-json\/wp\/v2\/media?parent=5098"}],"wp:term":[{"taxonomy":"category","embeddable":true,"href":"http:\/\/fmriachuelo.it10.com.ar\/index.php\/wp-json\/wp\/v2\/categories?post=5098"},{"taxonomy":"post_tag","embeddable":true,"href":"http:\/\/fmriachuelo.it10.com.ar\/index.php\/wp-json\/wp\/v2\/tags?post=5098"}],"curies":[{"name":"wp","href":"https:\/\/api.w.org\/{rel}","templated":true}]}}