{"id":509,"date":"2015-04-28T02:50:00","date_gmt":"2015-04-28T02:50:00","guid":{"rendered":"http:\/\/fmriachuelo.observatorioess.org.ar\/index.php\/2015\/04\/28\/caba-trabajo-esclavo\/"},"modified":"2025-03-28T15:34:03","modified_gmt":"2025-03-28T18:34:03","slug":"caba-trabajo-esclavo","status":"publish","type":"post","link":"http:\/\/fmriachuelo.it10.com.ar\/index.php\/2015\/04\/28\/caba-trabajo-esclavo\/","title":{"rendered":"CABA: TRABAJO ESCLAVO"},"content":{"rendered":"<p><span style=\"color: red;font-family: Verdana, sans-serif;font-size: large\"><strong>LAS POLITICAS DEL GOBIERNO DE LA CIUDAD:<\/strong><\/span><br \/><span style=\"color: red;font-family: Verdana, sans-serif;font-size: large\"><strong>SIN CONTROL<\/strong><\/span><br \/><span style=\"font-family: Verdana, sans-serif\"><strong>Dos ni\u00f1os bolivianos murieron en el incendio de un taller clandestino<\/strong><\/span><\/p>\n<div style=\"clear: both;text-align: center\"><a href=\"http:\/\/2.bp.blogspot.com\/-vsi9nptnatM\/VT70xMLJAuI\/AAAAAAAAEGw\/k6dyjlohri8\/s1600\/incendio-taller-textil-2-630x350.jpg\" style=\"clear: left;float: left;margin-bottom: 1em;margin-right: 1em\"><img loading=\"lazy\" decoding=\"async\" border=\"0\" src=\"http:\/\/2.bp.blogspot.com\/-vsi9nptnatM\/VT70xMLJAuI\/AAAAAAAAEGw\/k6dyjlohri8\/s1600\/incendio-taller-textil-2-630x350.jpg\" height=\"177\" width=\"320\" \/><\/a><\/div>\n<p><strong><span style=\"font-family: Verdana, sans-serif\"><\/span><\/strong><br \/><strong><span style=\"font-family: Verdana, sans-serif\">El incendio comenz\u00f3 cuando dorm\u00edan. Los dos ni\u00f1os de siete y diez a\u00f1os no pudieron salir del s\u00f3tano y murieron en el taller de costura textil que funcionaba en P\u00e1ez y Condarco, en el barrio porte\u00f1o de Flores. Los adultos pudieron escapar al fuego: una mujer de 40 y un hombre de 45 fueron atendidos en el Hospital \u00c1lvarez con graves quemaduras. Los vecinos contaron que una de las puertas de acceso estaba semi-tapiada y que en el subsuelo viv\u00edan varias personas con chicos. La semana pasada la justicia detuvo a un matrimonio que tortur\u00f3 durante m\u00e1s de dos a\u00f1os a una mujer en otro taller textil de Villa Celina.<i>&nbsp; <\/i><\/span><\/strong><br \/><a name='more'><\/a><br \/><span style=\"font-family: Verdana, sans-serif\">El fuego empez\u00f3 pasadas las 10 y media de la ma\u00f1ana de hoy, 27 de abril. Un vecino llam\u00f3 al 911 y a la planta baja de P\u00e1ez al 2700 llegaron los polic\u00edas de la Comisar\u00eda 50, el SAME y los bomberos. \u201cNormalmente en estos lugares las instalaciones el\u00e9ctricas son demasiado precarias y no habr\u00eda que descartar que un cortocircuito haya sido el causante del incendio\u201d, dijo Claudio Maggi, a cargo del operativo que de los bomberos de la Polic\u00eda Federal. Los procedimientos se complicaron porque la puerta estaba semi-tapiada y porque hubo un peque\u00f1o derrumbe dentro del edificio.<\/p>\n<p>Amparo Menchaca y Juli\u00e1n Rojas sobrevivieron. Viv\u00edan en el viejo edificio con los dos ni\u00f1os que murieron: uno era un hijo de crianza y el otro un sobrino. Todos ven\u00edan de Bolivia, seg\u00fan public\u00f3 Infojus Noticias. Cuando declararon ante la polic\u00eda, dijeron que trabajaban en el lugar por decisi\u00f3n propia. Seg\u00fan la Agencia Gubernamental de Control, el lugar no ten\u00eda habilitaci\u00f3n<\/p>\n<p>En la casa la polic\u00eda encontr\u00f3 m\u00e1quinas para la confecci\u00f3n de ropas y rollos de tela. Los objetos encontrados coinciden con los relatos de los vecinos sobre el taller textil. La causa qued\u00f3 a cargo de la fiscal\u00eda de instrucci\u00f3n 22. El fiscal Jos\u00e9 Cubr\u00eda investiga la muerte de los ni\u00f1os bajo la car\u00e1tula \u201cincendio seguido de muerte\u201d y el origen del incendio.<\/p>\n<p>En una casa del barrio Sarmiento, el matrimonio de Eliana y Abd\u00f3n <\/span><span style=\"font-family: Verdana, sans-serif\">tortur\u00f3 a Rosa<\/span><span style=\"font-family: Verdana, sans-serif\"> durante dos a\u00f1os y medio. No ten\u00eda cama: dorm\u00eda tirada en el piso, atada y desnuda. Tampoco ten\u00eda DNI, comida ni forma de comunicarse con la familia, que vive en Bolivia. La hicieron trabajar en un taller textil dom\u00e9stico hasta que la semana pasada la Justicia detuvo a la pareja. Rosa -que hab\u00eda llegado al pa\u00eds con la promesa de un trabajo- qued\u00f3 internada por los golpes y las heridas.<\/span><br \/><span style=\"color: blue;font-family: Verdana\">Fuente: Anred, Producci\u00f3n Riachuelo<\/span><\/p>\n","protected":false},"excerpt":{"rendered":"<p>LAS POLITICAS DEL GOBIERNO DE LA CIUDAD:SIN CONTROLDos ni\u00f1os bolivianos murieron en el incendio de un taller clandestino El incendio comenz\u00f3 cuando dorm\u00edan. Los dos ni\u00f1os de siete y diez a\u00f1os no pudieron salir del s\u00f3tano y murieron en el taller de costura textil que funcionaba en P\u00e1ez y Condarco, en el barrio porte\u00f1o de [&hellip;]<\/p>\n","protected":false},"author":4,"featured_media":0,"comment_status":"open","ping_status":"open","sticky":false,"template":"","format":"standard","meta":{"_monsterinsights_skip_tracking":false,"_monsterinsights_sitenote_active":false,"_monsterinsights_sitenote_note":"","_monsterinsights_sitenote_category":0,"jnews-multi-image_gallery":[],"jnews_single_post":{"format":"standard"},"jnews_primary_category":[],"_joinchat":[],"footnotes":""},"categories":[58],"tags":[81,148],"class_list":["post-509","post","type-post","status-publish","format-standard","hentry","category-noticiariachuelo","tag-aguafuertes-portenas","tag-trabajo"],"_links":{"self":[{"href":"http:\/\/fmriachuelo.it10.com.ar\/index.php\/wp-json\/wp\/v2\/posts\/509","targetHints":{"allow":["GET"]}}],"collection":[{"href":"http:\/\/fmriachuelo.it10.com.ar\/index.php\/wp-json\/wp\/v2\/posts"}],"about":[{"href":"http:\/\/fmriachuelo.it10.com.ar\/index.php\/wp-json\/wp\/v2\/types\/post"}],"author":[{"embeddable":true,"href":"http:\/\/fmriachuelo.it10.com.ar\/index.php\/wp-json\/wp\/v2\/users\/4"}],"replies":[{"embeddable":true,"href":"http:\/\/fmriachuelo.it10.com.ar\/index.php\/wp-json\/wp\/v2\/comments?post=509"}],"version-history":[{"count":1,"href":"http:\/\/fmriachuelo.it10.com.ar\/index.php\/wp-json\/wp\/v2\/posts\/509\/revisions"}],"predecessor-version":[{"id":23349,"href":"http:\/\/fmriachuelo.it10.com.ar\/index.php\/wp-json\/wp\/v2\/posts\/509\/revisions\/23349"}],"wp:attachment":[{"href":"http:\/\/fmriachuelo.it10.com.ar\/index.php\/wp-json\/wp\/v2\/media?parent=509"}],"wp:term":[{"taxonomy":"category","embeddable":true,"href":"http:\/\/fmriachuelo.it10.com.ar\/index.php\/wp-json\/wp\/v2\/categories?post=509"},{"taxonomy":"post_tag","embeddable":true,"href":"http:\/\/fmriachuelo.it10.com.ar\/index.php\/wp-json\/wp\/v2\/tags?post=509"}],"curies":[{"name":"wp","href":"https:\/\/api.w.org\/{rel}","templated":true}]}}