{"id":5087,"date":"2017-07-26T03:29:52","date_gmt":"2017-07-26T03:29:52","guid":{"rendered":"http:\/\/fmriachuelo.com.ar\/ljkjklj\/?p=5087"},"modified":"2017-07-26T03:29:52","modified_gmt":"2017-07-26T03:29:52","slug":"justicia-por-nehuen-el-22-de-agosto-inicia-el-juicio-oral","status":"publish","type":"post","link":"http:\/\/fmriachuelo.it10.com.ar\/index.php\/2017\/07\/26\/justicia-por-nehuen-el-22-de-agosto-inicia-el-juicio-oral\/","title":{"rendered":"JUSTICIA POR NEHUEN: EL 22 DE AGOSTO INICIA EL JUICIO ORAL"},"content":{"rendered":"<p>[FM RIACHUELO 25\/07\/2017] Gracias a la lucha de familiares, vecinos y organizaciones sociales del barrio de La Boca, el caso de Nehuen Rodriguez lleg\u00f3 a juicio oral. La audiencia iniciar\u00e1 el pr\u00f3ximo 22 de agosto a las 9 de la ma\u00f1ana, en Tribunales (Talcahuano 550).<\/p>\n<p>Roxana Cainzos, la mam\u00e1 del joven atropellado\u00a0 en 2014 por un patrullero de la Metropolitana, habl\u00f3 con FM Riachuelo y explic\u00f3 que la participaci\u00f3n de los vecinos del barrio y la solidaridad de las organizaciones sociales fueron fundamentales para que esto ocurriera: \u201cCon la lucha llegamos a un juicio oral que es muy importante para nosotros, que al menos no nos vulneren ese derecho, ya que nos pisotearon tantos otros.\u201d<\/p>\n<p>Las fuerzas represivas han desatado en \u00e9ste \u00faltimo tiempo una cacer\u00eda contra los j\u00f3venes de los barrios m\u00e1s humildes. Con la ayuda de los medios concentrados, se intenta constantemente instalar en el sentido com\u00fan la idea de \u201cpeligrosidad\u201d de los pibes y pibas pobres, y de \u00e9sta manera justificar la persecuci\u00f3n, humillaci\u00f3n y\u00a0la escalada de violencia.<\/p>\n<p>Al caso de Nehuen, se suman los recientes de Cristian Toledo, asesinado luego de una discusi\u00f3n con la polic\u00eda, y el de Nicol\u00e1s Arriola, que volv\u00eda de estudiar cuando fue perseguido y encarcelado arbitrariamente. Al respecto, Roxana Cainzos reiter\u00f3 la necesidad de salir a la calle y exigir justicia para visibilizar la impunidad con la que act\u00faa la polic\u00eda: \u201cCon el caso de\u00a0 Nicol\u00e1s, vimos el resultado. Gracias a\u00a0 la organizaci\u00f3n en la calle, pudimos lograr que hoy est\u00e9 en libertad, y el caso de de Cristian tampoco va a quedar impune, pero para eso no tenemos que tener miedo. Seguir en la lucha y organizados. Est\u00e1n en juegos los derechos de nuestros hijos y de la juventud. Una juventud que es nuestro futuro.\u201d<\/p>\n<p><iframe loading=\"lazy\" title=\"25 - 07 - 2017 - ENTREVISTA  ROXANA CAINZOS MAMA DE NEHUEN by FMR\" width=\"500\" height=\"400\" scrolling=\"no\" frameborder=\"no\" src=\"https:\/\/w.soundcloud.com\/player\/?visual=true&#038;url=https%3A%2F%2Fapi.soundcloud.com%2Ftracks%2F334850090&#038;show_artwork=true&#038;maxheight=750&#038;maxwidth=500\"><\/iframe><\/p>\n","protected":false},"excerpt":{"rendered":"<p>[FM RIACHUELO 25\/07\/2017] Gracias a la lucha de familiares, vecinos y organizaciones sociales del barrio de La Boca, el caso de Nehuen Rodriguez lleg\u00f3 a juicio oral. La audiencia iniciar\u00e1 el pr\u00f3ximo 22 de agosto a las 9 de la ma\u00f1ana, en Tribunales (Talcahuano 550). Roxana Cainzos, la mam\u00e1 del joven atropellado\u00a0 en 2014 por [&hellip;]<\/p>\n","protected":false},"author":4,"featured_media":5149,"comment_status":"open","ping_status":"open","sticky":false,"template":"","format":"standard","meta":{"_monsterinsights_skip_tracking":false,"_monsterinsights_sitenote_active":false,"_monsterinsights_sitenote_note":"","_monsterinsights_sitenote_category":0,"jnews-multi-image_gallery":[],"jnews_single_post":[],"jnews_primary_category":[],"_joinchat":[],"footnotes":""},"categories":[78],"tags":[],"class_list":["post-5087","post","type-post","status-publish","format-standard","has-post-thumbnail","hentry","category-economia-popular"],"_links":{"self":[{"href":"http:\/\/fmriachuelo.it10.com.ar\/index.php\/wp-json\/wp\/v2\/posts\/5087","targetHints":{"allow":["GET"]}}],"collection":[{"href":"http:\/\/fmriachuelo.it10.com.ar\/index.php\/wp-json\/wp\/v2\/posts"}],"about":[{"href":"http:\/\/fmriachuelo.it10.com.ar\/index.php\/wp-json\/wp\/v2\/types\/post"}],"author":[{"embeddable":true,"href":"http:\/\/fmriachuelo.it10.com.ar\/index.php\/wp-json\/wp\/v2\/users\/4"}],"replies":[{"embeddable":true,"href":"http:\/\/fmriachuelo.it10.com.ar\/index.php\/wp-json\/wp\/v2\/comments?post=5087"}],"version-history":[{"count":0,"href":"http:\/\/fmriachuelo.it10.com.ar\/index.php\/wp-json\/wp\/v2\/posts\/5087\/revisions"}],"wp:featuredmedia":[{"embeddable":true,"href":"http:\/\/fmriachuelo.it10.com.ar\/index.php\/wp-json\/"}],"wp:attachment":[{"href":"http:\/\/fmriachuelo.it10.com.ar\/index.php\/wp-json\/wp\/v2\/media?parent=5087"}],"wp:term":[{"taxonomy":"category","embeddable":true,"href":"http:\/\/fmriachuelo.it10.com.ar\/index.php\/wp-json\/wp\/v2\/categories?post=5087"},{"taxonomy":"post_tag","embeddable":true,"href":"http:\/\/fmriachuelo.it10.com.ar\/index.php\/wp-json\/wp\/v2\/tags?post=5087"}],"curies":[{"name":"wp","href":"https:\/\/api.w.org\/{rel}","templated":true}]}}