{"id":5080,"date":"2017-07-25T15:09:08","date_gmt":"2017-07-25T15:09:08","guid":{"rendered":"http:\/\/fmriachuelo.com.ar\/ljkjklj\/?p=5080"},"modified":"2017-07-25T15:09:08","modified_gmt":"2017-07-25T15:09:08","slug":"crisis-cresta-roja-se-suma-a-la-ola-de-despidos","status":"publish","type":"post","link":"http:\/\/fmriachuelo.it10.com.ar\/index.php\/2017\/07\/25\/crisis-cresta-roja-se-suma-a-la-ola-de-despidos\/","title":{"rendered":"CRISIS: CRESTA ROJA SE SUMA A LA OLA DE DESPIDOS"},"content":{"rendered":"<p>[FM Riachuelo 25\/07\/2017] Los trabajadores de Cresta Roja agrupados en lucha volvieron a cortar la autopista Ezeiza-Ca\u00f1uelas para reclamar por la reincorporaci\u00f3n de los 51 compa\u00f1eros despedidos, as\u00ed como tambi\u00e9n por el pago de las indemnizaciones adeudadas desde la gesti\u00f3n anterior de la empresa del a\u00f1o 2015.<\/p>\n<p>El conflicto comenz\u00f3 luego que el pasado mi\u00e9rcoles se encontraran con una lista de despidos, posteriormente hubo una conciliaci\u00f3n obligatoria dictada por parte del Ministerio de Trabajo, que los oblig\u00f3 a retomar sus tareas, \u00a0y ning\u00fan trabajador a pesar de ello qued\u00f3 reincorporado.<\/p>\n<p>Este lunes lxs trabajadorxs se encontraron con la planta rodeada por gendarmer\u00eda, misma metodolog\u00eda utilizada para desalojar y reprimir en PepsiCo\u00a0 semanas atr\u00e1s.\u00a0 La empresa mantuvo cerradas las puertas de la planta 1 y 2 poniendo en\u00a0 peligro m\u00e1s de 1200 puestos de trabajo por la decisi\u00f3n de la patronal<\/p>\n<p>A las 15 hs est\u00e1 prevista una audiencia entre las partes en el Ministerio de Trabajo para hallar una soluci\u00f3n que de fin al conflicto.<\/p>\n","protected":false},"excerpt":{"rendered":"<p>[FM Riachuelo 25\/07\/2017] Los trabajadores de Cresta Roja agrupados en lucha volvieron a cortar la autopista Ezeiza-Ca\u00f1uelas para reclamar por la reincorporaci\u00f3n de los 51 compa\u00f1eros despedidos, as\u00ed como tambi\u00e9n por el pago de las indemnizaciones adeudadas desde la gesti\u00f3n anterior de la empresa del a\u00f1o 2015. El conflicto comenz\u00f3 luego que el pasado mi\u00e9rcoles [&hellip;]<\/p>\n","protected":false},"author":4,"featured_media":5083,"comment_status":"open","ping_status":"open","sticky":false,"template":"","format":"standard","meta":{"_monsterinsights_skip_tracking":false,"_monsterinsights_sitenote_active":false,"_monsterinsights_sitenote_note":"","_monsterinsights_sitenote_category":0,"jnews-multi-image_gallery":[],"jnews_single_post":[],"jnews_primary_category":[],"_joinchat":[],"footnotes":""},"categories":[75],"tags":[],"class_list":["post-5080","post","type-post","status-publish","format-standard","has-post-thumbnail","hentry","category-trabajo"],"_links":{"self":[{"href":"http:\/\/fmriachuelo.it10.com.ar\/index.php\/wp-json\/wp\/v2\/posts\/5080","targetHints":{"allow":["GET"]}}],"collection":[{"href":"http:\/\/fmriachuelo.it10.com.ar\/index.php\/wp-json\/wp\/v2\/posts"}],"about":[{"href":"http:\/\/fmriachuelo.it10.com.ar\/index.php\/wp-json\/wp\/v2\/types\/post"}],"author":[{"embeddable":true,"href":"http:\/\/fmriachuelo.it10.com.ar\/index.php\/wp-json\/wp\/v2\/users\/4"}],"replies":[{"embeddable":true,"href":"http:\/\/fmriachuelo.it10.com.ar\/index.php\/wp-json\/wp\/v2\/comments?post=5080"}],"version-history":[{"count":0,"href":"http:\/\/fmriachuelo.it10.com.ar\/index.php\/wp-json\/wp\/v2\/posts\/5080\/revisions"}],"wp:featuredmedia":[{"embeddable":true,"href":"http:\/\/fmriachuelo.it10.com.ar\/index.php\/wp-json\/"}],"wp:attachment":[{"href":"http:\/\/fmriachuelo.it10.com.ar\/index.php\/wp-json\/wp\/v2\/media?parent=5080"}],"wp:term":[{"taxonomy":"category","embeddable":true,"href":"http:\/\/fmriachuelo.it10.com.ar\/index.php\/wp-json\/wp\/v2\/categories?post=5080"},{"taxonomy":"post_tag","embeddable":true,"href":"http:\/\/fmriachuelo.it10.com.ar\/index.php\/wp-json\/wp\/v2\/tags?post=5080"}],"curies":[{"name":"wp","href":"https:\/\/api.w.org\/{rel}","templated":true}]}}