{"id":5077,"date":"2017-07-25T14:17:24","date_gmt":"2017-07-25T14:17:24","guid":{"rendered":"http:\/\/fmriachuelo.com.ar\/ljkjklj\/?p=5077"},"modified":"2017-07-25T14:17:24","modified_gmt":"2017-07-25T14:17:24","slug":"pepsico-y-la-lucha-de-todos-los-trabajadores","status":"publish","type":"post","link":"http:\/\/fmriachuelo.it10.com.ar\/index.php\/2017\/07\/25\/pepsico-y-la-lucha-de-todos-los-trabajadores\/","title":{"rendered":"PEPSICO Y  LA LUCHA DE TODOS LOS TRABAJADORES"},"content":{"rendered":"<p>[FM Riachuelo, 25\/7\/2017] \u00a0Lxs trabajadorxs despedidos, desalojados y reprimidos de la planta de PepsiCo siguen manteniendo el reclamo por su reincorporaci\u00f3n y la reapertura de la misma.<\/p>\n<p>Hoy martes 25 comenz\u00f3 el plan de lucha que resolvieron en Asamblea\u00a0 en la carpa instalada ayer frente al Congreso. \u00a0Por la ma\u00f1ana concentraron en el \u00a0Obelisco para luego marchar hacia el Congreso Nacional \u00a0acompa\u00f1ados por trabajadorxs de La Seren\u00edsima, Cresta Roja y \u00a0Kraft , entre otros.<\/p>\n<p>Su pelea se ha convertido en una causa popular\u00a0que convoca a diversos sectores \u00a0de trabajadorxs, organizaciones sociales y partidos pol\u00edticos. El objetivo ser\u00e1\u00a0enfrentar una pol\u00edtica econ\u00f3mica, cultural y social, que condena al hambre \u00a0a gran parte de la poblaci\u00f3n, atacando la organizaci\u00f3n y toda forma\u00a0colectiva de solidaridad.<\/p>\n<p>El lunes 24 instalaron una\u00a0 carpa frente al Congreso\u00a0 que se convirti\u00f3 en un punto de encuentro para realizar asambleas conjuntas con otros sectores que est\u00e1n atravesando por las mismas situaciones. La carpa se transform\u00f3 en un importante centro de organizaci\u00f3n popular para presionar \u00a0contra los despidos que est\u00e1n sucediendo en todo el pa\u00eds, \u00a0as\u00ed se manifestaron en solidaridad con todo el campo obrero. Durante esta semana, van a estar realizando actividades culturales y asambleas de diferentes colectivos.<\/p>\n<p>Luego de la brutal represi\u00f3n y el desalojo sufrido semanas atr\u00e1s, los trabajadorxs de Pepsico recibieron a sindicatos, diputados, periodistas y diferentes organizaciones junto a cientos de familias que se acercaron a dejar sus aportes al fondo de lucha.<\/p>\n","protected":false},"excerpt":{"rendered":"<p>[FM Riachuelo, 25\/7\/2017] \u00a0Lxs trabajadorxs despedidos, desalojados y reprimidos de la planta de PepsiCo siguen manteniendo el reclamo por su reincorporaci\u00f3n y la reapertura de la misma. Hoy martes 25 comenz\u00f3 el plan de lucha que resolvieron en Asamblea\u00a0 en la carpa instalada ayer frente al Congreso. \u00a0Por la ma\u00f1ana concentraron en el \u00a0Obelisco para [&hellip;]<\/p>\n","protected":false},"author":4,"featured_media":5078,"comment_status":"open","ping_status":"open","sticky":false,"template":"","format":"standard","meta":{"_monsterinsights_skip_tracking":false,"_monsterinsights_sitenote_active":false,"_monsterinsights_sitenote_note":"","_monsterinsights_sitenote_category":0,"jnews-multi-image_gallery":[],"jnews_single_post":[],"jnews_primary_category":[],"_joinchat":[],"footnotes":""},"categories":[76,74,75],"tags":[],"class_list":["post-5077","post","type-post","status-publish","format-standard","has-post-thumbnail","hentry","category-salud-comunitaria","category-san-cayetano","category-trabajo"],"_links":{"self":[{"href":"http:\/\/fmriachuelo.it10.com.ar\/index.php\/wp-json\/wp\/v2\/posts\/5077","targetHints":{"allow":["GET"]}}],"collection":[{"href":"http:\/\/fmriachuelo.it10.com.ar\/index.php\/wp-json\/wp\/v2\/posts"}],"about":[{"href":"http:\/\/fmriachuelo.it10.com.ar\/index.php\/wp-json\/wp\/v2\/types\/post"}],"author":[{"embeddable":true,"href":"http:\/\/fmriachuelo.it10.com.ar\/index.php\/wp-json\/wp\/v2\/users\/4"}],"replies":[{"embeddable":true,"href":"http:\/\/fmriachuelo.it10.com.ar\/index.php\/wp-json\/wp\/v2\/comments?post=5077"}],"version-history":[{"count":0,"href":"http:\/\/fmriachuelo.it10.com.ar\/index.php\/wp-json\/wp\/v2\/posts\/5077\/revisions"}],"wp:featuredmedia":[{"embeddable":true,"href":"http:\/\/fmriachuelo.it10.com.ar\/index.php\/wp-json\/"}],"wp:attachment":[{"href":"http:\/\/fmriachuelo.it10.com.ar\/index.php\/wp-json\/wp\/v2\/media?parent=5077"}],"wp:term":[{"taxonomy":"category","embeddable":true,"href":"http:\/\/fmriachuelo.it10.com.ar\/index.php\/wp-json\/wp\/v2\/categories?post=5077"},{"taxonomy":"post_tag","embeddable":true,"href":"http:\/\/fmriachuelo.it10.com.ar\/index.php\/wp-json\/wp\/v2\/tags?post=5077"}],"curies":[{"name":"wp","href":"https:\/\/api.w.org\/{rel}","templated":true}]}}