{"id":507,"date":"2015-04-28T16:26:00","date_gmt":"2015-04-28T16:26:00","guid":{"rendered":"http:\/\/fmriachuelo.observatorioess.org.ar\/index.php\/2015\/04\/28\/un-nuevo-caso-de-violencia-de-genero-esta-vez-es-la-justicia-la-responsable\/"},"modified":"2025-03-28T15:36:11","modified_gmt":"2025-03-28T18:36:11","slug":"un-nuevo-caso-de-violencia-de-genero-esta-vez-es-la-justicia-la-responsable","status":"publish","type":"post","link":"http:\/\/fmriachuelo.it10.com.ar\/index.php\/2015\/04\/28\/un-nuevo-caso-de-violencia-de-genero-esta-vez-es-la-justicia-la-responsable\/","title":{"rendered":"UN NUEVO CASO DE VIOLENCIA DE G\u00c9NERO: ESTA VEZ ES LA JUSTICIA LA RESPONSABLE"},"content":{"rendered":"<p><span style=\"color: red;font-family: Verdana, sans-serif;font-size: large\"><strong>INJUSTICIA<\/strong><\/span><br \/><strong><span style=\"font-family: Verdana\">Denuncian que la metieron presa para quitarle su beba<\/span><\/strong><\/p>\n<div style=\"clear: both;text-align: center\"><a href=\"http:\/\/1.bp.blogspot.com\/-eR4OF_uUDDg\/VT-0bZpT01I\/AAAAAAAAEHQ\/jshjdNt90vk\/s1600\/violencia.jpg\" style=\"clear: left;float: left;margin-bottom: 1em;margin-right: 1em\"><img loading=\"lazy\" decoding=\"async\" border=\"0\" src=\"http:\/\/1.bp.blogspot.com\/-eR4OF_uUDDg\/VT-0bZpT01I\/AAAAAAAAEHQ\/jshjdNt90vk\/s1600\/violencia.jpg\" height=\"320\" width=\"247\" \/><\/a><\/div>\n<p><span style=\"font-family: Verdana, sans-serif\">J\u00e9sica Gerez, la chica de la foto, est\u00e1 presa en el penal bonaerense de Magdalena desde hace 21 meses, acusada de intentar matar a su beba Lola, apenas nacida.<br \/>El 17 de julio de 2013 una vecina la encontr\u00f3 dentro de su casa desvanecida, tirada en el suelo, y con la beba a su lado -con un golpe en la cabeza-.<br \/>J\u00e9sica ya ten\u00eda otros tres hijos, producto de una t\u00f3xica relaci\u00f3n con un var\u00f3n que la somet\u00eda a violencia f\u00edsica, psicol\u00f3gica y econ\u00f3mica.<br \/> Ya separados, el sujeto la segu\u00eda presionando y manipulando para mantener relaciones sexuales.<br \/> As\u00ed result\u00f3 embarazada.<\/span><a name='more'><\/a><span style=\"font-family: Verdana, sans-serif\"><br \/> Y llegaron las amenazas, porque ese ex ya estaba en pareja nuevamente.<br \/> Ocult\u00f3 el embarazo la joven, a su familia y allegados.<br \/> Aquel d\u00eda, naci\u00f3 Lola sin asistencia m\u00e9dica.<br \/> Ambas fueron trasladadas al Hospital de Berazategui.<br \/> Intervino la fiscal Mar\u00eda de los Angeles Attarian Mena, que dispuso una guardia policial para la joven mam\u00e1 y orden\u00f3 que la esposen a la cama.<br \/> Nunca hablaron Mar\u00eda de los Angeles y J\u00e9sica.<br \/> A los cuatro d\u00edas, la chica fue enviada a la c\u00e1rcel. Ah\u00ed se qued\u00f3.<br \/> A los 10 d\u00edas, Lola fue dada de alta, y retirada del hospital por la fiscal.<br \/> Desde ese momento, la familia busca a Lola y lucha por la libertad de J\u00e9sica.<br \/> No consiguen ni una, ni otra.<br \/> Les pidieron 50 mil pesos para \u201carreglar todo\u201d, pero son pobres.<br \/> Entonces les piden que J\u00e9sica se declare culpable, as\u00ed le dan \u201cs\u00f3lo\u201d cuatro a\u00f1os y sale \u201cal toque\u201d.<br \/>Tambi\u00e9n les piden que firmen y entreguen en adopci\u00f3n a Lola.<br \/> S\u00ed, todo esto lo cont\u00e9 ayer, ac\u00e1 mismo, pero sigue igual, con J\u00e9sica presa y Lola lejos de su familia.<br \/> As\u00ed que, como es intolerable la impunidad, lo repetiremos las veces que haga falta.<\/span><br \/><span style=\"font-family: Verdana\"><strong><\/strong><\/span><br \/><span style=\"font-family: Verdana\"><strong>La historia<\/strong><\/span><br \/><span style=\"font-family: Verdana, sans-serif\">Lola es una beba de un a\u00f1o y nueve meses. El \u00fanico mimo que recibi\u00f3 de su madre fue cuando naci\u00f3 y la bes\u00f3 en la mano, por \u00abgentileza\u00bb de una enfermera de un hospital de Berazategui. Es que la mujer estaba esposada a la cama, por pedido de una fiscal que la acus\u00f3 de intentar matar a la criatura cuando la dio a luz en su casa, en completa soledad y tras ocultar todo el embarazo por miedo a su ex pareja. Apenas tuvo el alta, fue enviada al penal de Magdalena, sin tomarle declaraci\u00f3n. Su hijita, que hab\u00eda llegado con un golpe en la cabeza, fue separada de ella y tambi\u00e9n de su familia, y nadie sabe actualmente d\u00f3nde y c\u00f3mo se encuentra.<\/p>\n<p>\u00abLa justicia es un horror. Acusan a mi hija de asesina y se apropiaron de mi nieta. Me sacaron todo\u00bb, cont\u00f3 Marcela, madre de J\u00e9sica y abuela de Lola, en el patio de su casa en la localidad de Hudson, donde cuida a los otros ni\u00f1os de su hija, tres chiquitos de 6, 5 y 3 a\u00f1os, que apenas ven a su mam\u00e1 dos veces por mes, cuando la visitan en el penal.<\/p>\n<p>El 17 de julio de 2013, J\u00e9sica fue encontrada por una vecina en el interior de su casa, desvanecida y en medio de un charco de sangre. A su lado, estaba una beba reci\u00e9n nacida. La chica, que ahora tiene 23 a\u00f1os, no le hab\u00eda contado a nadie del embarazo. \u00abEs que ella se hab\u00eda separado del padre de sus tres nenes y ten\u00eda miedo. Lo \u00fanico que nos dijo en este tiempo es que estaba amenazada. Pero jam\u00e1s quiso matar a su beba, simplemente la tuvo sola y se desmay\u00f3. La gordita estaba golpeada. Y la fiscal Mar\u00eda de los Angeles Attarian Mena la acus\u00f3 de intento de homicidio desde el primer d\u00eda. Hasta la espos\u00f3 a la cama, con guardia policial como si fuera una asesina. Luego la mand\u00f3 a un penal en Magdalena y ah\u00ed la tiene abandonada. Ni siquiera la escuch\u00f3, y se niega a darle al menos una prisi\u00f3n domiciliaria\u00bb, dijo Marcela.<\/p>\n<p>Tanto J\u00e9sica como Lola fueron trasladadas de urgencia al Hospital Evita Pueblo. \u00abEse d\u00eda, por la noche, una enfermera le llev\u00f3 la beba a Jesi para que se conozcan. Le pudo besar la manito. Despu\u00e9s se la llevaron. Nunca m\u00e1s la vio. A los cuatro d\u00edas, a mi hija le dieron el alta y la encerraron en Magdalena. Mi nietita estuvo diez d\u00edas internada. Nosotros, su familia, fuimos todos los d\u00edas a verla. Una ma\u00f1ana llegu\u00e9 y una enfermera me dijo que el d\u00eda anterior, apenas me hab\u00eda ido, la fiscal Attarian Mena se la hab\u00eda llevado. Desde ese momento no sabemos c\u00f3mo est\u00e1 Lola, ni siquiera d\u00f3nde la tienen\u00bb, explic\u00f3 la mujer.<\/p>\n<p>La familia de J\u00e9sica y Lola est\u00e1 absolutamente unida para lograr justicia. No para de luchar. El bisabuelo Ram\u00f3n, la t\u00eda Paola, la hermana Sof\u00eda, la madre Marcela y muchos m\u00e1s, que se reparten tareas para cuidar a los hijos de la joven y, al mismo tiempo, golpear puertas para tratar de ubicar a Lola y lograr la libertad de J\u00e9sica. Pero lo \u00fanico que reciben es desidia. \u00abLa fiscal jam\u00e1s me atendi\u00f3. La \u00faltima vez que fui a la fiscal\u00eda, me dijeron que ah\u00ed ya no tienen la causa, porque fue elevada a juicio. La fecha del debate oral es para agosto de 2017. Un desastre\u00bb, cont\u00f3 Marcela.<\/p>\n<p>Al comienzo de la instrucci\u00f3n del caso, un abogado le comunic\u00f3 a la familia que \u00abpor 50.000 pesos, en la fiscal\u00eda arreglaban todo\u00bb,<\/p>\n<p>\u00abMe dijeron que liberaban a J\u00e9sica y nos devolv\u00edan a Lola, pero nosotros no tenemos dinero, somos trabajadores. Hace poco nos ofrecieron acelerar todo el proceso, y que J\u00e9sica se declare culpable, as\u00ed le daban cuatro a\u00f1os de prisi\u00f3n nada m\u00e1s. Mi hija no quiso firmar, se enoj\u00f3 mucho con eso, porque ella jam\u00e1s hubiera lastimado a Lola. Todo lo contrario. Me pide que siga luchando para recuperar a su hija, que mueva cielo y tierra para encontrarla. Pero no hay caso. Lo \u00fanico que nos dicen es que Lola est\u00e1 bien, en un hogar. La queremos con nosotros. Si fu\u00e9ramos peligrosos ya me habr\u00edan sacado a los otros hijos de Jesi, pero ac\u00e1 est\u00e1n, cuidados, con amor, van al cole\u00bb, manifest\u00f3 Marcela.<\/p>\n<p>Los detalles, que no son ins\u00f3litos sino directamente macabros, de la violencia institucional que sufren Lola, J\u00e9sica y su familia, no se detienen. \u00abEn el \u00faltimo tiempo nos vienen proponiendo que firmemos para terminar con el reclamo por la tenencia de Lola, y que la demos en adopci\u00f3n. Una locura. Vamos a pedir siempre por ella. La queremos en casa, con su madre y los hermanitos\u00bb, cerr\u00f3 la mujer.<\/span><br \/><span style=\"color: blue;font-family: Verdana\">Fuente: Diario Popular, Producci\u00f3n Riachuelo<\/span><\/p>\n","protected":false},"excerpt":{"rendered":"<p>INJUSTICIADenuncian que la metieron presa para quitarle su beba J\u00e9sica Gerez, la chica de la foto, est\u00e1 presa en el penal bonaerense de Magdalena desde hace 21 meses, acusada de intentar matar a su beba Lola, apenas nacida.El 17 de julio de 2013 una vecina la encontr\u00f3 dentro de su casa desvanecida, tirada en el [&hellip;]<\/p>\n","protected":false},"author":4,"featured_media":0,"comment_status":"open","ping_status":"open","sticky":false,"template":"","format":"standard","meta":{"_monsterinsights_skip_tracking":false,"_monsterinsights_sitenote_active":false,"_monsterinsights_sitenote_note":"","_monsterinsights_sitenote_category":0,"jnews-multi-image_gallery":[],"jnews_single_post":{"format":"standard"},"jnews_primary_category":[],"_joinchat":[],"footnotes":""},"categories":[58],"tags":[100],"class_list":["post-507","post","type-post","status-publish","format-standard","hentry","category-noticiariachuelo","tag-violencia-de-genero"],"_links":{"self":[{"href":"http:\/\/fmriachuelo.it10.com.ar\/index.php\/wp-json\/wp\/v2\/posts\/507","targetHints":{"allow":["GET"]}}],"collection":[{"href":"http:\/\/fmriachuelo.it10.com.ar\/index.php\/wp-json\/wp\/v2\/posts"}],"about":[{"href":"http:\/\/fmriachuelo.it10.com.ar\/index.php\/wp-json\/wp\/v2\/types\/post"}],"author":[{"embeddable":true,"href":"http:\/\/fmriachuelo.it10.com.ar\/index.php\/wp-json\/wp\/v2\/users\/4"}],"replies":[{"embeddable":true,"href":"http:\/\/fmriachuelo.it10.com.ar\/index.php\/wp-json\/wp\/v2\/comments?post=507"}],"version-history":[{"count":1,"href":"http:\/\/fmriachuelo.it10.com.ar\/index.php\/wp-json\/wp\/v2\/posts\/507\/revisions"}],"predecessor-version":[{"id":23351,"href":"http:\/\/fmriachuelo.it10.com.ar\/index.php\/wp-json\/wp\/v2\/posts\/507\/revisions\/23351"}],"wp:attachment":[{"href":"http:\/\/fmriachuelo.it10.com.ar\/index.php\/wp-json\/wp\/v2\/media?parent=507"}],"wp:term":[{"taxonomy":"category","embeddable":true,"href":"http:\/\/fmriachuelo.it10.com.ar\/index.php\/wp-json\/wp\/v2\/categories?post=507"},{"taxonomy":"post_tag","embeddable":true,"href":"http:\/\/fmriachuelo.it10.com.ar\/index.php\/wp-json\/wp\/v2\/tags?post=507"}],"curies":[{"name":"wp","href":"https:\/\/api.w.org\/{rel}","templated":true}]}}