{"id":5067,"date":"2017-07-24T16:30:40","date_gmt":"2017-07-24T16:30:40","guid":{"rendered":"http:\/\/fmriachuelo.com.ar\/ljkjklj\/?p=5067"},"modified":"2017-07-24T16:30:40","modified_gmt":"2017-07-24T16:30:40","slug":"persecucion-policial-liberaron-a-nicolas-arriola","status":"publish","type":"post","link":"http:\/\/fmriachuelo.it10.com.ar\/index.php\/2017\/07\/24\/persecucion-policial-liberaron-a-nicolas-arriola\/","title":{"rendered":"PERSECUCI\u00d3N POLICIAL: LIBERARON A NICOL\u00c1S ARRIOLA"},"content":{"rendered":"<p>&nbsp;<\/p>\n<p>[FM Riachuelo 24\/07\/2017]\u00a0 El pasado 17 de julio la polic\u00eda detuvo ilegalmente a dos j\u00f3venes de 16 y 18 a\u00f1os cerca del Puente Avellaneda. Uno de ellos Nicol\u00e1s Arriola de 18 a\u00f1os \u00a0fue trasladado al penal de Marcos Paz, imputado por robo y tenencia de armas de guerra.<\/p>\n<p>Los j\u00f3venes que ven\u00edan de estudiar y se dirig\u00edan a la casa del pap\u00e1 de uno de ellos fueron apresados en un confuso episodio de persecuci\u00f3n policial en el que se vieron envueltos. El menor de edad \u00a0fue liberado luego de ser llevado por varias comisar\u00edas e Institutos de menores, en un claro avasallamiento de los derechos del j\u00f3ven.<\/p>\n<p>Desde la familia informan que Nicol\u00e1s qued\u00f3 liberado el s\u00e1bado por la noche gracias a la acci\u00f3n de familiares vecinxs y organizaciones sociales, \u00a0que acompa\u00f1aron con una r\u00e1pida reacci\u00f3n de repudio exigiendo su liberaci\u00f3n \u00a0manifest\u00e1ndose en la calle.<\/p>\n<p>\u00c9sta\u00a0situaci\u00f3n \u00a0se suma a las producidas en la \u00faltima semana, \u00a0donde pibas y pibes de los barrios populares de la ciudad y el conurbano bonaerense, comienzan a ser objeto de \u00a0estigmatizaci\u00f3n y persecuci\u00f3n policial.<\/p>\n<p>FM Riachuelo se comunic\u00f3 hoy con la abuela de Nicol\u00e1s, qui\u00e9n explic\u00f3 que Arriola fue liberado el s\u00e1bado a las 20 horas y que se encuentra bien esperando ver como seguir\u00e1 la causa. \u00a0Adem\u00e1s agradeci\u00f3 el acompa\u00f1amiento y apoyo de las organizaciones, medios de comunicaci\u00f3n popular, \u00a0vecinxs y amigxs por ser \u00a0los \u00fanicos que se solidarizaron con el caso.<\/p>\n","protected":false},"excerpt":{"rendered":"<p>&nbsp; [FM Riachuelo 24\/07\/2017]\u00a0 El pasado 17 de julio la polic\u00eda detuvo ilegalmente a dos j\u00f3venes de 16 y 18 a\u00f1os cerca del Puente Avellaneda. Uno de ellos Nicol\u00e1s Arriola de 18 a\u00f1os \u00a0fue trasladado al penal de Marcos Paz, imputado por robo y tenencia de armas de guerra. Los j\u00f3venes que ven\u00edan de estudiar [&hellip;]<\/p>\n","protected":false},"author":4,"featured_media":5070,"comment_status":"open","ping_status":"open","sticky":false,"template":"","format":"standard","meta":{"_monsterinsights_skip_tracking":false,"_monsterinsights_sitenote_active":false,"_monsterinsights_sitenote_note":"","_monsterinsights_sitenote_category":0,"jnews-multi-image_gallery":[],"jnews_single_post":[],"jnews_primary_category":[],"_joinchat":[],"footnotes":""},"categories":[78],"tags":[],"class_list":["post-5067","post","type-post","status-publish","format-standard","has-post-thumbnail","hentry","category-economia-popular"],"_links":{"self":[{"href":"http:\/\/fmriachuelo.it10.com.ar\/index.php\/wp-json\/wp\/v2\/posts\/5067","targetHints":{"allow":["GET"]}}],"collection":[{"href":"http:\/\/fmriachuelo.it10.com.ar\/index.php\/wp-json\/wp\/v2\/posts"}],"about":[{"href":"http:\/\/fmriachuelo.it10.com.ar\/index.php\/wp-json\/wp\/v2\/types\/post"}],"author":[{"embeddable":true,"href":"http:\/\/fmriachuelo.it10.com.ar\/index.php\/wp-json\/wp\/v2\/users\/4"}],"replies":[{"embeddable":true,"href":"http:\/\/fmriachuelo.it10.com.ar\/index.php\/wp-json\/wp\/v2\/comments?post=5067"}],"version-history":[{"count":0,"href":"http:\/\/fmriachuelo.it10.com.ar\/index.php\/wp-json\/wp\/v2\/posts\/5067\/revisions"}],"wp:featuredmedia":[{"embeddable":true,"href":"http:\/\/fmriachuelo.it10.com.ar\/index.php\/wp-json\/"}],"wp:attachment":[{"href":"http:\/\/fmriachuelo.it10.com.ar\/index.php\/wp-json\/wp\/v2\/media?parent=5067"}],"wp:term":[{"taxonomy":"category","embeddable":true,"href":"http:\/\/fmriachuelo.it10.com.ar\/index.php\/wp-json\/wp\/v2\/categories?post=5067"},{"taxonomy":"post_tag","embeddable":true,"href":"http:\/\/fmriachuelo.it10.com.ar\/index.php\/wp-json\/wp\/v2\/tags?post=5067"}],"curies":[{"name":"wp","href":"https:\/\/api.w.org\/{rel}","templated":true}]}}