{"id":5062,"date":"2017-07-20T03:32:51","date_gmt":"2017-07-20T03:32:51","guid":{"rendered":"http:\/\/fmriachuelo.com.ar\/ljkjklj\/?p=5062"},"modified":"2017-07-20T03:32:51","modified_gmt":"2017-07-20T03:32:51","slug":"1000-ollas-populares-jornada-nacional-de-los-trabajadores-de-la-economia-popular","status":"publish","type":"post","link":"http:\/\/fmriachuelo.it10.com.ar\/index.php\/2017\/07\/20\/1000-ollas-populares-jornada-nacional-de-los-trabajadores-de-la-economia-popular\/","title":{"rendered":"#1000 OLLAS POPULARES, JORNADA NACIONAL DE LOS TRABAJADORES DE LA ECONOM\u00cdA POPULAR"},"content":{"rendered":"<p>[FM Riachuelo 20\/07\/2017] En el d\u00eda de hoy se inici\u00f3 la Jornada Nacional <strong>#1000 Ollas Populares<\/strong>, por Tierra, Techo y Trabajo y la Emergencia Alimentaria, un\u00a0plan de lucha votado por unanimidad por el plenario de delegados nacionales, \u00a0el pasado viernes en la delegaci\u00f3n capital de la CTEP. \u00a0 La actividad se inici\u00f3 en tempranas horas de la ma\u00f1ana, \u00a0en la Ciudad de Buenos Aires, \u00a0con la convocatoria en las esquina de Callao y Corrientes donde se dieron cita las organizaciones de la econom\u00eda popularcon la masiva presencia de los trabajadores. La jornada de lucha se cerr\u00f3 a\u00a0las 19 hs. en el Obelisco. de esta ciudad, \u00a0con una innumerable presencia de trabajadores de la econom\u00eda popular, que tienen previsto un acampe para\u00a0la semana proxima, \u00a0para confluir en una masiva jornada prevista para el d\u00eda 7 de agosto, d\u00eda de San Cayetano.<\/p>\n<p>Con la consigna de \u00abEl Hambre No Espera\u00bb y en el marco de un plan de lucha que exige la implementaci\u00f3n de la Ley de Emergencia Social y la urgente sanci\u00f3n de la Ley de Emergencia Alimentaria comenz\u00f3 la jornada nacional de lucha que encuentra a las organizaciones unidas en las calles. Con la importante\u00a0presencia de las organizaciones convocantes, en la esquina de Callao y Corrientes de la CABA, CTEP, Barrios de Pie, CCC y FPDS, junto a otras organizaciones que tambi\u00e9n se sumaron. All\u00ed \u00a0se escucharon las palabras de\u00a0los referentes de la econom\u00eda popular:<\/p>\n<p>Con este inicio, luego las organizaciones desarrollaron la jornada de lucha en cada uno de los territorios donde la econom\u00eda popular se lleva adelante cotidianamente y se siente crecientemente como golp\u00e9an las pol\u00edticas de hambre, persecusi\u00f3n, gatillo f\u00e1cil, falta de condiciones dignas de vivienda para los sectores populares.<\/p>\n<p><span style=\"color: #0000ff\"><span style=\"color: #000000\">Algunas de las<\/span><strong>\u00a0<a style=\"color: #0000ff\" href=\"https:\/\/www.facebook.com\/pg\/fmriachuelo\/photos\/?tab=album&amp;album_id=1459589234096287\">IM\u00c1GENES #1000 OLLAS<\/a><\/strong><\/span><\/p>\n<p>La actividad finaliz\u00f3 alrededor de las 19 hs. con la masiva convocatoria de las organizaciones participantes en el Obelisco de la CABA, donde levantaron sus banderas y consignas para coincidir en un plan de lucha que los encontrar\u00e1 unidos en las calles de todo el pa\u00eds. Los referentes de las principales organizaciones presentes coincidieron en valorar esta gran jornada de lucha. Esteban Gringo Castro, Secretario General de la CTEP, \u00a0valor\u00f3 la lucha en las calles que conquista derechos que este gobierno niega, mientras \u00abnos dicen que nosotros no somos democr\u00e1ticos y cada decisi\u00f3n que tomamos la discutimos con cada compa\u00f1ero, porque la democracia es la democracia de los trabajadores\u00bb.<\/p>\n<p>Una jornada de lucha que se realiz\u00f3 masivamente en las calles de nuestro pa\u00eds y \u00a0convoc\u00f3 a miles de trabajadores de la econom\u00eda popular en las 1000 Ollas populares.<\/p>\n<p>&nbsp;<\/p>\n","protected":false},"excerpt":{"rendered":"<p>[FM Riachuelo 20\/07\/2017] En el d\u00eda de hoy se inici\u00f3 la Jornada Nacional #1000 Ollas Populares, por Tierra, Techo y Trabajo y la Emergencia Alimentaria, un\u00a0plan de lucha votado por unanimidad por el plenario de delegados nacionales, \u00a0el pasado viernes en la delegaci\u00f3n capital de la CTEP. \u00a0 La actividad se inici\u00f3 en tempranas horas [&hellip;]<\/p>\n","protected":false},"author":4,"featured_media":5064,"comment_status":"open","ping_status":"open","sticky":false,"template":"","format":"standard","meta":{"_monsterinsights_skip_tracking":false,"_monsterinsights_sitenote_active":false,"_monsterinsights_sitenote_note":"","_monsterinsights_sitenote_category":0,"jnews-multi-image_gallery":[],"jnews_single_post":[],"jnews_primary_category":[],"_joinchat":[],"footnotes":""},"categories":[78,76,75],"tags":[],"class_list":["post-5062","post","type-post","status-publish","format-standard","has-post-thumbnail","hentry","category-economia-popular","category-salud-comunitaria","category-trabajo"],"_links":{"self":[{"href":"http:\/\/fmriachuelo.it10.com.ar\/index.php\/wp-json\/wp\/v2\/posts\/5062","targetHints":{"allow":["GET"]}}],"collection":[{"href":"http:\/\/fmriachuelo.it10.com.ar\/index.php\/wp-json\/wp\/v2\/posts"}],"about":[{"href":"http:\/\/fmriachuelo.it10.com.ar\/index.php\/wp-json\/wp\/v2\/types\/post"}],"author":[{"embeddable":true,"href":"http:\/\/fmriachuelo.it10.com.ar\/index.php\/wp-json\/wp\/v2\/users\/4"}],"replies":[{"embeddable":true,"href":"http:\/\/fmriachuelo.it10.com.ar\/index.php\/wp-json\/wp\/v2\/comments?post=5062"}],"version-history":[{"count":0,"href":"http:\/\/fmriachuelo.it10.com.ar\/index.php\/wp-json\/wp\/v2\/posts\/5062\/revisions"}],"wp:featuredmedia":[{"embeddable":true,"href":"http:\/\/fmriachuelo.it10.com.ar\/index.php\/wp-json\/"}],"wp:attachment":[{"href":"http:\/\/fmriachuelo.it10.com.ar\/index.php\/wp-json\/wp\/v2\/media?parent=5062"}],"wp:term":[{"taxonomy":"category","embeddable":true,"href":"http:\/\/fmriachuelo.it10.com.ar\/index.php\/wp-json\/wp\/v2\/categories?post=5062"},{"taxonomy":"post_tag","embeddable":true,"href":"http:\/\/fmriachuelo.it10.com.ar\/index.php\/wp-json\/wp\/v2\/tags?post=5062"}],"curies":[{"name":"wp","href":"https:\/\/api.w.org\/{rel}","templated":true}]}}