{"id":506,"date":"2015-04-28T16:27:00","date_gmt":"2015-04-28T16:27:00","guid":{"rendered":"http:\/\/fmriachuelo.observatorioess.org.ar\/index.php\/2015\/04\/28\/venezuela-el-partido-comunista-de-venezuela-solicita-aumento-salarial\/"},"modified":"2025-03-28T15:37:51","modified_gmt":"2025-03-28T18:37:51","slug":"venezuela-el-partido-comunista-de-venezuela-solicita-aumento-salarial","status":"publish","type":"post","link":"http:\/\/fmriachuelo.it10.com.ar\/index.php\/2015\/04\/28\/venezuela-el-partido-comunista-de-venezuela-solicita-aumento-salarial\/","title":{"rendered":"VENEZUELA: EL PARTIDO COMUNISTA DE VENEZUELA SOLICITA AUMENTO SALARIAL"},"content":{"rendered":"<p><span style=\"color: red;font-family: Verdana, sans-serif;font-size: large\"><strong>JUSTICIA SOCIAL<\/strong><\/span><br \/><span style=\"font-family: Verdana, sans-serif\"><strong>El PCV solicit\u00f3 aumento de 40% para salario m\u00ednimo y pensiones<\/strong><\/span><br \/><strong><span style=\"font-family: Verdana\"><\/span><\/strong><\/p>\n<div style=\"clear: both;text-align: center\"><a href=\"http:\/\/3.bp.blogspot.com\/-dp5Biu3xpks\/VT-03e3_xtI\/AAAAAAAAEHY\/l0d-ol4G_Po\/s1600\/Pedro-Euser.jpg\" style=\"clear: left;float: left;margin-bottom: 1em;margin-right: 1em\"><img loading=\"lazy\" decoding=\"async\" border=\"0\" src=\"http:\/\/3.bp.blogspot.com\/-dp5Biu3xpks\/VT-03e3_xtI\/AAAAAAAAEHY\/l0d-ol4G_Po\/s1600\/Pedro-Euser.jpg\" height=\"213\" width=\"320\" \/><\/a><\/div>\n<p><span style=\"font-family: Verdana, sans-serif\">El Partido Comunista de Venezuela (PCV) ratific\u00f3 este lunes que el aumento salarial que previsiblemente anunciar\u00e1 este viernes el presidente Nicol\u00e1s Maduro no solo debe impactar el salario m\u00ednimo y plante\u00f3 que el ajuste debe ser de 40%.<\/p>\n<p>Pedro Eusse, miembro del bur\u00f3 pol\u00edtico de la tolda del gallo rojo y secretario nacional para el movimiento obrero y sindical de esta tolda pol\u00edtica, se\u00f1al\u00f3 que debe incluir \u201ctodas las escalas salariales\u201d.<\/p>\n<p>Insisti\u00f3 tambi\u00e9n en que \u201cno basta con producir incrementos nominales en los salarios\u201d ya que -en su criterio- \u201cson necesarias un conjunto de medidas que impidan que el incremento del costo de la vida se trague los salarios, conviertan en sal y agua las conquistas de incremento salarial\u201d.<\/span><br \/><a name='more'><\/a><span style=\"font-family: Verdana, sans-serif\"><br \/>Eusse afirm\u00f3 que, con el ajuste de 40% que solicita esta organizaci\u00f3n, el salario m\u00ednimo llegar\u00eda a 7.871,48 bol\u00edvares. \u201cPero tambi\u00e9n planteamos que ese 40% de incremento en el salario m\u00ednimo nacional lo disfruten las trabajadoras y los trabajadores que obtienen hasta dos salarios m\u00ednimos\u201d, apunt\u00f3.<br \/>AJUSTES PARA TODOS<\/p>\n<p>El PCV expuso que, de acuerdo con la propuesta, quienes ganan el equivalente a dos o cuatro salarios m\u00ednimos recibir\u00edan un aumento de 30%. Quienes perciben entre cuatro y seis salarios m\u00ednimos se beneficiar\u00edan de un ajuste de hasta 20%. \u201cY quien tenga un ingreso de seis salarios m\u00ednimos en adelante\u201d disfrutar\u00eda de un alza de 10%.<\/p>\n<p>Seg\u00fan el dirigente, las pensiones que otorga el Instituto Venezolano de los Seguros Sociales se incrementar\u00edan en 40%.<\/p>\n<p>Las y los comunistas tambi\u00e9n demandaron que se culminen las discusiones y firma de convenciones colectivas pendientes, tanto del sector p\u00fablico como del privado. \u201cLa convenci\u00f3n colectiva de la administraci\u00f3n p\u00fablica est\u00e1 hasta ahora detenida\u201d, remarc\u00f3.<\/p>\n<p>Se\u00f1al\u00f3 que a veces las dificultades para las negociaciones los contratos se deben \u201ca los enredos burocr\u00e1ticos y administrativos para acreditar las elecciones de las organizaciones sindicales\u201d, problema \u201cque existe en el Poder Electoral\u201d.<\/span><\/p>\n","protected":false},"excerpt":{"rendered":"<p>JUSTICIA SOCIALEl PCV solicit\u00f3 aumento de 40% para salario m\u00ednimo y pensiones El Partido Comunista de Venezuela (PCV) ratific\u00f3 este lunes que el aumento salarial que previsiblemente anunciar\u00e1 este viernes el presidente Nicol\u00e1s Maduro no solo debe impactar el salario m\u00ednimo y plante\u00f3 que el ajuste debe ser de 40%. Pedro Eusse, miembro del bur\u00f3 [&hellip;]<\/p>\n","protected":false},"author":4,"featured_media":0,"comment_status":"open","ping_status":"open","sticky":false,"template":"","format":"standard","meta":{"_monsterinsights_skip_tracking":false,"_monsterinsights_sitenote_active":false,"_monsterinsights_sitenote_note":"","_monsterinsights_sitenote_category":0,"jnews-multi-image_gallery":[],"jnews_single_post":{"format":"standard"},"jnews_primary_category":[],"_joinchat":[],"footnotes":""},"categories":[58],"tags":[70],"class_list":["post-506","post","type-post","status-publish","format-standard","hentry","category-noticiariachuelo","tag-de-la-patria-grande"],"_links":{"self":[{"href":"http:\/\/fmriachuelo.it10.com.ar\/index.php\/wp-json\/wp\/v2\/posts\/506","targetHints":{"allow":["GET"]}}],"collection":[{"href":"http:\/\/fmriachuelo.it10.com.ar\/index.php\/wp-json\/wp\/v2\/posts"}],"about":[{"href":"http:\/\/fmriachuelo.it10.com.ar\/index.php\/wp-json\/wp\/v2\/types\/post"}],"author":[{"embeddable":true,"href":"http:\/\/fmriachuelo.it10.com.ar\/index.php\/wp-json\/wp\/v2\/users\/4"}],"replies":[{"embeddable":true,"href":"http:\/\/fmriachuelo.it10.com.ar\/index.php\/wp-json\/wp\/v2\/comments?post=506"}],"version-history":[{"count":1,"href":"http:\/\/fmriachuelo.it10.com.ar\/index.php\/wp-json\/wp\/v2\/posts\/506\/revisions"}],"predecessor-version":[{"id":23352,"href":"http:\/\/fmriachuelo.it10.com.ar\/index.php\/wp-json\/wp\/v2\/posts\/506\/revisions\/23352"}],"wp:attachment":[{"href":"http:\/\/fmriachuelo.it10.com.ar\/index.php\/wp-json\/wp\/v2\/media?parent=506"}],"wp:term":[{"taxonomy":"category","embeddable":true,"href":"http:\/\/fmriachuelo.it10.com.ar\/index.php\/wp-json\/wp\/v2\/categories?post=506"},{"taxonomy":"post_tag","embeddable":true,"href":"http:\/\/fmriachuelo.it10.com.ar\/index.php\/wp-json\/wp\/v2\/tags?post=506"}],"curies":[{"name":"wp","href":"https:\/\/api.w.org\/{rel}","templated":true}]}}