{"id":5045,"date":"2017-07-21T03:30:59","date_gmt":"2017-07-21T03:30:59","guid":{"rendered":"http:\/\/fmriachuelo.com.ar\/ljkjklj\/?p=5045"},"modified":"2017-07-21T03:30:59","modified_gmt":"2017-07-21T03:30:59","slug":"1000-ollas-populares-en-la-boca-y-todo-el-pais","status":"publish","type":"post","link":"http:\/\/fmriachuelo.it10.com.ar\/index.php\/2017\/07\/21\/1000-ollas-populares-en-la-boca-y-todo-el-pais\/","title":{"rendered":"#1000 OLLAS POPULARES, EN LA BOCA Y TODO EL PA\u00cdS"},"content":{"rendered":"<p>[FM Riachuelo 20\/07\/2017] En el d\u00eda de hoy se realiz\u00f3 una masiva jornada de lucha en todo el pa\u00eds convocada por la Confederaci\u00f3n de Trabajadores de la Econom\u00eda Popular (CTEP) Barrios de Pie, Corriente Clasista y Combativa y al que adhirieron organizaciones populares como el Frente Popular Dar\u00edo Santill\u00e1n. En el barrio de La Boca, en la esquina de Av. A. Brown y Pinz\u00f3n, se realiz\u00f3 la jornada de lucha que cont\u00f3 con una numerosa participaci\u00f3n de organizaciones y vecinxs que se acercaron a la olla popular. \u00a0Con una radio abierta se hicieron escuchar las voces de referentes y habitantes del barrio.<\/p>\n<p>Escuch\u00e1 algunas de las voces que pasaron por los micr\u00f3fonos de FM Riachuelo en la radio abierta:<\/p>\n<p><a href=\"http:\/\/fmriachuelo.com.ar\/ljkjklj\/wp-content\/uploads\/2017\/07\/0f18e8b4-297b-4e5a-9678-643a9c1d10e9.jpg\"><img loading=\"lazy\" decoding=\"async\" class=\"alignleft size-thumbnail wp-image-5048\" src=\"http:\/\/fmriachuelo.com.ar\/ljkjklj\/wp-content\/uploads\/2017\/07\/0f18e8b4-297b-4e5a-9678-643a9c1d10e9-150x150.jpg\" alt=\"\" width=\"150\" height=\"150\" \/><\/a>Pasadas las 10.30 hs., \u00a0en La Boca, las organizaciones populares reunidas en la esquina de Alte. Brown y Suarez, marcharon en unidad y con sus banderas en alto para convertirse en una de las #1000 ollas populares con las cuales se realiz\u00f3 la importante jornada de lucha, \u00a0de los trabajadores de la econom\u00eda popular, \u00a0a lo largo y ancho de todo el p\u00e1is. Con reivindicaciones propias del barrio: contra los despidos, la represi\u00f3n, el hambre, los desalojos, el gatillo f\u00e1cil, la criminalizaci\u00f3n de la protesta social y la persecuci\u00f3n a organizaciones populares que se sumaron a las reivindicaciones votadas en el plenario nacional del viernes pasado. Acompa\u00f1aron con su presencia el gremio SUTAP, con su secretario general Adolfo Barja.<\/p>\n<p><a href=\"http:\/\/fmriachuelo.com.ar\/ljkjklj\/wp-content\/uploads\/2017\/07\/19d5d3e2-c7f9-41f7-a251-eeecfe5c5002.jpg\"><img loading=\"lazy\" decoding=\"async\" class=\"alignleft size-thumbnail wp-image-5053\" src=\"http:\/\/fmriachuelo.com.ar\/ljkjklj\/wp-content\/uploads\/2017\/07\/19d5d3e2-c7f9-41f7-a251-eeecfe5c5002-150x150.jpg\" alt=\"\" width=\"150\" height=\"150\" \/><\/a>Una olla popular como parte de la jornada de protesta tuvo una concurrencia masiva, que super\u00f3 las expectativas y fue el reflejo de que <strong>\u00abel hambre no puede esperar\u00bb<\/strong>, una de las principales consignas de la convocatoria nacional.<\/p>\n<p><a href=\"http:\/\/fmriachuelo.com.ar\/ljkjklj\/wp-content\/uploads\/2017\/07\/e6bfa0b8-b499-49f1-9741-df0052c694e2.jpg\"><img loading=\"lazy\" decoding=\"async\" class=\"alignright wp-image-5051 size-medium\" src=\"http:\/\/fmriachuelo.com.ar\/ljkjklj\/wp-content\/uploads\/2017\/07\/e6bfa0b8-b499-49f1-9741-df0052c694e2-300x199.jpg\" alt=\"\" width=\"300\" height=\"199\" \/><\/a><\/p>\n<p>Estuvieron presentes y formando parte de la jornada de lucha organizaciones gremiales como: CTEP, \u00a0Mesa Gremial 19 y 20, Corriente Clasista y Combativa, Movimiento Territorial Liberaci\u00f3n Rebelde, Frente Popular Dar\u00edo Santill\u00e1n, Frente Social Peronista, Organizaci\u00f3n Social y Pol\u00edtica Los Pibes, Paseo de la Econom\u00eda Popular Martin Oso Cisneros, FM Riachuelo 100.9, Movimiento Popular La Dignidad, Cooperativa de Vivienda La Nueva Esperanza, Movimiento Evita, Cooperativa Recicladores de La Boca, Cooperativa de Vivienda Los Pibes, Comedor San Jorge, \u00a0Cooperativa de Vivienda La Pacha, Cooperativa Letra del Sur, el Play\u00f3n del Doque, \u00a0Jard\u00edn infantes Una y Otra Vez, junto al gremio SUTAP, y agrupaciones como: Donde Viven Los Libros, Muralismo N\u00f3made, entre otras.<\/p>\n\n<p>Un momento de gran conmoci\u00f3n se produjo cuando se acercaron familiares del joven que fue detenido injustamente por una causa armada por la polic\u00eda, \u00a0y que en el d\u00eda de ayer produjo una importante movilizaci\u00f3n barrial, \u00a0que gener\u00f3 gran solidaridad de las organizaciones presentes. Otras voces v\u00edctimas de gatillo f\u00e1cil, como los compa\u00f1eros que luchan por Cristian el j\u00f3ven asesinado por un polic\u00eda el s\u00e1bado pasado en la Villa 21-24, Roxana Cainzos mama de Nehuen asesinado por la Polic\u00eda Metropolitana se hicieron escuchar en los micr\u00f3fonos de la radio abierta. La creciente criminalizaci\u00f3n y persecusi\u00f3n de los m\u00e1s j\u00f3venes parece extenderse a todos los barrios.<\/p>\n<p>Todas estas organizaciones del campo popular se acercaron para hacer\u00a0oir su genuino reclamo frente a la creciente empobrecimiento, la criminalizaci\u00f3n y estigmatizaci\u00f3n, con operaciones medi\u00e1ticas, \u00a0de nuestrxs pibxs. Al mismo tiempo se pronunciaron contra la falta de trabajo, \u00a0 la falta de\u00a0acceso a la vivienda digna, la persecuci\u00f3n a las organizaciones populares y la violencia institucional que ha recrudecido en nuestros barrios en los \u00faltimos d\u00edas. Tambi\u00e9n rechazaron con fuerza la represi\u00f3n y los despidos de este gobierno neoliberal que \u00a0como parte de un plan de gobierno recae sobre el conjunto de los trabajadores.<\/p>\n\n<p>&nbsp;<\/p>\n<p>&nbsp;<\/p>\n","protected":false},"excerpt":{"rendered":"<p>[FM Riachuelo 20\/07\/2017] En el d\u00eda de hoy se realiz\u00f3 una masiva jornada de lucha en todo el pa\u00eds convocada por la Confederaci\u00f3n de Trabajadores de la Econom\u00eda Popular (CTEP) Barrios de Pie, Corriente Clasista y Combativa y al que adhirieron organizaciones populares como el Frente Popular Dar\u00edo Santill\u00e1n. En el barrio de La Boca, [&hellip;]<\/p>\n","protected":false},"author":4,"featured_media":5047,"comment_status":"open","ping_status":"open","sticky":false,"template":"","format":"standard","meta":{"_monsterinsights_skip_tracking":false,"_monsterinsights_sitenote_active":false,"_monsterinsights_sitenote_note":"","_monsterinsights_sitenote_category":0,"jnews-multi-image_gallery":[],"jnews_single_post":[],"jnews_primary_category":[],"_joinchat":[],"footnotes":""},"categories":[78,76,75],"tags":[125,64],"class_list":["post-5045","post","type-post","status-publish","format-standard","has-post-thumbnail","hentry","category-economia-popular","category-salud-comunitaria","category-trabajo","tag-1000-ollas-populares","tag-economia-popular"],"_links":{"self":[{"href":"http:\/\/fmriachuelo.it10.com.ar\/index.php\/wp-json\/wp\/v2\/posts\/5045","targetHints":{"allow":["GET"]}}],"collection":[{"href":"http:\/\/fmriachuelo.it10.com.ar\/index.php\/wp-json\/wp\/v2\/posts"}],"about":[{"href":"http:\/\/fmriachuelo.it10.com.ar\/index.php\/wp-json\/wp\/v2\/types\/post"}],"author":[{"embeddable":true,"href":"http:\/\/fmriachuelo.it10.com.ar\/index.php\/wp-json\/wp\/v2\/users\/4"}],"replies":[{"embeddable":true,"href":"http:\/\/fmriachuelo.it10.com.ar\/index.php\/wp-json\/wp\/v2\/comments?post=5045"}],"version-history":[{"count":0,"href":"http:\/\/fmriachuelo.it10.com.ar\/index.php\/wp-json\/wp\/v2\/posts\/5045\/revisions"}],"wp:featuredmedia":[{"embeddable":true,"href":"http:\/\/fmriachuelo.it10.com.ar\/index.php\/wp-json\/"}],"wp:attachment":[{"href":"http:\/\/fmriachuelo.it10.com.ar\/index.php\/wp-json\/wp\/v2\/media?parent=5045"}],"wp:term":[{"taxonomy":"category","embeddable":true,"href":"http:\/\/fmriachuelo.it10.com.ar\/index.php\/wp-json\/wp\/v2\/categories?post=5045"},{"taxonomy":"post_tag","embeddable":true,"href":"http:\/\/fmriachuelo.it10.com.ar\/index.php\/wp-json\/wp\/v2\/tags?post=5045"}],"curies":[{"name":"wp","href":"https:\/\/api.w.org\/{rel}","templated":true}]}}