{"id":5038,"date":"2017-07-19T23:07:38","date_gmt":"2017-07-19T23:07:38","guid":{"rendered":"http:\/\/fmriachuelo.com.ar\/ljkjklj\/?p=5038"},"modified":"2017-07-19T23:07:38","modified_gmt":"2017-07-19T23:07:38","slug":"la-boca-un-nuevo-caso-de-criminalizacion-y-persecusion-de-jovenes","status":"publish","type":"post","link":"http:\/\/fmriachuelo.it10.com.ar\/index.php\/2017\/07\/19\/la-boca-un-nuevo-caso-de-criminalizacion-y-persecusion-de-jovenes\/","title":{"rendered":"LA BOCA, UN NUEVO CASO DE CRIMINALIZACI\u00d3N Y PERSECUSI\u00d3N DE J\u00d3VENES"},"content":{"rendered":"<p>[FM Riachuelo 19\/07\/2017] Un nuevo caso de criminalizaci\u00f3n de j\u00f3venes conmueve al\u00a0barrio de La Boca. Dos j\u00f3venes de 16 y 18 a\u00f1os que se dirig\u00edan a su casa, el pasado lunes a las 20 hs. \u00a0quedaron en medio de una persecuci\u00f3n policial\u00a0que aprovech\u00f3 para detenerlos ilegalmente y armarles una causa. Vecinxs y organizaciones del barrio cortaron el Puente Nicol\u00e1s Avellaneda y se manifestaron frente a la comisar\u00eda 24 \u00a0por el abuso policial que lesiona y atenta contra nuestros pibas y pibes, mientras solicitan la inmediata excarcelaci\u00f3n de Nicol\u00e1s Arriola de 18 a\u00f1os que a\u00fan permanece detenido y fue trasladado a la c\u00e1rcel de Marcos Paz.<\/p>\n<p>Escuch\u00e1 a continuaci\u00f3n la entrevista a la madre de uno de j\u00f3venes, \u00a0que ya fue liberado, \u00a0y su testimonio conmovedor por una clara situaci\u00f3n de exceso policial:<\/p>\n<p>Los j\u00f3venes que ven\u00edan de estudiar y se dirig\u00edan a la casa del papa de uno de ellos fueron apresados en un confuso episodio de persecusi\u00f3n policial en el que se vieron envueltos. Uno de los j\u00f3venes es un menor de 16 a\u00f1os que luego de ser trasladado por tres comisar\u00edas y un instituto de menores fue liberado. El otro j\u00f3ven\u00a0Nicol\u00e1s Maximiliano Arriola de 18 a\u00f1os, un jugador de la \u00abLiga del Potrero\u00bb en Boca, permanece detenido y fue trasladado a la c\u00e1rcel de Marcos Paz donde se lo imputa por robo y tenencia de armas de guerra, en una causa ilegal, armada por la polic\u00eda y sin pruebas suficientes. Sus familiares reclaman justicia y la inmediata excarcelaci\u00f3n. Vecinas, vecinos y organizaciones acompa\u00f1aron con una r\u00e1pida reacci\u00f3n el repudio y la exigencia de liberaci\u00f3n\u00a0del j\u00f3ven que podr\u00eda ser el hijo de cualquier vecinx del barrio.<\/p>\n<p><a href=\"http:\/\/fmriachuelo.com.ar\/ljkjklj\/wp-content\/uploads\/2017\/07\/ff2b34ac-bc2c-4b84-a08b-9d9809000def.jpg\"><img loading=\"lazy\" decoding=\"async\" class=\"alignleft size-thumbnail wp-image-5043\" src=\"http:\/\/fmriachuelo.com.ar\/ljkjklj\/wp-content\/uploads\/2017\/07\/ff2b34ac-bc2c-4b84-a08b-9d9809000def-150x150.jpg\" alt=\"\" width=\"150\" height=\"150\" \/><\/a>Tal como indica la im\u00e1gen, mientras se desarrollaba la pac\u00edfica manifestaci\u00f3n el personal policial \u00a0filmaba a los presentes, en lo que constituye un claro gesto de amedrentamiento.<\/p>\n<p>Una situaci\u00f3n que se suma al raid que se ha producido en los \u00faltimos cuatro d\u00edas donde j\u00f3venes de los barrios populares de la ciudad y el conurbano bonaerense comienzan a ser objeto de gatillo f\u00e1cil, en complicidad con los medios masivos de comunicaci\u00f3n que construyen montajes medi\u00e1ticos de peligrosidad de nuestrxs ni\u00f1xs y j\u00f3venes, aquellos que podr\u00edan luchar por un futuro m\u00e1s digno.<\/p>\n<p>&nbsp;<\/p>\n","protected":false},"excerpt":{"rendered":"<p>[FM Riachuelo 19\/07\/2017] Un nuevo caso de criminalizaci\u00f3n de j\u00f3venes conmueve al\u00a0barrio de La Boca. Dos j\u00f3venes de 16 y 18 a\u00f1os que se dirig\u00edan a su casa, el pasado lunes a las 20 hs. \u00a0quedaron en medio de una persecuci\u00f3n policial\u00a0que aprovech\u00f3 para detenerlos ilegalmente y armarles una causa. Vecinxs y organizaciones del barrio [&hellip;]<\/p>\n","protected":false},"author":4,"featured_media":5042,"comment_status":"open","ping_status":"open","sticky":false,"template":"","format":"standard","meta":{"_monsterinsights_skip_tracking":false,"_monsterinsights_sitenote_active":false,"_monsterinsights_sitenote_note":"","_monsterinsights_sitenote_category":0,"jnews-multi-image_gallery":[],"jnews_single_post":[],"jnews_primary_category":[],"_joinchat":[],"footnotes":""},"categories":[78,76],"tags":[],"class_list":["post-5038","post","type-post","status-publish","format-standard","has-post-thumbnail","hentry","category-economia-popular","category-salud-comunitaria"],"_links":{"self":[{"href":"http:\/\/fmriachuelo.it10.com.ar\/index.php\/wp-json\/wp\/v2\/posts\/5038","targetHints":{"allow":["GET"]}}],"collection":[{"href":"http:\/\/fmriachuelo.it10.com.ar\/index.php\/wp-json\/wp\/v2\/posts"}],"about":[{"href":"http:\/\/fmriachuelo.it10.com.ar\/index.php\/wp-json\/wp\/v2\/types\/post"}],"author":[{"embeddable":true,"href":"http:\/\/fmriachuelo.it10.com.ar\/index.php\/wp-json\/wp\/v2\/users\/4"}],"replies":[{"embeddable":true,"href":"http:\/\/fmriachuelo.it10.com.ar\/index.php\/wp-json\/wp\/v2\/comments?post=5038"}],"version-history":[{"count":0,"href":"http:\/\/fmriachuelo.it10.com.ar\/index.php\/wp-json\/wp\/v2\/posts\/5038\/revisions"}],"wp:featuredmedia":[{"embeddable":true,"href":"http:\/\/fmriachuelo.it10.com.ar\/index.php\/wp-json\/"}],"wp:attachment":[{"href":"http:\/\/fmriachuelo.it10.com.ar\/index.php\/wp-json\/wp\/v2\/media?parent=5038"}],"wp:term":[{"taxonomy":"category","embeddable":true,"href":"http:\/\/fmriachuelo.it10.com.ar\/index.php\/wp-json\/wp\/v2\/categories?post=5038"},{"taxonomy":"post_tag","embeddable":true,"href":"http:\/\/fmriachuelo.it10.com.ar\/index.php\/wp-json\/wp\/v2\/tags?post=5038"}],"curies":[{"name":"wp","href":"https:\/\/api.w.org\/{rel}","templated":true}]}}