{"id":5034,"date":"2017-07-19T15:10:02","date_gmt":"2017-07-19T15:10:02","guid":{"rendered":"http:\/\/fmriachuelo.com.ar\/ljkjklj\/?p=5034"},"modified":"2017-07-19T15:10:02","modified_gmt":"2017-07-19T15:10:02","slug":"creciente-criminalizacion-mediatica-de-pibxs-se-suma-a-los-casos-de-gatillo-facil-ni-un-pibe-menos","status":"publish","type":"post","link":"http:\/\/fmriachuelo.it10.com.ar\/index.php\/2017\/07\/19\/creciente-criminalizacion-mediatica-de-pibxs-se-suma-a-los-casos-de-gatillo-facil-ni-un-pibe-menos\/","title":{"rendered":"CRECIENTE CRIMINALIZACI\u00d3N MEDI\u00c1TICA DE PIBXS, SE SUMA A LOS CASOS DE GATILLO F\u00c1CIL \u00abNI UN PIBE MENOS\u00bb"},"content":{"rendered":"<p>[FM Riachuelo 19\/07\/2017] En los \u00faltimos cuatro d\u00edas se viene produciendo una sucesi\u00f3n de hechos que tienen como v\u00edctimas a lxs j\u00f3venes de los barrios populares. Entre el s\u00e1bado y el martes se produjeron dos casos de gatillo f\u00e1cil contra j\u00f3venes de barrios populares: Barracas y San Mart\u00edn, \u00a0ajusticiados por fuerzas policiales. En medio de estos hechos, el domingo se produce un hecho vergonzoso de criminalizaci\u00f3n y estigmatizaci\u00f3n de un ni\u00f1o de 11 a\u00f1os en un programa de televisi\u00f3n, en una escena fabricada a tal fin donde el protagonista es un ni\u00f1o de nuestros barrios populares. Frente a este \u00faltimo hecho referentes del MTE (CTEP), como Juan Grabois, salieron a denunciar una operaci\u00f3n medi\u00e1tica. Ayer entrevistamos a Nicolas Caropresi, del Movimiento de Trabajadores Desocupados (MTE) que hablo de la estigmatizaci\u00f3n de nuestros pibxs y como se construy\u00f3 una realidad medi\u00e1tica alejada de la verdad que estuvo en funci\u00f3n de presentar ni\u00f1os asesinos y desde all\u00ed alentar de la baja de imputabilidad y el ataque contra todos los pibes y pibas que est\u00e1n representados en ese ni\u00f1o. Escuchalo a continuaci\u00f3n:<\/p>\n<p>El MTE denunci\u00f3 la operaci\u00f3n medi\u00e1tica e hizo la correspondiente presentaci\u00f3n judicial y al mismo tiempo realiz\u00f3 la presentaci\u00f3n en el ENACOM para que se retiren las im\u00e1genes del menor expuesta en los medios de comunicaci\u00f3n.<\/p>\n","protected":false},"excerpt":{"rendered":"<p>[FM Riachuelo 19\/07\/2017] En los \u00faltimos cuatro d\u00edas se viene produciendo una sucesi\u00f3n de hechos que tienen como v\u00edctimas a lxs j\u00f3venes de los barrios populares. Entre el s\u00e1bado y el martes se produjeron dos casos de gatillo f\u00e1cil contra j\u00f3venes de barrios populares: Barracas y San Mart\u00edn, \u00a0ajusticiados por fuerzas policiales. En medio de [&hellip;]<\/p>\n","protected":false},"author":4,"featured_media":5035,"comment_status":"open","ping_status":"open","sticky":false,"template":"","format":"standard","meta":{"_monsterinsights_skip_tracking":false,"_monsterinsights_sitenote_active":false,"_monsterinsights_sitenote_note":"","_monsterinsights_sitenote_category":0,"jnews-multi-image_gallery":[],"jnews_single_post":[],"jnews_primary_category":[],"_joinchat":[],"footnotes":""},"categories":[78,76],"tags":[],"class_list":["post-5034","post","type-post","status-publish","format-standard","has-post-thumbnail","hentry","category-economia-popular","category-salud-comunitaria"],"_links":{"self":[{"href":"http:\/\/fmriachuelo.it10.com.ar\/index.php\/wp-json\/wp\/v2\/posts\/5034","targetHints":{"allow":["GET"]}}],"collection":[{"href":"http:\/\/fmriachuelo.it10.com.ar\/index.php\/wp-json\/wp\/v2\/posts"}],"about":[{"href":"http:\/\/fmriachuelo.it10.com.ar\/index.php\/wp-json\/wp\/v2\/types\/post"}],"author":[{"embeddable":true,"href":"http:\/\/fmriachuelo.it10.com.ar\/index.php\/wp-json\/wp\/v2\/users\/4"}],"replies":[{"embeddable":true,"href":"http:\/\/fmriachuelo.it10.com.ar\/index.php\/wp-json\/wp\/v2\/comments?post=5034"}],"version-history":[{"count":0,"href":"http:\/\/fmriachuelo.it10.com.ar\/index.php\/wp-json\/wp\/v2\/posts\/5034\/revisions"}],"wp:featuredmedia":[{"embeddable":true,"href":"http:\/\/fmriachuelo.it10.com.ar\/index.php\/wp-json\/"}],"wp:attachment":[{"href":"http:\/\/fmriachuelo.it10.com.ar\/index.php\/wp-json\/wp\/v2\/media?parent=5034"}],"wp:term":[{"taxonomy":"category","embeddable":true,"href":"http:\/\/fmriachuelo.it10.com.ar\/index.php\/wp-json\/wp\/v2\/categories?post=5034"},{"taxonomy":"post_tag","embeddable":true,"href":"http:\/\/fmriachuelo.it10.com.ar\/index.php\/wp-json\/wp\/v2\/tags?post=5034"}],"curies":[{"name":"wp","href":"https:\/\/api.w.org\/{rel}","templated":true}]}}