{"id":5030,"date":"2017-07-19T14:46:11","date_gmt":"2017-07-19T14:46:11","guid":{"rendered":"http:\/\/fmriachuelo.com.ar\/ljkjklj\/?p=5030"},"modified":"2017-07-19T14:46:11","modified_gmt":"2017-07-19T14:46:11","slug":"masiva-movilizacion-por-pepsico-solidaridad-de-la-economia-popular","status":"publish","type":"post","link":"http:\/\/fmriachuelo.it10.com.ar\/index.php\/2017\/07\/19\/masiva-movilizacion-por-pepsico-solidaridad-de-la-economia-popular\/","title":{"rendered":"MASIVA MOVILIZACI\u00d3N POR PEPSICO: SOLIDARIDAD DE LA ECONOMIA POPULAR"},"content":{"rendered":"<p>[FM Riachuelo 19\/07\/2017] En el d\u00eda de ayer se realiz\u00f3 una marcha solidaria con los trabajadores despedidos de PEPSICO desde el Obelisco hasta el Ministerio de Trabajo, con el acompa\u00f1amiento de m\u00faltiples organizaciones y agrupaciones tanto gremiales como sociales para reclamar por la reincorporaci\u00f3n y reubicaci\u00f3n de los m\u00e1s de 600 trabajadores despedidos injustamente la semana pasada.<\/p>\n<p>En la movilizaci\u00f3n se hicieron presentes colectivos feministas y organizaciones de derechos humanos buscando que se respeten los derechos de lxs trabajadorxs y sus trabajos que son el principal y en algunos casos \u00fanica fuente de ingreso para el hogar. Adem\u00e1s la jornada de lucha se extendi\u00f3 a otras provincias para apoyar el reclamo.<\/p>\n<p>Hablamos con uno de los trabajadores despedidos de PEPSICO que nos conto \u201cvenimos a pedir que nos reubiquen como corresponde\u201d y adem\u00e1s destaco \u201cnunca imagine que tanta gente nos iba a apoyar en esto. Me emociona\u201d.<\/p>\n<p>Por otro lado, entrevistamos a Cristina Mena del Movimiento Teresa Rodr\u00edguez 12 de Abril que integra la CTEP que nos dijo \u201ces un orgullo estar con la CTEP que nos ha encontrado hoy en un espacio entre trotskistas, marxistas y diferentes organizaciones en un acto de solidaridad antes que de pol\u00edtica o diferencias ideol\u00f3gicas\u201d. Por otro lado resalt\u00f3 que \u201cel pueblo trabajador y las trabajadoras tenemos toda la necesidad absoluta de estar en la unidad de clase y de solidarizarse no solo por los trabajadores de PEPSICO, sino por nuestra propia subsistencia\u201d.<\/p>\n<p><strong><span style=\"color: #ff0000\"><a style=\"color: #ff0000\" href=\"https:\/\/www.facebook.com\/pg\/fmriachuelo\/photos\/?tab=album&amp;album_id=1458013237587220\">Fotogaleria<\/a><\/span><\/strong><\/p>\n","protected":false},"excerpt":{"rendered":"<p>[FM Riachuelo 19\/07\/2017] En el d\u00eda de ayer se realiz\u00f3 una marcha solidaria con los trabajadores despedidos de PEPSICO desde el Obelisco hasta el Ministerio de Trabajo, con el acompa\u00f1amiento de m\u00faltiples organizaciones y agrupaciones tanto gremiales como sociales para reclamar por la reincorporaci\u00f3n y reubicaci\u00f3n de los m\u00e1s de 600 trabajadores despedidos injustamente la [&hellip;]<\/p>\n","protected":false},"author":4,"featured_media":5031,"comment_status":"open","ping_status":"open","sticky":false,"template":"","format":"standard","meta":{"_monsterinsights_skip_tracking":false,"_monsterinsights_sitenote_active":false,"_monsterinsights_sitenote_note":"","_monsterinsights_sitenote_category":0,"jnews-multi-image_gallery":[],"jnews_single_post":[],"jnews_primary_category":[],"_joinchat":[],"footnotes":""},"categories":[78,76,75],"tags":[],"class_list":["post-5030","post","type-post","status-publish","format-standard","has-post-thumbnail","hentry","category-economia-popular","category-salud-comunitaria","category-trabajo"],"_links":{"self":[{"href":"http:\/\/fmriachuelo.it10.com.ar\/index.php\/wp-json\/wp\/v2\/posts\/5030","targetHints":{"allow":["GET"]}}],"collection":[{"href":"http:\/\/fmriachuelo.it10.com.ar\/index.php\/wp-json\/wp\/v2\/posts"}],"about":[{"href":"http:\/\/fmriachuelo.it10.com.ar\/index.php\/wp-json\/wp\/v2\/types\/post"}],"author":[{"embeddable":true,"href":"http:\/\/fmriachuelo.it10.com.ar\/index.php\/wp-json\/wp\/v2\/users\/4"}],"replies":[{"embeddable":true,"href":"http:\/\/fmriachuelo.it10.com.ar\/index.php\/wp-json\/wp\/v2\/comments?post=5030"}],"version-history":[{"count":0,"href":"http:\/\/fmriachuelo.it10.com.ar\/index.php\/wp-json\/wp\/v2\/posts\/5030\/revisions"}],"wp:featuredmedia":[{"embeddable":true,"href":"http:\/\/fmriachuelo.it10.com.ar\/index.php\/wp-json\/"}],"wp:attachment":[{"href":"http:\/\/fmriachuelo.it10.com.ar\/index.php\/wp-json\/wp\/v2\/media?parent=5030"}],"wp:term":[{"taxonomy":"category","embeddable":true,"href":"http:\/\/fmriachuelo.it10.com.ar\/index.php\/wp-json\/wp\/v2\/categories?post=5030"},{"taxonomy":"post_tag","embeddable":true,"href":"http:\/\/fmriachuelo.it10.com.ar\/index.php\/wp-json\/wp\/v2\/tags?post=5030"}],"curies":[{"name":"wp","href":"https:\/\/api.w.org\/{rel}","templated":true}]}}