{"id":503,"date":"2015-04-29T02:32:00","date_gmt":"2015-04-29T02:32:00","guid":{"rendered":"http:\/\/fmriachuelo.observatorioess.org.ar\/index.php\/2015\/04\/29\/bachilleratos-populares-y-la-falta-de-reconocimiento-oficial\/"},"modified":"2025-03-28T15:40:58","modified_gmt":"2025-03-28T18:40:58","slug":"bachilleratos-populares-y-la-falta-de-reconocimiento-oficial","status":"publish","type":"post","link":"http:\/\/fmriachuelo.it10.com.ar\/index.php\/2015\/04\/29\/bachilleratos-populares-y-la-falta-de-reconocimiento-oficial\/","title":{"rendered":"BACHILLERATOS POPULARES Y LA FALTA DE RECONOCIMIENTO OFICIAL"},"content":{"rendered":"<p><span style=\"font-family: Verdana, sans-serif\"><\/span><span style=\"color: red;font-family: Verdana, sans-serif;font-size: large\"><strong>EDUCACI\u00d3N POPULAR<\/strong><\/span><br \/><span style=\"font-family: Verdana, sans-serif\"><strong>Burocracia e indiferencia. Cuando la educaci\u00f3n no es un derecho<\/strong><\/span><\/p>\n<div style=\"clear: both;text-align: center\"><a href=\"http:\/\/3.bp.blogspot.com\/-mJi9mZunoeI\/VUBB_dX-svI\/AAAAAAAAEIM\/1yf3RMEQzDs\/s1600\/bachis1-570x300.jpg\" style=\"clear: left;float: left;margin-bottom: 1em;margin-right: 1em\"><img loading=\"lazy\" decoding=\"async\" border=\"0\" src=\"http:\/\/3.bp.blogspot.com\/-mJi9mZunoeI\/VUBB_dX-svI\/AAAAAAAAEIM\/1yf3RMEQzDs\/s1600\/bachis1-570x300.jpg\" height=\"168\" width=\"320\" \/><\/a><\/div>\n<p><span style=\"font-family: Verdana, sans-serif\">Una demanda de larga data separa a docentes y estudiantes de los bachilleratos populares de la burocracia gubernamental que insiste en negarles el reconocimiento en el \u00e1rea de la educaci\u00f3n p\u00fablica. Porqu\u00e9 se exige la oficializaci\u00f3n, la historia del reclamo, la importancia de la resistencia y la importancia de estas escuelas populares para quienes estudian en ellas. Hoy se prev\u00e9 una nueva reuni\u00f3n en el Ministerio de Educaci\u00f3n de la provincia de Buenos Aires.<\/span><br \/><span style=\"font-family: Verdana, sans-serif\"><br \/>La semana pasada aproximadamente 500 personas, en general profesoras, profesores y estudiantes integrantes de bachilleratos de gesti\u00f3n popular del Conurbano y la Ciudad de Buenos Aires, se movilizaron por las calles de La Plata para denunciar la indiferencia burocr\u00e1tica cristalizada en m\u00e1s de tres a\u00f1os de promesas de oficializaci\u00f3n incumplidas de parte de se\u00f1oras y se\u00f1ores empoderados que reniegan de la decisi\u00f3n de entender a estas escuelas dentro de la esfera de la educaci\u00f3n p\u00fablica.<\/span><br \/><a name='more'><\/a><span style=\"font-family: Verdana, sans-serif\">El reclamo se basa en la ausencia de asumir el compromiso pol\u00edtico de parte de la gesti\u00f3n de Daniel Scioli, gobernador, y de Nora de Luc\u00eda, directora general de Cultura y Educaci\u00f3n de la provincia de Buenos Aires, en reconocer y oficializar legalmente a las escuelas populares de adolescentes, adultas y adultos; asignar salarios a las y los docentes que las integran, otorgar becas para las y los estudiantes y asignar partidas presupuestarias que permitan su sostenimiento.<\/p>\n<p>El pasado mi\u00e9rcoles, luego de la movilizaci\u00f3n, de seis horas de espera y la toma pac\u00edfica del edificio p\u00fablico, quienes representaban las demandas de los 22 convenios pendientes, y nucleadas en la Coordinadora de Bachilleratos Populares en Lucha, fueron una vez m\u00e1s ignoradas y no recibieron de parte de las autoridades gubernamentales m\u00e1s que comunicaciones informales sobre el curso de las gestiones administrativas.<\/p>\n<p><strong>\u00bfQu\u00e9 son los Bachilleratos Populares?<\/strong><\/p>\n<p>Los bachilleratos populares son escuelas con un proyecto educativo basado en el compromiso social y en la educaci\u00f3n popular como herramienta de transformaci\u00f3n. Fueron y son impulsadas por organizaciones sociales y f\u00e1bricas recuperadas y nacieron a fines de los a\u00f1os \u00b490 frente a la profunda crisis estructural del sistema educativo argentino.<\/p>\n<p>Por esos a\u00f1os, fueron muchas las organizaciones territoriales y las empresas recuperadas que se pusieron al hombro la tarea de construir una nueva forma de pensar y hacer la educaci\u00f3n saldando la deuda que el Estado dej\u00f3 de lado, focalizando en aquellos grupos sociales que se han sentido expulsados del sistema educativo, excluidos, pero que sienten la necesidad de finalizar sus estudios secundarios.<\/p>\n<p>En la educaci\u00f3n que se intenta construir desde los bachilleratos populares no solo entran en juego todos los saberes, sino tambi\u00e9n todos los sentimientos, los deseos, los anhelos, las esperanzas y las indignaciones. Todos esos elementos, que nos constituyen como personas, deben ser pensados, escuchados y tenidos en cuenta en la construcci\u00f3n de una educaci\u00f3n para la emancipaci\u00f3n. Por eso de ellos se dice que son escuelas para j\u00f3venes y adultas\/os donde se construye el conocimiento colectivamente, sumando las experiencias y saberes que traemos tanto docentes como estudiantes.<\/span><\/p>\n<p><span style=\"font-family: Verdana, sans-serif\"><strong>\u00bfPor qu\u00e9 se exige la oficializaci\u00f3n?<\/strong><\/p>\n<p>La Coordinadora de Bachilleratos Populares en Lucha es una construcci\u00f3n pol\u00edtica que tiene diez a\u00f1os de experiencia en la creaci\u00f3n de escuelas p\u00fablicas y populares para j\u00f3venes, adultos y adultas. Recupera la importancia de la educaci\u00f3n con base territorial como una necesidad integral de los movimientos y organizaciones sociales. Est\u00e1 integrada por m\u00e1s de un centenar de experiencias en todo el pa\u00eds y apuesta a la construcci\u00f3n de proyectos pol\u00edtico-pedag\u00f3gicos hacia una diversificaci\u00f3n y democratizaci\u00f3n de las pr\u00e1cticas de ense\u00f1anza y aprendizaje.<\/p>\n<p>El requerimiento de oficializaci\u00f3n, es un reclamo al Estado nacional y provinciales desde los inicios de la Coordinadora. En CABA se ha logrado a partir de la lucha colectiva la oficializaci\u00f3n de varios bachilleratos populares, aunque suene irrisorio durante la gesti\u00f3n de Mauricio Macri. En cambio, el reclamo en provincia de Buenos Aires no llega a buen puerto desde que dej\u00f3 el Ministerio de Educaci\u00f3n Mario Oporto en diciembre de 2011, cuando llegaron a firmarse cinco convenios (corresponden a cinco bachilleratos), sin culminar los caminos burocr\u00e1ticos de la oficializaci\u00f3n definitiva. El avance de la firma de por lo menos los cinco convenios, servir\u00eda como antecedente para continuar la lucha por la oficializaci\u00f3n de los bachilleratos restantes.<\/p>\n<p>A fines del 2014, luego de continuas idas y vueltas, movilizaciones, reuniones truncadas, todos intentos para lograr una mesa de di\u00e1logo para que comiencen a avanzar la firmas definitivas de los convenios, integrantes de los bachilleratos populares fueron convocadas\/os a otra reuni\u00f3n en el Ministerio, esta vez con la supuesta propuesta concreta de retomar esos convenios y obtener una respuesta; panorama que se sostuvo durante todo el verano 2015, donde fueron y volvieron a y desde La Plata siempre con una peque\u00f1a luz de esperanza que sigue a\u00fan sin concretarse. \u00bfQu\u00e9 falta? Lo esencial, la respuesta pol\u00edtica de parte de la Directora General de Cultura y Educaci\u00f3n, Nora De Luc\u00eda, de firmar los convenios.<\/p>\n<p>El \u00faltimo \u201cpacto\u201d que tuvo la Coordinadora con funcionarios\/as de la gesti\u00f3n provincial de la cartera de Educaci\u00f3n fue a principios de abril y resolvi\u00f3 que para el 15 de ese mismo mes el subsecretario de Educaci\u00f3n, N\u00e9stor Ribet, se compromet\u00eda a dar una respuesta pol\u00edtica sobre la posibilidad de firmar estos cinco convenios. Como eso no sucedi\u00f3 y ni siquiera hubo comunicaci\u00f3n telef\u00f3nica de por medio, es que nuevamente decidieron salir a las calles para visibilizar el leg\u00edtimo reclamo de oficializaci\u00f3n<\/span>.<\/p>\n<p><span style=\"color: blue;font-family: Verdana, sans-serif\">Fuente: Marcha, Producci\u00f3n Riachuelo<\/span><\/p>\n","protected":false},"excerpt":{"rendered":"<p>EDUCACI\u00d3N POPULARBurocracia e indiferencia. Cuando la educaci\u00f3n no es un derecho Una demanda de larga data separa a docentes y estudiantes de los bachilleratos populares de la burocracia gubernamental que insiste en negarles el reconocimiento en el \u00e1rea de la educaci\u00f3n p\u00fablica. Porqu\u00e9 se exige la oficializaci\u00f3n, la historia del reclamo, la importancia de la [&hellip;]<\/p>\n","protected":false},"author":4,"featured_media":0,"comment_status":"open","ping_status":"open","sticky":false,"template":"","format":"standard","meta":{"_monsterinsights_skip_tracking":false,"_monsterinsights_sitenote_active":false,"_monsterinsights_sitenote_note":"","_monsterinsights_sitenote_category":0,"jnews-multi-image_gallery":[],"jnews_single_post":{"format":"standard"},"jnews_primary_category":[],"_joinchat":[],"footnotes":""},"categories":[58],"tags":[149],"class_list":["post-503","post","type-post","status-publish","format-standard","hentry","category-noticiariachuelo","tag-educacion-popular"],"_links":{"self":[{"href":"http:\/\/fmriachuelo.it10.com.ar\/index.php\/wp-json\/wp\/v2\/posts\/503","targetHints":{"allow":["GET"]}}],"collection":[{"href":"http:\/\/fmriachuelo.it10.com.ar\/index.php\/wp-json\/wp\/v2\/posts"}],"about":[{"href":"http:\/\/fmriachuelo.it10.com.ar\/index.php\/wp-json\/wp\/v2\/types\/post"}],"author":[{"embeddable":true,"href":"http:\/\/fmriachuelo.it10.com.ar\/index.php\/wp-json\/wp\/v2\/users\/4"}],"replies":[{"embeddable":true,"href":"http:\/\/fmriachuelo.it10.com.ar\/index.php\/wp-json\/wp\/v2\/comments?post=503"}],"version-history":[{"count":1,"href":"http:\/\/fmriachuelo.it10.com.ar\/index.php\/wp-json\/wp\/v2\/posts\/503\/revisions"}],"predecessor-version":[{"id":23356,"href":"http:\/\/fmriachuelo.it10.com.ar\/index.php\/wp-json\/wp\/v2\/posts\/503\/revisions\/23356"}],"wp:attachment":[{"href":"http:\/\/fmriachuelo.it10.com.ar\/index.php\/wp-json\/wp\/v2\/media?parent=503"}],"wp:term":[{"taxonomy":"category","embeddable":true,"href":"http:\/\/fmriachuelo.it10.com.ar\/index.php\/wp-json\/wp\/v2\/categories?post=503"},{"taxonomy":"post_tag","embeddable":true,"href":"http:\/\/fmriachuelo.it10.com.ar\/index.php\/wp-json\/wp\/v2\/tags?post=503"}],"curies":[{"name":"wp","href":"https:\/\/api.w.org\/{rel}","templated":true}]}}