{"id":5016,"date":"2017-07-17T15:32:27","date_gmt":"2017-07-17T15:32:27","guid":{"rendered":"http:\/\/fmriachuelo.com.ar\/ljkjklj\/?p=5016"},"modified":"2017-07-17T15:32:27","modified_gmt":"2017-07-17T15:32:27","slug":"7mo-festival-internacional-de-titeres-al-sur","status":"publish","type":"post","link":"http:\/\/fmriachuelo.it10.com.ar\/index.php\/2017\/07\/17\/7mo-festival-internacional-de-titeres-al-sur\/","title":{"rendered":"7MO FESTIVAL INTERNACIONAL DE T\u00cdTERES AL SUR"},"content":{"rendered":"<p>[FM Riachuelo 17\/07\/2017] El d\u00eda domingo 16 de julio se realiz\u00f3 una kermese para dar inicio al Festival Internacional de T\u00edteres al Sur, que se desarrollara del 15 al 30 de julio en varias sedes culturales y populares en CABA. <span style=\"color: #ff0000\"><strong>FM Riachuelo<\/strong><\/span> acompa\u00f1o la apertura con una radio abierta.<\/p>\n<blockquote class=\"twitter-tweet\" data-width=\"500\" data-dnt=\"true\">\n<p lang=\"es\" dir=\"ltr\"><a href=\"https:\/\/twitter.com\/hashtag\/7FestivalTiteresAlSur?src=hash&amp;ref_src=twsrc%5Etfw\">#7FestivalTiteresAlSur<\/a>  en el barrio de la Boca con radio abierta, participacion de <a href=\"https:\/\/twitter.com\/fmriachuelo?ref_src=twsrc%5Etfw\">@fmriachuelo<\/a> <a href=\"https:\/\/t.co\/kQGHdwdw4D\">pic.twitter.com\/kQGHdwdw4D<\/a><\/p>\n<p>&mdash; FM Riachuelo (@fmriachuelo) <a href=\"https:\/\/twitter.com\/fmriachuelo\/status\/886603535676211204?ref_src=twsrc%5Etfw\">July 16, 2017<\/a><\/p><\/blockquote>\n<p><script async src=\"https:\/\/platform.twitter.com\/widgets.js\" charset=\"utf-8\"><\/script><\/p>\n<p>Este evento se est\u00e1 llevando a cabo en el marco de los 34 a\u00f1os como Grupo y 20 a\u00f1os de tener la plaza techada,\u00a0<strong>EL GALP\u00d3N\u00a0DE CATALINAS<\/strong>, que est\u00e1 en pleno coraz\u00f3n del barrio de\u00a0<strong>LA BOCA<\/strong>. Al festival llegar\u00e1n elencos de\u00a0<strong>Espa\u00f1a, M\u00e9xico, Per\u00fa, Ecuador, Uruguay, Grecia, Suiza, Francia, Noruega<\/strong>\u00a0y por supuesto desde distintos puntos de\u00a0<strong>Argentina.<\/strong><\/p>\n<p><a href=\"http:\/\/fmriachuelo.com.ar\/ljkjklj\/wp-content\/uploads\/2017\/07\/IMG_0297-12.jpg\"><img loading=\"lazy\" decoding=\"async\" class=\"alignleft size-thumbnail wp-image-5028\" src=\"http:\/\/fmriachuelo.com.ar\/ljkjklj\/wp-content\/uploads\/2017\/07\/IMG_0297-12-150x150.jpg\" alt=\"\" width=\"150\" height=\"150\" \/><\/a><\/p>\n<p><strong><span style=\"color: #ff0000\"><a style=\"color: #ff0000\" href=\"https:\/\/www.facebook.com\/fmriachuelo\/photos\/a.232099170178639.68652.196659553722601\/1455871897801354\/?type=3&amp;theater\">Grilla Completa<\/a><\/span><\/strong><\/p>\n<p>Las distintas sedes son: El Galp\u00f3n de Catalinas, Circuito Cultural Barracas, Teatro La M\u00e1scara y Teatro de Los Pompas. \u00a0Algunas funciones ser\u00e1n a la gorra y otras tendr\u00e1n un precio popular.<\/p>\n<p>&nbsp;<\/p>\n<p>En este link podes encontrar la grilla completa: http:\/\/www.festivalalsur.com.ar\/festival2017\/index.php\/grilla<\/p>\n<p>&nbsp;<\/p>\n","protected":false},"excerpt":{"rendered":"<p>[FM Riachuelo 17\/07\/2017] El d\u00eda domingo 16 de julio se realiz\u00f3 una kermese para dar inicio al Festival Internacional de T\u00edteres al Sur, que se desarrollara del 15 al 30 de julio en varias sedes culturales y populares en CABA. FM Riachuelo acompa\u00f1o la apertura con una radio abierta. #7FestivalTiteresAlSur en el barrio de la [&hellip;]<\/p>\n","protected":false},"author":4,"featured_media":5021,"comment_status":"open","ping_status":"open","sticky":false,"template":"","format":"standard","meta":{"_monsterinsights_skip_tracking":false,"_monsterinsights_sitenote_active":false,"_monsterinsights_sitenote_note":"","_monsterinsights_sitenote_category":0,"jnews-multi-image_gallery":[],"jnews_single_post":[],"jnews_primary_category":[],"_joinchat":[],"footnotes":""},"categories":[78,77],"tags":[],"class_list":["post-5016","post","type-post","status-publish","format-standard","has-post-thumbnail","hentry","category-economia-popular","category-soberania"],"_links":{"self":[{"href":"http:\/\/fmriachuelo.it10.com.ar\/index.php\/wp-json\/wp\/v2\/posts\/5016","targetHints":{"allow":["GET"]}}],"collection":[{"href":"http:\/\/fmriachuelo.it10.com.ar\/index.php\/wp-json\/wp\/v2\/posts"}],"about":[{"href":"http:\/\/fmriachuelo.it10.com.ar\/index.php\/wp-json\/wp\/v2\/types\/post"}],"author":[{"embeddable":true,"href":"http:\/\/fmriachuelo.it10.com.ar\/index.php\/wp-json\/wp\/v2\/users\/4"}],"replies":[{"embeddable":true,"href":"http:\/\/fmriachuelo.it10.com.ar\/index.php\/wp-json\/wp\/v2\/comments?post=5016"}],"version-history":[{"count":0,"href":"http:\/\/fmriachuelo.it10.com.ar\/index.php\/wp-json\/wp\/v2\/posts\/5016\/revisions"}],"wp:featuredmedia":[{"embeddable":true,"href":"http:\/\/fmriachuelo.it10.com.ar\/index.php\/wp-json\/"}],"wp:attachment":[{"href":"http:\/\/fmriachuelo.it10.com.ar\/index.php\/wp-json\/wp\/v2\/media?parent=5016"}],"wp:term":[{"taxonomy":"category","embeddable":true,"href":"http:\/\/fmriachuelo.it10.com.ar\/index.php\/wp-json\/wp\/v2\/categories?post=5016"},{"taxonomy":"post_tag","embeddable":true,"href":"http:\/\/fmriachuelo.it10.com.ar\/index.php\/wp-json\/wp\/v2\/tags?post=5016"}],"curies":[{"name":"wp","href":"https:\/\/api.w.org\/{rel}","templated":true}]}}