{"id":5011,"date":"2017-07-16T14:24:26","date_gmt":"2017-07-16T14:24:26","guid":{"rendered":"http:\/\/fmriachuelo.com.ar\/ljkjklj\/?p=5011"},"modified":"2017-07-16T14:24:26","modified_gmt":"2017-07-16T14:24:26","slug":"referentes-popularesrepresion-en-pepsico","status":"publish","type":"post","link":"http:\/\/fmriachuelo.it10.com.ar\/index.php\/2017\/07\/16\/referentes-popularesrepresion-en-pepsico\/","title":{"rendered":"REFERENTES POPULARES:REPRESI\u00d3N EN PEPSICO"},"content":{"rendered":"<p>[FM Riachuelo\/Poetas Sociales 16\/07\/2017] El d\u00eda s\u00e1bado pasado el referente popular, Pablo Puebla de la OLP Sim\u00f3n Bol\u00edvar y Mesa Gremial 19 y 20 CTEP, \u00a0fue entrevistado en el programa Poetas Sociales\u00a0(Sabados a las 11hs.)\u00a0y coment\u00f3 sobre la represi\u00f3n en la f\u00e1brica de PEPSICO.<\/p>\n<p>ESCUCHA LA ENTREVISTA COMPLETA:<\/p>\n<p>\u201cLAS L\u00c1GRIMAS QUE VIMOS DE LAS COMPA\u00d1ERAS CUANDO REPRIM\u00cdAN NO ERAN S\u00d3LO POR LOS GASES, SINO POR LA DESPEDIDA DE UN SER QUERIDO, EL TRABAJO, Y LA APARICI\u00d3N DE LA POBREZA\u201d<\/p>\n<p>En la \u00faltima emisi\u00f3n de Poetas Sociales por FM Riachuelo conversamos con Pablo Puebla de las Organizaciones Libres del Pueblo OLP, Mesa Gremial 19 y 20 de la CTEP, sobre su mirada sobre el conflicto en torno al cierre de la f\u00e1brica Pepsico\u00a0 y la posterior represi\u00f3n a los trabajadores que resist\u00edan el desalojo de la f\u00e1brica.<\/p>\n<p>Puebla resalt\u00f3 el clima de velorio que se vivi\u00f3 entre los compa\u00f1eros luego de la represi\u00f3n, no s\u00f3lo por la violencia \u00a0sino por el resultado final que implica el fin de una forma de vida vinculada al trabajo al no saber c\u00f3mo sostener a las familias y la perdida de derechos,\u00a0\u00a0\u201cestos compa\u00f1eros van a ingresar a la econom\u00eda popular y seguramente se sumar\u00e1n a nuestras organizaciones\u201d y agrego \u201clas l\u00e1grimas que vimos de las compa\u00f1eras cuando reprim\u00edan no eran s\u00f3lo por los gases, sino por la despedida de un ser querido, que es el trabajo, y la aparici\u00f3n de la pobreza\u201d.<\/p>\n<p>Refiri\u00e9ndose a la respuesta por parte de los sectores pol\u00edticos del campo popular, \u00a0en relaci\u00f3n al conflicto, hizo un enf\u00e1tico llamado a revisar diciendo:\u00a0\u201cno estamos preparados como campo popular para responder como corresponde. Hay responsabilidades de quienes no llaman a organizar al campo popular\u00a0 y est\u00e1n m\u00e1s pendientes de las encuestas de la campa\u00f1a electoral, distra\u00eddos con lo que dicen las encuestas de este sistema capitalista, que te excluye,\u00a0 te margina, te pega\u00a0 y te mata&#8230;\u201d<\/p>\n<p>Ante la pregunta acerca de c\u00f3mo se frena este avance de la derecha, manifest\u00f3 no tener la respuesta, pero que hay que visualizar que \u201cel sistema mundial domina todos los dem\u00e1s sistema de participaci\u00f3n con las trampas electorales, el marketing pol\u00edtico, el cambiar la palabra pueblo por la gente&#8230;\u201d Continuo que: \u00ab<strong>Lo que no domina es la calle. <\/strong>Hay que tener una cabeza solidaria, abierta, hacia los compa\u00f1eros que est\u00e1n luchando en la calle. \u00a0Hay que ser amplio y estar en la calle..\u201d<\/p>\n<p>En relaci\u00f3n a c\u00f3mo organizar una respuesta m\u00e1s contundente desde el campo popular ante estos conflictos, coment\u00f3 que \u201cdesde la CTEP se lanz\u00f3 un comit\u00e9 de solidaridad que de respuesta r\u00e1pida a los conflictos que a lo largo y ancho del pa\u00eds se planteen en todo el campo de los trabajadores. Debemos mejorar la comunicaci\u00f3n entre las organizaciones para accionar respuestas inmediatas\u201d.<\/p>\n<p>Cerr\u00f3 la entrevista citando a Raimundo Ongaro \u201cSolo el pueblo salvar\u00e1 al pueblo\u201d.<\/p>\n","protected":false},"excerpt":{"rendered":"<p>[FM Riachuelo\/Poetas Sociales 16\/07\/2017] El d\u00eda s\u00e1bado pasado el referente popular, Pablo Puebla de la OLP Sim\u00f3n Bol\u00edvar y Mesa Gremial 19 y 20 CTEP, \u00a0fue entrevistado en el programa Poetas Sociales\u00a0(Sabados a las 11hs.)\u00a0y coment\u00f3 sobre la represi\u00f3n en la f\u00e1brica de PEPSICO. ESCUCHA LA ENTREVISTA COMPLETA: \u201cLAS L\u00c1GRIMAS QUE VIMOS DE LAS COMPA\u00d1ERAS [&hellip;]<\/p>\n","protected":false},"author":4,"featured_media":5012,"comment_status":"open","ping_status":"open","sticky":false,"template":"","format":"standard","meta":{"_monsterinsights_skip_tracking":false,"_monsterinsights_sitenote_active":false,"_monsterinsights_sitenote_note":"","_monsterinsights_sitenote_category":0,"jnews-multi-image_gallery":[],"jnews_single_post":[],"jnews_primary_category":[],"_joinchat":[],"footnotes":""},"categories":[79,75],"tags":[],"class_list":["post-5011","post","type-post","status-publish","format-standard","has-post-thumbnail","hentry","category-nadie-se-salva-solo","category-trabajo"],"_links":{"self":[{"href":"http:\/\/fmriachuelo.it10.com.ar\/index.php\/wp-json\/wp\/v2\/posts\/5011","targetHints":{"allow":["GET"]}}],"collection":[{"href":"http:\/\/fmriachuelo.it10.com.ar\/index.php\/wp-json\/wp\/v2\/posts"}],"about":[{"href":"http:\/\/fmriachuelo.it10.com.ar\/index.php\/wp-json\/wp\/v2\/types\/post"}],"author":[{"embeddable":true,"href":"http:\/\/fmriachuelo.it10.com.ar\/index.php\/wp-json\/wp\/v2\/users\/4"}],"replies":[{"embeddable":true,"href":"http:\/\/fmriachuelo.it10.com.ar\/index.php\/wp-json\/wp\/v2\/comments?post=5011"}],"version-history":[{"count":0,"href":"http:\/\/fmriachuelo.it10.com.ar\/index.php\/wp-json\/wp\/v2\/posts\/5011\/revisions"}],"wp:featuredmedia":[{"embeddable":true,"href":"http:\/\/fmriachuelo.it10.com.ar\/index.php\/wp-json\/"}],"wp:attachment":[{"href":"http:\/\/fmriachuelo.it10.com.ar\/index.php\/wp-json\/wp\/v2\/media?parent=5011"}],"wp:term":[{"taxonomy":"category","embeddable":true,"href":"http:\/\/fmriachuelo.it10.com.ar\/index.php\/wp-json\/wp\/v2\/categories?post=5011"},{"taxonomy":"post_tag","embeddable":true,"href":"http:\/\/fmriachuelo.it10.com.ar\/index.php\/wp-json\/wp\/v2\/tags?post=5011"}],"curies":[{"name":"wp","href":"https:\/\/api.w.org\/{rel}","templated":true}]}}