{"id":5000,"date":"2017-07-15T03:05:09","date_gmt":"2017-07-15T03:05:09","guid":{"rendered":"http:\/\/fmriachuelo.com.ar\/ljkjklj\/?p=5000"},"modified":"2017-07-15T03:05:09","modified_gmt":"2017-07-15T03:05:09","slug":"plenario-federal-de-organizaciones-de-la-economia-popular-vota-plan-de-lucha","status":"publish","type":"post","link":"http:\/\/fmriachuelo.it10.com.ar\/index.php\/2017\/07\/15\/plenario-federal-de-organizaciones-de-la-economia-popular-vota-plan-de-lucha\/","title":{"rendered":"PLENARIO FEDERAL DE ORGANIZACIONES DE LA ECONOM\u00cdA POPULAR VOTA PLAN DE LUCHA"},"content":{"rendered":"<p>[FM Riachuelo 14\/07\/2017] En la tarde de hoy con una multitudinaria asistencia se celebr\u00f3 el \u00abPlenario Nacional de Delegados\u00bb con representantes de los trabajadores de la econom\u00eda popular, que llegaron desde distintos puntos del pa\u00eds, para acordar un plan de lucha que fue votado por unanimidad por los presentes.\u00a0La Confederaci\u00f3n de Trabajadores de la Econom\u00eda Popular (CTEP)EP junto a la Corriente Clasista y Combativa (CCC) y Barrios de Pie acordaron un plan de lucha, \u00a0que luego se plasm\u00f3 en el <strong><a href=\"http:\/\/fmriachuelo.com.ar\/ljkjklj\/blog\/2017\/07\/15\/plan-de-lucha-de-la-economia-popular-el-hambre-no-espera\/\">COMUNICADO<\/a><\/strong>\u00a0que enuncia las principales medidas de lucha.<\/p>\n<p>El Secretario General de la CTEP, Esteban \u00abGringo\u00bb Castro cerr\u00f3 con sus palabras el encuentro plenario:<\/p>\n<p>Como cierre del Plenario Nacional, el Secretario Gral. Esteban \u00abGringo\u00bb Castro destac\u00f3 \u00abla importancia que tiene el concepto de econom\u00eda popular que a\u00fan no est\u00e1 arraigado en nuestro pueblo, porque nosotros eramos los choriplaneros, una concepci\u00f3n impuesta por los liberales para poner bajo la alfombra que somos trabajadores y trabajadoras\u00bb, y agreg\u00f3 que: \u00abnosotros fuimos capaces de crearnos un ingreso de alguna manera\u00bb. \u00a0Castro enfatiz\u00f3 que a pesar de las diferencias junto a \u00abla CGT, con las dos CTA y con todos los movimientos populares vamos a demostrar a este gobierno que\u00a0a los trabajadores se los respeta\u00bb. Adem\u00e1s hizo un fuerte reconocimiento de las conquistas que fueron resultado de las luchas de los trabajadores como la Emergencia Social y el Salario Social Complementario.<\/p>\n<p>Escuch\u00e1 a continuaci\u00f3n las distintas voces de la Cobertura Riachuelo:<\/p>\n<p>El patio de la CTEP, \u00a0delegaci\u00f3n central, se colm\u00f3 de delegados de las distintas regiones de nuestra patria,\u00a0que bajo las intermitentes lluvias no dejaron de hacer oir sus voces, que fueron seguidas con gran atenci\u00f3n por el conjunto presente. Con la expresi\u00f3n de las distintas necesidades, que coincidieron en afirmar que\u00a0la unidad de los trabajadores es la herramienta de lucha que se expresa en la calle, \u00fanico lugar donde se pueden visibilizar las necesidades. Algunas de las m\u00e1s destacadas expresiones de los trabajadores y trabajadoras presentes fueron:\u00bbnos quieren hacer discutir con los comisarios pero nosotros queremos discutir pol\u00edtica\u00bb, en alusi\u00f3n a la creciente persecusi\u00f3n a los trabajadores en su conjunto. \u00abUnidos en la calle no nos van a poder vencer\u00bb, \u00absalimos a defender los derechos de los trabajadores en unidad\u00bb, \u00absi estos tipos no se van, los vamos a echar a patadas\u00bb, \u00a0\u00abqueremos construir un futuro diferente para nuestro pueblo\u00bb, entre tantas otras voces que sonaron con sus sentidas palabras frente a la concurrencia, \u00a0que escuch\u00f3 respetuosamente cada palabra que se dijo.<\/p>\n<p>Tambi\u00e9n es necesario destacar que quienes en primer lugar tomaron la palabra fueron las trabajadoras de la econom\u00eda popular que oficializaron la presentaci\u00f3n\u00a0de la <em>Secretar\u00eda de Mujeres y Diversidad<\/em>, que viene sesionando\u00a0sistem\u00e1ticamente en la CTEP, y expresaron: \u00aba la hora de estar en la calle las mujeres somos las primeras\u00bb, lo que mereci\u00f3 un encendido reconocimiento por parte de los presentes. Otra moci\u00f3n que se hizo escuchar tambi\u00e9n fue la necesidad de constituir una <em>Mesa Permanente de Seguimiento de los Conflictos<\/em>, como necesidad de estar atentos \u00a0para \u00a0solidarizarse y sumar fuerzas con las distintas luchas del pueblo trabajador, \u00a0frente a la creciente represi\u00f3n y conflictividad que se abre con la situaci\u00f3n actual, tal como sucedi\u00f3 esta semana con los trabajadores de Pepsico reprimidos brutalmente.<\/p>\n<p><span style=\"color: #0000ff\"><strong><a style=\"color: #0000ff\" href=\"https:\/\/www.facebook.com\/pg\/fmriachuelo\/photos\/?tab=album&amp;album_id=1453108838077660\">GALER\u00cdA FOTOGR\u00c1FICA<\/a><\/strong><\/span><\/p>\n<p>Lee todo el\u00a0<strong><a href=\"http:\/\/fmriachuelo.com.ar\/ljkjklj\/blog\/2017\/07\/15\/plan-de-lucha-de-la-economia-popular-el-hambre-no-espera\/\">COMUNICADO<\/a><\/strong><\/p>\n<p>&nbsp;<\/p>\n<p>&nbsp;<\/p>\n<p>&nbsp;<\/p>\n","protected":false},"excerpt":{"rendered":"<p>[FM Riachuelo 14\/07\/2017] En la tarde de hoy con una multitudinaria asistencia se celebr\u00f3 el \u00abPlenario Nacional de Delegados\u00bb con representantes de los trabajadores de la econom\u00eda popular, que llegaron desde distintos puntos del pa\u00eds, para acordar un plan de lucha que fue votado por unanimidad por los presentes.\u00a0La Confederaci\u00f3n de Trabajadores de la Econom\u00eda [&hellip;]<\/p>\n","protected":false},"author":4,"featured_media":5006,"comment_status":"open","ping_status":"open","sticky":false,"template":"","format":"standard","meta":{"_monsterinsights_skip_tracking":false,"_monsterinsights_sitenote_active":false,"_monsterinsights_sitenote_note":"","_monsterinsights_sitenote_category":0,"jnews-multi-image_gallery":[],"jnews_single_post":[],"jnews_primary_category":[],"_joinchat":[],"footnotes":""},"categories":[78,76,75],"tags":[],"class_list":["post-5000","post","type-post","status-publish","format-standard","has-post-thumbnail","hentry","category-economia-popular","category-salud-comunitaria","category-trabajo"],"_links":{"self":[{"href":"http:\/\/fmriachuelo.it10.com.ar\/index.php\/wp-json\/wp\/v2\/posts\/5000","targetHints":{"allow":["GET"]}}],"collection":[{"href":"http:\/\/fmriachuelo.it10.com.ar\/index.php\/wp-json\/wp\/v2\/posts"}],"about":[{"href":"http:\/\/fmriachuelo.it10.com.ar\/index.php\/wp-json\/wp\/v2\/types\/post"}],"author":[{"embeddable":true,"href":"http:\/\/fmriachuelo.it10.com.ar\/index.php\/wp-json\/wp\/v2\/users\/4"}],"replies":[{"embeddable":true,"href":"http:\/\/fmriachuelo.it10.com.ar\/index.php\/wp-json\/wp\/v2\/comments?post=5000"}],"version-history":[{"count":0,"href":"http:\/\/fmriachuelo.it10.com.ar\/index.php\/wp-json\/wp\/v2\/posts\/5000\/revisions"}],"wp:featuredmedia":[{"embeddable":true,"href":"http:\/\/fmriachuelo.it10.com.ar\/index.php\/wp-json\/"}],"wp:attachment":[{"href":"http:\/\/fmriachuelo.it10.com.ar\/index.php\/wp-json\/wp\/v2\/media?parent=5000"}],"wp:term":[{"taxonomy":"category","embeddable":true,"href":"http:\/\/fmriachuelo.it10.com.ar\/index.php\/wp-json\/wp\/v2\/categories?post=5000"},{"taxonomy":"post_tag","embeddable":true,"href":"http:\/\/fmriachuelo.it10.com.ar\/index.php\/wp-json\/wp\/v2\/tags?post=5000"}],"curies":[{"name":"wp","href":"https:\/\/api.w.org\/{rel}","templated":true}]}}