{"id":50,"date":"2021-08-04T13:10:33","date_gmt":"2021-08-04T13:10:33","guid":{"rendered":"http:\/\/fmriachuelo.it10.com.ar\/?p=50"},"modified":"2025-02-12T13:51:56","modified_gmt":"2025-02-12T16:51:56","slug":"bocha-rego-el-veredicto-que-no-fue","status":"publish","type":"post","link":"http:\/\/fmriachuelo.it10.com.ar\/index.php\/2021\/08\/04\/bocha-rego-el-veredicto-que-no-fue\/","title":{"rendered":"BOCHA REGO: EL VEREDICTO QUE NO FUE"},"content":{"rendered":"\n<h2 class=\"wp-block-heading\"><\/h2>\n\n\n\n<p><em><strong>[Por Colectivo de Medios Populares (*),16\/07\/2021] En una nueva audiencia con idas y vueltas, el Tribunal posterg\u00f3 la resoluci\u00f3n de la sentencia para el 10 de agosto. S\u00f3lo declar\u00f3 el prefecto Carrizo y quedaron para una pr\u00f3xima jornada las \u00faltimas palabras de Cristian L\u00f3pez.<\/strong><\/em><\/p>\n\n\n\n<p>El jueves 15 de junio era el d\u00eda esperado por Jorge. Despu\u00e9s de a\u00f1os de espera, podr\u00eda escuchar la sentencia contra lxs responsables del asesinato de su hijo Christofer \u201cBocha\u201d Rego, baleado en 2018 por una patrulla de prefectos en el barrio porte\u00f1o de Parque de los Patricios.<\/p>\n\n\n\n<p>El Tribunal Oral Correccional N\u00ba 3 de Capital Federal hab\u00eda anunciado que se escuchar\u00edan las \u00faltimas palabras de la prefecta Lucila Tamara Carrizo y el gendarme Cristian Alberto L\u00f3pez y que, posteriormente, dar\u00edan el veredicto de esta causa. Sus colegas Pablo Britez; Mariano Paredez; Axel Gregorio Diaz Guevara; Rub\u00e9n Dar\u00edo Viana y Javier Eduardo Fern\u00e1ndez ya hab\u00edan declarado en audiencias anteriores.<\/p>\n\n\n\n<p>Todo comenz\u00f3 a las 14 hs. cuando Jorge, el pap\u00e1 del Bocha, su mam\u00e1, su compa\u00f1era Luana, amigas y amigos y familiares de v\u00edctimas del gatillo f\u00e1cil se encontraron en la vereda de enfrente del palacio de los Tribunales y un oficial, que es la custodia del TOC N\u00ba 3, le comunic\u00f3 a Jorge que la audiencia no se iba a realizar. La explicaci\u00f3n fue que L\u00f3pez no pod\u00eda asistir porque en la c\u00e1rcel de Caseros no estaban las condiciones t\u00e9cnicas para hacer la comunicaci\u00f3n v\u00eda zoom. Adem\u00e1s, inform\u00f3 que Britez, quien tambi\u00e9n est\u00e1 detenido en la misma c\u00e1rcel, hab\u00eda contra\u00eddo COVID y estaba aislado.<\/p>\n\n\n\n<p>La notificaci\u00f3n a lxs abogadxs de la Gremial que representan a la familia Rego tambi\u00e9n lleg\u00f3 a \u00faltimo momento cuando el presidente del Tribunal, Julio C\u00e9sar B\u00e1ez, inform\u00f3 a Rosario Fern\u00e1ndez y Eduardo \u201cNegro\u201d Soares de la suspensi\u00f3n. La bronca y la desilusi\u00f3n se percib\u00eda en los rostros de todes.<\/p>\n\n\n<div class=\"wp-block-image\">\n<figure class=\"alignright\"><img decoding=\"async\" src=\"http:\/\/fmriachuelo.com.ar\/wp-content\/uploads\/2021\/07\/WhatsApp-Image-2021-07-16-at-2.18.29-PM-300x200.jpeg\" alt=\"\" class=\"wp-image-13783\"\/><\/figure><\/div>\n\n\n<p><strong>El Tribunal siempre da sorpresas<\/strong><\/p>\n\n\n\n<p>Media hora despu\u00e9s, cuando todo hac\u00eda suponer que habr\u00eda que volver en una fecha, baj\u00f3 del edificio de Tribunales un empleado del juzgado preguntando por el abogado querellante, quien ya se hab\u00eda retirado. El empleado le indic\u00f3 al pap\u00e1 del Bocha que el Tribunal hab\u00eda decidido escuchar a la prefecta Carrizo. Finalmente, Soares se conect\u00f3 de manera remota, al igual que les trabajadores de prensa que debieron presenciar la audiencia por zoom. La \u00fanica autorizada a estar presente en la sala fue la familia.<\/p>\n\n\n\n<p>Antes de darle la palabra a la prefecta Carrizo, los abogados de Pablo Britez y Cristian L\u00f3pez le solicitaron al Tribunal que dejaran sin efecto la prisi\u00f3n preventiva de sus defendidos y pasaran a detenci\u00f3n domiciliaria, ya que aducen, el pr\u00f3ximo 25 de este mes se vence el plazo. El fiscal Andr\u00e9s Esteban Madrea rechaz\u00f3 esta petici\u00f3n, por considerar que al estar ya en las instancias finales el juicio, no ameritaba tal solicitud. El tribunal les indic\u00f3 que tomar\u00eda su decisi\u00f3n antes de esa fecha y los notificar\u00eda.<\/p>\n\n\n\n<p><strong>Un tel\u00e9fono descompuesto<\/strong><\/p>\n\n\n\n<p>Finalmente, Britez no ten\u00eda COVID. O al menos, eso inform\u00f3 su abogado, quien transmiti\u00f3 que \u201cestaba con un estado febril, pero que estaba esperando que lo bajaran para conectarse\u201d. El pabell\u00f3n donde est\u00e1 alojado est\u00e1 aislado pero el hisopado de Britez dio negativo. \u201cDicha esta situaci\u00f3n, que va a ser dif\u00edcil de resolver, habida cuenta de este aislamiento f\u00e1ctico que ha dispuesto el Servicio Penitenciario Federal, vamos a escuchar solamente las palabras finales de la se\u00f1orita Carrizo\u201d, inform\u00f3 el presidente del tribunal.<\/p>\n\n\n\n<p>En su declaraci\u00f3n, Carrizo relat\u00f3 su ingreso a la Prefectura. Dijo que cuando ten\u00eda 10 a\u00f1os le dijo a su mam\u00e1 que quer\u00eda ser polic\u00eda pero que ella le advirti\u00f3 de los riesgos, por lo que acept\u00f3 la sugerencia de sumarse a la fuerza de seguridad de la que es parte su pap\u00e1. As\u00ed fue que a los 19 a\u00f1os ingres\u00f3 a la Prefectura. \u201cEl d\u00eda que me recib\u00ed sent\u00ed un orgullo muy grande de llevar el mismo uniforme que mi padre\u201d.<\/p>\n\n\n\n<p>En cuanto al hecho que se le imputa, Carrizo dijo que hab\u00eda sufrido acoso y maltratos e insultos de parte del oficial Vel\u00e1zquez en la comisar\u00eda. Que ella hab\u00eda dicho todo lo que sab\u00eda. \u00abEse mismo d\u00eda me hab\u00eda enterado lo que realmente hab\u00eda pasado. El trato que \u00e9l tuvo conmigo no era necesario. Cuando llegu\u00e9 al Servicio Penitenciario segu\u00ed sufriendo acoso, falta de respeto\u00bb.<\/p>\n\n\n\n<p>Sigui\u00f3 su relato contando que inici\u00f3 un tratamiento psiqui\u00e1trico porque \u00abten\u00eda miedo de las cadenas, ten\u00eda miedo de la gente porque es un mundo aparte con gente que yo sent\u00eda que no era parte de ese mundo\u00bb. \u00abYo era una chica simp\u00e1tica, alegre, divertida, era demostrativa y hoy me cuesta much\u00edsimo confiar en la gente\u2026\u00bb. Indic\u00f3 que, si bien ahora se encuentra en su casa y que no es lo mismo que estar encerrada en un penal, no le resulta lo mismo ya que igual no puede moverse con libertad. Carrizo se encuentra con prisi\u00f3n domiciliaria.<\/p>\n\n\n\n<p>\u00abSe dijo que yo romp\u00ed un pacto de silencio, cosa que no es as\u00ed. Yo dije todo lo que sab\u00eda. Se dijo que yo era una persona fr\u00eda, que no ten\u00eda sentimientos, y no soy para nada as\u00ed\u201d, continu\u00f3.<\/p>\n\n\n\n<p>Luego hizo menci\u00f3n a la familia del Bocha diciendo que \u00abme parte el alma el dolor de la familia. Yo s\u00e9 que no puedo sentir el dolor que ellos est\u00e1n sintiendo, pero si a m\u00ed me hubiera pasado algo esa noche o cualquiera otra noche, yo s\u00e9 que mi familia estar\u00eda destruida y que quisiera justicia tanto como la familia Rego quiere justicia\u00bb. Concluyeron sus \u00faltimas palabras diciendo que \u00abyo tambi\u00e9n quiero justicia\u00bb.<\/p>\n\n\n\n<p>Al finalizar la audiencia, el juez B\u00e1ez inform\u00f3 que el pr\u00f3ximo 10 de agosto a partir de las 14 hs. continuar\u00e1 la audiencia con las \u00faltimas palabras de Cristian L\u00f3pez, y posteriormente el tribunal pasar\u00e1 a deliberar para finalmente leer el veredicto de esta causa.<\/p>\n\n\n\n<p><em><strong>(*) Esta nota es el producto del trabajo colectivo de los medios populares FM Riachuelo, Revista Resistencias, La Retaguardia, Revoluciones.net, Sur Capitalino y Radio Gr\u00e1fica.<\/strong><\/em><\/p>\n\n\n<div class=\"wp-block-image\">\n<figure class=\"aligncenter\"><img decoding=\"async\" src=\"http:\/\/fmriachuelo.com.ar\/wp-content\/uploads\/2021\/07\/WhatsApp-Image-2021-07-16-at-2.18.30-PM-300x200.jpeg\" alt=\"\" class=\"wp-image-13784\"\/><\/figure><\/div>","protected":false},"excerpt":{"rendered":"<p>[Por Colectivo de Medios Populares (*),16\/07\/2021] En una nueva audiencia con idas y vueltas, el Tribunal posterg\u00f3 la resoluci\u00f3n de la sentencia para el 10 de agosto. S\u00f3lo declar\u00f3 el prefecto Carrizo y quedaron para una pr\u00f3xima jornada las \u00faltimas palabras de Cristian L\u00f3pez. El jueves 15 de junio era el d\u00eda esperado por Jorge. [&hellip;]<\/p>\n","protected":false},"author":1,"featured_media":57,"comment_status":"open","ping_status":"open","sticky":false,"template":"","format":"standard","meta":{"_monsterinsights_skip_tracking":false,"_monsterinsights_sitenote_active":false,"_monsterinsights_sitenote_note":"","_monsterinsights_sitenote_category":0,"jnews-multi-image_gallery":[],"jnews_single_post":{"subtitle":"","format":"standard","video":"","gallery":"","source_name":"","source_url":"","via_name":"","via_url":"","override":[{"template":"1","single_blog_custom":"","parallax":"1","fullscreen":"1","layout":"right-sidebar","sidebar":"default-sidebar","second_sidebar":"default-sidebar","sticky_sidebar":"1","share_position":"top","share_float_style":"share-monocrhome","show_share_counter":"1","show_view_counter":"1","show_featured":"1","show_post_meta":"1","show_post_author":"1","show_post_author_image":"1","show_post_date":"1","post_date_format":"default","post_date_format_custom":"Y\/m\/d","show_post_category":"1","post_reading_time_wpm":"300","zoom_button_out_step":"2","zoom_button_in_step":"3","show_post_tag":"1","show_prev_next_post":"1","show_popup_post":"1","number_popup_post":"1"}],"image_override":[{"single_post_thumbnail_size":"crop-500","single_post_gallery_size":"crop-500"}],"trending_post_position":"meta","trending_post_label":"Trending","sponsored_post_label":"Sponsored by","sponsored_post_name":"","sponsored_post_url":"","sponsored_post_logo":"","sponsored_post_desc":""},"jnews_primary_category":{"id":""},"_joinchat":[],"footnotes":""},"categories":[143,58,144],"tags":[],"class_list":["post-50","post","type-post","status-publish","format-standard","has-post-thumbnail","hentry","category-colectivo-de-medios-populares","category-noticiariachuelo","category-violencia-institucional"],"_links":{"self":[{"href":"http:\/\/fmriachuelo.it10.com.ar\/index.php\/wp-json\/wp\/v2\/posts\/50","targetHints":{"allow":["GET"]}}],"collection":[{"href":"http:\/\/fmriachuelo.it10.com.ar\/index.php\/wp-json\/wp\/v2\/posts"}],"about":[{"href":"http:\/\/fmriachuelo.it10.com.ar\/index.php\/wp-json\/wp\/v2\/types\/post"}],"author":[{"embeddable":true,"href":"http:\/\/fmriachuelo.it10.com.ar\/index.php\/wp-json\/wp\/v2\/users\/1"}],"replies":[{"embeddable":true,"href":"http:\/\/fmriachuelo.it10.com.ar\/index.php\/wp-json\/wp\/v2\/comments?post=50"}],"version-history":[{"count":2,"href":"http:\/\/fmriachuelo.it10.com.ar\/index.php\/wp-json\/wp\/v2\/posts\/50\/revisions"}],"predecessor-version":[{"id":22660,"href":"http:\/\/fmriachuelo.it10.com.ar\/index.php\/wp-json\/wp\/v2\/posts\/50\/revisions\/22660"}],"wp:featuredmedia":[{"embeddable":true,"href":"http:\/\/fmriachuelo.it10.com.ar\/index.php\/wp-json\/wp\/v2\/media\/57"}],"wp:attachment":[{"href":"http:\/\/fmriachuelo.it10.com.ar\/index.php\/wp-json\/wp\/v2\/media?parent=50"}],"wp:term":[{"taxonomy":"category","embeddable":true,"href":"http:\/\/fmriachuelo.it10.com.ar\/index.php\/wp-json\/wp\/v2\/categories?post=50"},{"taxonomy":"post_tag","embeddable":true,"href":"http:\/\/fmriachuelo.it10.com.ar\/index.php\/wp-json\/wp\/v2\/tags?post=50"}],"curies":[{"name":"wp","href":"https:\/\/api.w.org\/{rel}","templated":true}]}}