{"id":4998,"date":"2017-07-15T03:01:33","date_gmt":"2017-07-15T03:01:33","guid":{"rendered":"http:\/\/fmriachuelo.com.ar\/ljkjklj\/?p=4998"},"modified":"2017-07-15T03:01:33","modified_gmt":"2017-07-15T03:01:33","slug":"plan-de-lucha-de-la-economia-popular-el-hambre-no-espera","status":"publish","type":"post","link":"http:\/\/fmriachuelo.it10.com.ar\/index.php\/2017\/07\/15\/plan-de-lucha-de-la-economia-popular-el-hambre-no-espera\/","title":{"rendered":"PLAN DE LUCHA DE LA ECONOM\u00cdA POPULAR: \u00abEL HAMBRE NO ESPERA\u00bb"},"content":{"rendered":"<p>[CTEP \u2013 CCC \u2013 Barrios de Pie, 14\/07\/2017] Tras la multitudinaria movilizaci\u00f3n al Ministerio de Trabajo de la Naci\u00f3n y las innumerables manifestaciones en el interior del pa\u00eds por un Salario M\u00ednimo superior a la Canasta B\u00e1sica y un Salario Social superior a la Canasta Alimentaria, habida cuenta de la cr\u00edtica situaci\u00f3n social y laboral, el escalada represiva, la arbitraria exclusi\u00f3n de los trabajadores de la econom\u00eda popular del Consejo del Salario y el decreto unilateral que contempla aumentos escalonados miserables, en el Plenario Nacional de Delegados realizado hoy la CTEP, Barrios de Pie y la CCC resolvieron un nuevo plan de lucha por Tierra, Techo y Trabajo.<\/p>\n<p>El d\u00eda 20 de julio se llevar\u00e1 a cabo una jornada de 1.000 ollas populares en todo el pa\u00eds.<br \/>\nEl 27 de julio una jornada nacional con carpas en todas las provincias por la Emergencia Alimentaria.<\/p>\n<p>El 7 de agosto se realizar\u00e1 al igual que el a\u00f1o pasado la movilizaci\u00f3n desde San Cayetano, Liniers hasta Plaza de Mayo, bajo el lema Paz, Pan, Tierra, Techo y Trabajo.<\/p>\n<p>El 22 de agosto los Movimientos Populares acompa\u00f1ar\u00e1n la medida de fuerza anunciada por la CGT, considerando que es necesaria la unidad en la lucha pero tambi\u00e9n es primordial la resoluci\u00f3n de medidas urgentes que expresen la emergencia laboral y social que atraviesa el pa\u00eds y que cada d\u00eda deja a m\u00e1s compa\u00f1eros y compa\u00f1eras en la calle, sin trabajo y sin un plato de comida para sus familias.<br \/>\nAsimismo, el Plenario expres\u00f3 su solidaridad con los trabajadores y las trabajadoras despedidos en Pepsico y se manifest\u00f3 un total repudio al accionar represivo\u00a0de la polic\u00eda bonaerense, que act\u00faa en consonancia con un\u00a0Estado que pretende resolver los problemas\u00a0sociales\u00a0y laborales con violencia y represi\u00f3n.<br \/>\nSin poder popular no hay justicia social!<\/p>\n<p>#UnidadDeLosTrabajadores<br \/>\n#TierraTechoTrabajo<\/p>\n<p>CTEP \u2013 CCC \u2013 Barrios de Pie<\/p>\n","protected":false},"excerpt":{"rendered":"<p>[CTEP \u2013 CCC \u2013 Barrios de Pie, 14\/07\/2017] Tras la multitudinaria movilizaci\u00f3n al Ministerio de Trabajo de la Naci\u00f3n y las innumerables manifestaciones en el interior del pa\u00eds por un Salario M\u00ednimo superior a la Canasta B\u00e1sica y un Salario Social superior a la Canasta Alimentaria, habida cuenta de la cr\u00edtica situaci\u00f3n social y laboral, [&hellip;]<\/p>\n","protected":false},"author":4,"featured_media":5005,"comment_status":"open","ping_status":"open","sticky":false,"template":"","format":"standard","meta":{"_monsterinsights_skip_tracking":false,"_monsterinsights_sitenote_active":false,"_monsterinsights_sitenote_note":"","_monsterinsights_sitenote_category":0,"jnews-multi-image_gallery":[],"jnews_single_post":[],"jnews_primary_category":[],"_joinchat":[],"footnotes":""},"categories":[1],"tags":[],"class_list":["post-4998","post","type-post","status-publish","format-standard","has-post-thumbnail","hentry","category-habitat"],"_links":{"self":[{"href":"http:\/\/fmriachuelo.it10.com.ar\/index.php\/wp-json\/wp\/v2\/posts\/4998","targetHints":{"allow":["GET"]}}],"collection":[{"href":"http:\/\/fmriachuelo.it10.com.ar\/index.php\/wp-json\/wp\/v2\/posts"}],"about":[{"href":"http:\/\/fmriachuelo.it10.com.ar\/index.php\/wp-json\/wp\/v2\/types\/post"}],"author":[{"embeddable":true,"href":"http:\/\/fmriachuelo.it10.com.ar\/index.php\/wp-json\/wp\/v2\/users\/4"}],"replies":[{"embeddable":true,"href":"http:\/\/fmriachuelo.it10.com.ar\/index.php\/wp-json\/wp\/v2\/comments?post=4998"}],"version-history":[{"count":0,"href":"http:\/\/fmriachuelo.it10.com.ar\/index.php\/wp-json\/wp\/v2\/posts\/4998\/revisions"}],"wp:featuredmedia":[{"embeddable":true,"href":"http:\/\/fmriachuelo.it10.com.ar\/index.php\/wp-json\/"}],"wp:attachment":[{"href":"http:\/\/fmriachuelo.it10.com.ar\/index.php\/wp-json\/wp\/v2\/media?parent=4998"}],"wp:term":[{"taxonomy":"category","embeddable":true,"href":"http:\/\/fmriachuelo.it10.com.ar\/index.php\/wp-json\/wp\/v2\/categories?post=4998"},{"taxonomy":"post_tag","embeddable":true,"href":"http:\/\/fmriachuelo.it10.com.ar\/index.php\/wp-json\/wp\/v2\/tags?post=4998"}],"curies":[{"name":"wp","href":"https:\/\/api.w.org\/{rel}","templated":true}]}}