{"id":4978,"date":"2017-07-11T02:18:51","date_gmt":"2017-07-11T02:18:51","guid":{"rendered":"http:\/\/fmriachuelo.com.ar\/ljkjklj\/?p=4978"},"modified":"2017-07-11T02:18:51","modified_gmt":"2017-07-11T02:18:51","slug":"la-boca-3o-encuentro-de-muralistas-freddy-filete-fernandez","status":"publish","type":"post","link":"http:\/\/fmriachuelo.it10.com.ar\/index.php\/2017\/07\/11\/la-boca-3o-encuentro-de-muralistas-freddy-filete-fernandez\/","title":{"rendered":"LA BOCA: 3\u00ba ENCUENTRO DE MURALISTAS \u00abFREDDY FILETE FERN\u00c1NDEZ\u00bb"},"content":{"rendered":"<p>[FM Riachuelo 11\/07\/2017] Comienza este miercoles\u00a0el evento \u00abEncuentro de Muralistas Freddy Filete Fernandez\u00bb organizado por un conjunto de organizaciones del barrio de La Boca\u00a0junto a\u00a0colectivos de muralistas. Una iniciativa que busca plasmar las profundas raices culturales junto a las problem\u00e1ticas que afectan cotidianamente a sus habitantes. Frente a la iniciativa del estado de la ciudad, de despojarnos de nuestras historias, el barrio se organiza y responde para contar las historias de sus luchas y recordar a sus militantes y a quienes perdieron sus vidas por las injusticias, como Mart\u00edn Oso Cisneros y los ni\u00f1xs que perecieron en el incendio del Banco.\u00a0Una actividad que lleva el nombre y se organiza en homenaje a <strong>Freddy Filete<\/strong>, el reconocido muralero\u00a0por su solidaridad y trabajo en el barrio.<\/p>\n<p>En el d\u00eda de hoy se realiz\u00f3 la preparaci\u00f3n de los muros, \u00a0que ma\u00f1ana comenzar\u00e1n a ser intervenidos por los artistas en colaboraci\u00f3n con los habitantes y organizaciones vivas del barrio, \u00a0que prometen participar activamente en estos tres d\u00edas de trabajo. Miercoles, jueves y viernes desde la ma\u00f1ana con olla popular para el convite de los que se acerquen a sumarse.<\/p>\n<p>Escuch\u00e1 los testimonios de esta primera jornada de preparaci\u00f3n que se realiz\u00f3 en Av. Alte. Brown y Suarez, contigua a <span style=\"color: #ff0000\"><strong>FM Riachuelo<\/strong><\/span> y a la emblem\u00e1tica f\u00e1brica de la <span style=\"color: #0000ff\"><strong>O.S.y P. Los Pibes<\/strong><\/span>:<\/p>\n<p>Empieza el miercoles el encuentro\u00a0organizado por organizaciones de La Boca que junto a los muraleros, de distintos colectivos, promete ser mas que un simple evento artistico: ser\u00e0 una importante manifestaci\u00f2n del las raices culturales del barrio, una narraci\u00f2n de su historia y de la conciencia colectiva que la anima.<br \/>\n<span style=\"color: #0000ff\"><strong><a style=\"color: #0000ff\" href=\"https:\/\/soundcloud.com\/prensa-fm-riachuelo\/11-07-2017-lucho-muralismo\">Los artistas hacen su trabajo junto a las y los j\u00f3venes y \u00a0vecinxs del barrio, como nos dice Lucho, uno de los artistas integrantes del \u00a0Colectivo Nomade<\/a><\/strong><\/span>, que nos recuerda como la militancia politica y la expresi\u00f2n artistica son aqui combinadas. Para la elaboraci\u00f3n del boceto y la tem\u00e1tica que se realizar\u00e1 en esta pared contigua al emblem\u00e1tico e hist\u00f3rico lugar del Comedor Los Pibes, \u00a0los muralistas mantuvieron reuniones con O.S.y P. Los Pibes, FM Riachuelo y La Boca Resiste y Propone y as\u00ed abordar\u00e1n\u00a0la criminalizaci\u00f3n de la protesta social, el asesinato del Oso Cisneros y la quiebra del Banco, el neoliberalismo, el 2001, el incendio del Banco y los ni\u00f1xs que se murieron all\u00ed, como consecuencia de este sistema injusto.<\/p>\n<p><strong><a href=\"https:\/\/soundcloud.com\/prensa-fm-riachuelo\/11-07-2017-alejandra-coman\">Alejandra Coman, de la O.S.y P. Los Pibes expres\u00f3<\/a> <\/strong>que se sum\u00f3 a la convocatoria porque es algo propio, \u00abya hab\u00eda un mural antes donde estaba Mart\u00edn (el Oso Cisneros, asesinado en 2004), \u00a0el incendio y las familias que perdieron a sus hijxs y que adem\u00e1s porque\u00a0la historia le pertenece al pueblo\u00bb.<\/p>\n<p>Las injusticias sociales, las desigualidades y la emergencia habitacional son algunas de los temas representados en los murales que ser\u00e0n realizados. Sin embargo la crisis social no es solo un fen\u00f2meno economico: junto a las fabricas cierran tambien espacios culturales, en una fase de la ideologia neoliberal que muestra sus contradicci\u00f2nes mas fuertes.<br \/>\nLa crisis actual amenaza tambien la cultura del barrio La Boca, cultura que est\u00e0 pintada en sus paredes como la verd\u00e0d de su historia: con la voluntad del gobierno ciudadano de cancelar estos murales para poner otros simbolos de una identidad que no es la misma de la comunidad del barrio. La logica es el borrado de la memoria colectiva, como nos muestra el artista del Colectivo Nomade, que nos recuerda como la rebeli\u00f2n siempre ha sido parte de la identidad de La Boca, a partir de las asambleas y de los comedores que mostraron la organizaci\u00f3n como modo de hacerle frente a las injusticias. Para darle vida a la cultura popular del barrio\u00a0los artistas se han juntado y han empezado con la preparaci\u00f2n de las paredes, para que los murales duren en el tiempo.<\/p>\n<p>El trabajo de los muralistas se realizar\u00e1 los d\u00edas miercoles jueves y viernes.<br \/>\n<span style=\"color: #0000ff\"><strong><a style=\"color: #0000ff\" href=\"https:\/\/soundcloud.com\/prensa-fm-riachuelo\/07-11-2017-gaspar-muralismo\">\u201cEs \u00a0como invitar a los vecinos a que vengan a participar\u201d<\/a><\/strong><\/span>, nos dice Gaspar vecino e integrante de Muralismo Nomade y agreg\u00f3: \u00abContra la violencia\u00a0el barrio quiere proponer inclusion, unidad \u00a0e identidad, en una propuesta positiva que podr\u00eca unir los vecinos\u00bb.<br \/>\nLas historias, los testimonios y las palabras de vecindario son vivas, como nos muestra una mujer que participa activamente del trabajo de los muraleros para que est\u00e9 todo listo para el miercoles:<\/p>\n\n","protected":false},"excerpt":{"rendered":"<p>[FM Riachuelo 11\/07\/2017] Comienza este miercoles\u00a0el evento \u00abEncuentro de Muralistas Freddy Filete Fernandez\u00bb organizado por un conjunto de organizaciones del barrio de La Boca\u00a0junto a\u00a0colectivos de muralistas. Una iniciativa que busca plasmar las profundas raices culturales junto a las problem\u00e1ticas que afectan cotidianamente a sus habitantes. Frente a la iniciativa del estado de la ciudad, [&hellip;]<\/p>\n","protected":false},"author":4,"featured_media":4979,"comment_status":"open","ping_status":"open","sticky":false,"template":"","format":"standard","meta":{"_monsterinsights_skip_tracking":false,"_monsterinsights_sitenote_active":false,"_monsterinsights_sitenote_note":"","_monsterinsights_sitenote_category":0,"jnews-multi-image_gallery":[],"jnews_single_post":[],"jnews_primary_category":[],"_joinchat":[],"footnotes":""},"categories":[78,76],"tags":[],"class_list":["post-4978","post","type-post","status-publish","format-standard","has-post-thumbnail","hentry","category-economia-popular","category-salud-comunitaria"],"_links":{"self":[{"href":"http:\/\/fmriachuelo.it10.com.ar\/index.php\/wp-json\/wp\/v2\/posts\/4978","targetHints":{"allow":["GET"]}}],"collection":[{"href":"http:\/\/fmriachuelo.it10.com.ar\/index.php\/wp-json\/wp\/v2\/posts"}],"about":[{"href":"http:\/\/fmriachuelo.it10.com.ar\/index.php\/wp-json\/wp\/v2\/types\/post"}],"author":[{"embeddable":true,"href":"http:\/\/fmriachuelo.it10.com.ar\/index.php\/wp-json\/wp\/v2\/users\/4"}],"replies":[{"embeddable":true,"href":"http:\/\/fmriachuelo.it10.com.ar\/index.php\/wp-json\/wp\/v2\/comments?post=4978"}],"version-history":[{"count":0,"href":"http:\/\/fmriachuelo.it10.com.ar\/index.php\/wp-json\/wp\/v2\/posts\/4978\/revisions"}],"wp:featuredmedia":[{"embeddable":true,"href":"http:\/\/fmriachuelo.it10.com.ar\/index.php\/wp-json\/"}],"wp:attachment":[{"href":"http:\/\/fmriachuelo.it10.com.ar\/index.php\/wp-json\/wp\/v2\/media?parent=4978"}],"wp:term":[{"taxonomy":"category","embeddable":true,"href":"http:\/\/fmriachuelo.it10.com.ar\/index.php\/wp-json\/wp\/v2\/categories?post=4978"},{"taxonomy":"post_tag","embeddable":true,"href":"http:\/\/fmriachuelo.it10.com.ar\/index.php\/wp-json\/wp\/v2\/tags?post=4978"}],"curies":[{"name":"wp","href":"https:\/\/api.w.org\/{rel}","templated":true}]}}