{"id":497,"date":"2015-05-01T14:00:00","date_gmt":"2015-05-01T14:00:00","guid":{"rendered":"http:\/\/fmriachuelo.observatorioess.org.ar\/index.php\/2015\/05\/01\/1o-de-mayo-dia-de-los-trabajadores\/"},"modified":"2025-03-28T15:58:42","modified_gmt":"2025-03-28T18:58:42","slug":"1o-de-mayo-dia-de-los-trabajadores","status":"publish","type":"post","link":"http:\/\/fmriachuelo.it10.com.ar\/index.php\/2015\/05\/01\/1o-de-mayo-dia-de-los-trabajadores\/","title":{"rendered":"1\u00ba DE MAYO DIA DE LOS TRABAJADORES"},"content":{"rendered":"<div style=\"clear: both;text-align: center\"><strong><span style=\"color: red;font-family: Verdana;font-size: large\">HISTORIA DE LA LUCHA DE LOS TRABAJADORES<\/span><\/strong><\/div>\n<div style=\"clear: both;text-align: center\"><strong>&nbsp;<\/strong><\/div>\n<div style=\"clear: both;text-align: justify\"><a href=\"http:\/\/4.bp.blogspot.com\/-_x7ybULlOtc\/VUGcPoznnvI\/AAAAAAAAEJg\/PRHfBrdBuoM\/s1600\/1%C2%BA.jpg\" style=\"clear: left;float: left;margin-bottom: 1em;margin-right: 1em\"><strong><\/strong><\/a><a href=\"http:\/\/4.bp.blogspot.com\/-_x7ybULlOtc\/VUGcPoznnvI\/AAAAAAAAEJg\/PRHfBrdBuoM\/s1600\/1%C2%BA.jpg\" style=\"clear: left;float: left;margin-bottom: 1em;margin-right: 1em\"><strong><img loading=\"lazy\" decoding=\"async\" border=\"0\" src=\"http:\/\/4.bp.blogspot.com\/-_x7ybULlOtc\/VUGcPoznnvI\/AAAAAAAAEJg\/PRHfBrdBuoM\/s1600\/1%C2%BA.jpg\" height=\"212\" width=\"320\" \/><\/strong><\/a><\/div>\n<p><span style=\"font-family: Verdana, sans-serif\">Escuch\u00e1<\/span> <a href=\"http:\/\/www.mediafire.com\/listen\/483jwvb7z7b5zc1\/FINALLL_-_SPOT_1_DE_MAYO.mp3\"><span style=\"color: red;font-family: Verdana, sans-serif\"><strong>1\u00ba DE MAYO  LOS TRABAJADORES DE FM RIACHUELO<\/strong><\/span><\/a><\/p>\n<div style=\"text-align: justify\"><\/div>\n<div style=\"text-align: justify\"><span style=\"font-family: Verdana, sans-serif\">El 1\u00ba de mayo se conmemora y homenajea la lucha de los m\u00e1rtires de Chicago que reivindicaban     la jornada de 8 hs de trabajo y que cost\u00f3 la vida de  cuatro trabajadores de prensa y un carpintero, condenados sin las garant\u00edas del debido proceso y ejecutados en la horca. <\/p>\n<p>Todo comenz\u00f3 a fines de abril de 1886, cuando un grupo de obreros anarquistas lanz\u00f3 en Chicago una campa\u00f1a para lograr la jornada de ocho horas, cuando se trabajaban 14 y a veces m\u00e1s.<\/span><br \/><a name='more'><\/a><span style=\"font-family: Verdana, sans-serif\"><br \/>Estos justos reclamos fueron violentamente reprimidos por la polic\u00eda y quedaron tendidos sobre el empedrado dos trabajadores muertos. Tres d\u00edas despu\u00e9s se convoc\u00f3 a otra marcha y esta vez la represi\u00f3n fue peor. En medio de la confusi\u00f3n alguien arroj\u00f3 una bomba y murieron varios uniformados. Esto desat\u00f3 de inmediato la furia policial y en pocos minutos los muertos obreros se contaban por decenas. El saldo final fue de ochenta trabajadores fallecidos y doscientos heridos.&nbsp; <\/p>\n<p>El agresor nunca pudo ser identificado y se sospech\u00f3 que pudo tratarse de un provocador de la patronal.<\/p>\n<p>Jos\u00e9 Mart\u00ed, el gran pr\u00f3cer cubano,  en una memorable cr\u00f3nica para el diario La Naci\u00f3n que titul\u00f3 \u201cUn drama terrible\u201d narra este tremendo episodio del que tomamos unos peque\u00f1os fragmentos: \u201cNi el miedo a las justicias sociales, ni la simpat\u00eda ciega por los que las intentan, debe guiar a los pueblos en sus crisis, ni al que las narra. S\u00f3lo sirve dignamente a la libertad el que, a riesgo de ser tomado por su enemigo, la preserva sin temblar de los que la comprometen con sus errores. No merece el dictado de defensor de la libertad quien excusa sus vicios y cr\u00edmenes por el temor mujeril de parecer tibio en su defensa. Ni merecen perd\u00f3n los que, incapaces de domar el odio y la antipat\u00eda que el crimen inspira, juzgan los delitos sociales sin conocer y pesar las causas hist\u00f3ricas de que nacieron, ni los impulsos de generosidad que los producen. Y m\u00e1s adelante dice: La rep\u00fablica entera ha peleado, con rabia semejante a la del lobo, para que los esfuerzos de un abogado ben\u00e9volo, una ni\u00f1a enamorada de uno de los presos, y una mestiza de india y espa\u00f1ol, mujer de otro, solas contra el pa\u00eds iracundo, no arrebatasen al cadalso los siete cuerpos humanos que cre\u00eda esenciales a su mantenimiento\u201d.<\/p>\n<p>La ejecuci\u00f3n tambi\u00e9n se convirti\u00f3 en un espect\u00e1culo aleccionador para aquellos que quisieran enfrentarse al capital. No obstante la reivindicaci\u00f3n de las 8 hs. laborables qued\u00f3 consolidada.<\/p>\n<p>Muchos a\u00f1os despu\u00e9s aqu\u00ed y en la Patria Grande las dictaduras acallaron las voces de quienes podr\u00eda oponerse a los proyectos de los poderes concentrados para multiplicar sus ganancias sin oposici\u00f3n, lo que le cost\u00f3 a por lo menos 30.000 personas en la Argentina. Esas sombras mort\u00edferas de la mano del gran capital hundi\u00f3 a nuestras naciones en la oscura noche neoliberal que sumergi\u00f3 a una enorme porci\u00f3n de la poblaci\u00f3n al hambre, la miseria y el silencio.<\/p>\n<p>De ella renaci\u00f3 la lucha en la calle por las reivindicaciones m\u00e1s elementales, que lentamente se fueron recuperando. Una multitud de excluidos y marginados fueron construyendo un nuevo modo de vincularse al trabajo y gestionar las demandas m\u00e1s elementales a la vida y al trabajo.<\/p>\n<p>Actualmente alrededor de cinco millones de personas integran la econom\u00eda popular,  que a partir de lazos de cooperaci\u00f3n y solidaridad han construido otro modo de vincularse al trabajo que es la econom\u00eda popular.<\/p>\n<p>Para reivindicar los derechos laborales, en contra de la exclusi\u00f3n se concentran frente al Ministerio de Trabajo de la Naci\u00f3n,   para repudiar la falta de reconocimiento oficial a una multitud de trabajadores de la econom\u00eda popular que diariamente luchan por sostener a sus familias,  en conmemoraci\u00f3n del 1\u00ba de Mayo Dia del Trabajador. <\/p>\n<p> <span style=\"color: blue\">Producci\u00f3n Riachuelo<\/span><\/span><\/p>\n<div style=\"background: white;margin: 0cm 0cm 10pt;text-align: justify\"><span><span style=\"font-family: Calibri\">&nbsp;<\/span><\/span><\/div>\n<p><\/p>\n<div style=\"background: white;margin: 0cm 0cm 10pt;text-align: justify\"><span><span style=\"font-family: Calibri\">&nbsp;<\/span><\/span><\/div>\n<p><\/p>\n<div style=\"margin: 0cm 0cm 10pt;text-align: justify\"><span><span style=\"font-family: Calibri\">&nbsp;<\/span><\/span><\/div>\n<p><\/p>\n<div style=\"margin: 0cm 0cm 10pt;text-align: justify\"><span><span style=\"font-family: Calibri\">&nbsp;<\/span><\/span><\/div>\n<\/div>\n","protected":false},"excerpt":{"rendered":"<p>HISTORIA DE LA LUCHA DE LOS TRABAJADORES &nbsp; Escuch\u00e1 1\u00ba DE MAYO LOS TRABAJADORES DE FM RIACHUELO El 1\u00ba de mayo se conmemora y homenajea la lucha de los m\u00e1rtires de Chicago que reivindicaban la jornada de 8 hs de trabajo y que cost\u00f3 la vida de cuatro trabajadores de prensa y un carpintero, condenados [&hellip;]<\/p>\n","protected":false},"author":4,"featured_media":0,"comment_status":"open","ping_status":"open","sticky":false,"template":"","format":"standard","meta":{"_monsterinsights_skip_tracking":false,"_monsterinsights_sitenote_active":false,"_monsterinsights_sitenote_note":"","_monsterinsights_sitenote_category":0,"jnews-multi-image_gallery":[],"jnews_single_post":{"format":"standard"},"jnews_primary_category":[],"_joinchat":[],"footnotes":""},"categories":[60],"tags":[157,148],"class_list":["post-497","post","type-post","status-publish","format-standard","hentry","category-mirada-riachuelo","tag-nadie-se-salva-solo","tag-trabajo"],"_links":{"self":[{"href":"http:\/\/fmriachuelo.it10.com.ar\/index.php\/wp-json\/wp\/v2\/posts\/497","targetHints":{"allow":["GET"]}}],"collection":[{"href":"http:\/\/fmriachuelo.it10.com.ar\/index.php\/wp-json\/wp\/v2\/posts"}],"about":[{"href":"http:\/\/fmriachuelo.it10.com.ar\/index.php\/wp-json\/wp\/v2\/types\/post"}],"author":[{"embeddable":true,"href":"http:\/\/fmriachuelo.it10.com.ar\/index.php\/wp-json\/wp\/v2\/users\/4"}],"replies":[{"embeddable":true,"href":"http:\/\/fmriachuelo.it10.com.ar\/index.php\/wp-json\/wp\/v2\/comments?post=497"}],"version-history":[{"count":1,"href":"http:\/\/fmriachuelo.it10.com.ar\/index.php\/wp-json\/wp\/v2\/posts\/497\/revisions"}],"predecessor-version":[{"id":23364,"href":"http:\/\/fmriachuelo.it10.com.ar\/index.php\/wp-json\/wp\/v2\/posts\/497\/revisions\/23364"}],"wp:attachment":[{"href":"http:\/\/fmriachuelo.it10.com.ar\/index.php\/wp-json\/wp\/v2\/media?parent=497"}],"wp:term":[{"taxonomy":"category","embeddable":true,"href":"http:\/\/fmriachuelo.it10.com.ar\/index.php\/wp-json\/wp\/v2\/categories?post=497"},{"taxonomy":"post_tag","embeddable":true,"href":"http:\/\/fmriachuelo.it10.com.ar\/index.php\/wp-json\/wp\/v2\/tags?post=497"}],"curies":[{"name":"wp","href":"https:\/\/api.w.org\/{rel}","templated":true}]}}