{"id":4964,"date":"2017-07-11T15:57:28","date_gmt":"2017-07-11T15:57:28","guid":{"rendered":"http:\/\/fmriachuelo.com.ar\/ljkjklj\/?p=4964"},"modified":"2017-07-11T15:57:28","modified_gmt":"2017-07-11T15:57:28","slug":"encuentro-de-intercambio-de-comunicacion-con-la-participacion-de-distintas-organizaciones","status":"publish","type":"post","link":"http:\/\/fmriachuelo.it10.com.ar\/index.php\/2017\/07\/11\/encuentro-de-intercambio-de-comunicacion-con-la-participacion-de-distintas-organizaciones\/","title":{"rendered":"ENCUENTRO DE INTERCAMBIO DE COMUNICADORES,  CON LA PARTICIPACI\u00d3N DE DISTINTAS ORGANIZACIONES"},"content":{"rendered":"<p>[FM Riachuelo 10\/07\/2017] En el d\u00eda de ayer se realiz\u00f3, \u00a0en el espacio cultural de <span style=\"color: #ff0000\"><strong>FM Riachuelo,\u00a0<\/strong><\/span> un encuentro de intercambio de comunicadores de distintas organizaciones, donde se abordaron y compartieron las herramientas que faciliten que la comunicaci\u00f3n sea m\u00e1s r\u00e1pida y \u00e1gil para\u00a0facilitar la difusi\u00f3n.<\/p>\n<p>Participaron compa\u00f1eras y compa\u00f1eros de: \u00a0La Sim\u00f3n Bol\u00edvar, UNA (Universidad Nacional de Artes), Coordinadora Resistir y Luchar, \u00a0FM Riachuelo, La Luna Con Gatillo de C\u00f3rdoba junto a los coordinadores del Equipo Audiovisual Riachuelo, los espacios de Redacci\u00f3n de FM Riachuelo entre otras. Una jornada que se desarroll\u00f3 durante gran parte del d\u00eda y que tuvo distintas etapas de trabajo, presentaci\u00f3n de tem\u00e1ticas y compartir experiencias, \u00a0herramientas y criterios de trabajo que permitan visibilizar de manera r\u00e1pida y art\u00edculada la informaci\u00f3n, las voces y hechos que son silenciadas.<\/p>\n<p>La jornada se inici\u00f3 con el Taller de Gram\u00e1tica Audiovisual de Urgencia, con posterior debate e intercambio de ideas que fue\u00a0 coordinado por Jorge Falcone (Chiqui Falcone) perteneciente al Movimiento de Documentalistas de Avellaneda, \u00a0actual Colectivo de Producci\u00f3n y Reflexi\u00f3n de Comunicaci\u00f3n y Cultura, y parte de la Coordinadora\u00a0\u201cResistir y Luchar\u201d.\u00a0Durante la presentaci\u00f3n\u00a0Falcone\u00a0se\u00f1al\u00f3: \u00abvivimos en un universo de im\u00e1genes, \u00a0una vigilia de c\u00e1maras que van desde un acto privado hasta cualquier acto p\u00fablico, por esto un celular es hoy una herramienta de resistencia, y tiene muchas posibilidades de uso para registrar cualquier marcha, movilizaci\u00f3n o suceso social, que producir\u00e1 el testimonio de las luchas\u00bb.<\/p>\n<p>Entre otros conceptos se mencionaron \u201cguerrilla audiovisual\u201d, como las batallas del siglo XXI para tomar conciencia de la multiplicidad de recursos contra los mensajes del poder. Adem\u00e1s se abordaron acciones concretas y espec\u00edficas en ese contexto como \u00abel acto rel\u00e1mpago\u00bb donde los instrumentos audiovisuales son testimonios inmediatos de las luchas, las resistencias y testigos de los excesos.<\/p>\n<p>Tambi\u00e9n hubo interesantes aportes como los de Mariano Pacheco, que propuso algunos nuevos formatos de llegada masiva de la informaci\u00f3n, que viene realizando con el equipo que compone el programa \u00a0La Luna con Gatillo, que se emite desde C\u00f3rdoba.<\/p>\n<p>El Equipo Audiovisual Riachuelo present\u00f3 algunos trabajos que viene realizando desde las corresponsal\u00edas callejeras, sus alcances y sus posibilidades de postproducci\u00f3n.<\/p>\n<p>Los j\u00f3venes de La Sim\u00f3n Bolivar, tambi\u00e9n aportaron sobre el trabajo que vienen haciendo desde los distintos formatos audiovisuales, en los que vienen participando y aportando, y adem\u00e1s compartieron herramientas de dise\u00f1os gr\u00e1fico.<\/p>\n<p>La jornada fue muy fluido y con gran caudal de reflexion \u00a0y debate, \u00a0entre todos los participantes, sobre\u00a0 los usos de las distintas herramientas de comunicaci\u00f3n\u00a0 como el audiovisual, el texto, las redes sociales y el \u201cprotagonismo popular\u201d.<\/p>\n<p>Al finalizar la jornada, donde tambi\u00e9n se comparti\u00f3 un guiso, los participantes acordaron continuar profundizando el debate y los espacios de encuentro como una herramienta fundamental para seguir aportando a la construcci\u00f3n de una comunicaci\u00f3n al servicio de la lucha de los pueblos.<\/p>\n","protected":false},"excerpt":{"rendered":"<p>[FM Riachuelo 10\/07\/2017] En el d\u00eda de ayer se realiz\u00f3, \u00a0en el espacio cultural de FM Riachuelo,\u00a0 un encuentro de intercambio de comunicadores de distintas organizaciones, donde se abordaron y compartieron las herramientas que faciliten que la comunicaci\u00f3n sea m\u00e1s r\u00e1pida y \u00e1gil para\u00a0facilitar la difusi\u00f3n. Participaron compa\u00f1eras y compa\u00f1eros de: \u00a0La Sim\u00f3n Bol\u00edvar, UNA [&hellip;]<\/p>\n","protected":false},"author":4,"featured_media":4966,"comment_status":"open","ping_status":"open","sticky":false,"template":"","format":"standard","meta":{"_monsterinsights_skip_tracking":false,"_monsterinsights_sitenote_active":false,"_monsterinsights_sitenote_note":"","_monsterinsights_sitenote_category":0,"jnews-multi-image_gallery":[],"jnews_single_post":[],"jnews_primary_category":[],"_joinchat":[],"footnotes":""},"categories":[76,77],"tags":[],"class_list":["post-4964","post","type-post","status-publish","format-standard","has-post-thumbnail","hentry","category-salud-comunitaria","category-soberania"],"_links":{"self":[{"href":"http:\/\/fmriachuelo.it10.com.ar\/index.php\/wp-json\/wp\/v2\/posts\/4964","targetHints":{"allow":["GET"]}}],"collection":[{"href":"http:\/\/fmriachuelo.it10.com.ar\/index.php\/wp-json\/wp\/v2\/posts"}],"about":[{"href":"http:\/\/fmriachuelo.it10.com.ar\/index.php\/wp-json\/wp\/v2\/types\/post"}],"author":[{"embeddable":true,"href":"http:\/\/fmriachuelo.it10.com.ar\/index.php\/wp-json\/wp\/v2\/users\/4"}],"replies":[{"embeddable":true,"href":"http:\/\/fmriachuelo.it10.com.ar\/index.php\/wp-json\/wp\/v2\/comments?post=4964"}],"version-history":[{"count":0,"href":"http:\/\/fmriachuelo.it10.com.ar\/index.php\/wp-json\/wp\/v2\/posts\/4964\/revisions"}],"wp:featuredmedia":[{"embeddable":true,"href":"http:\/\/fmriachuelo.it10.com.ar\/index.php\/wp-json\/"}],"wp:attachment":[{"href":"http:\/\/fmriachuelo.it10.com.ar\/index.php\/wp-json\/wp\/v2\/media?parent=4964"}],"wp:term":[{"taxonomy":"category","embeddable":true,"href":"http:\/\/fmriachuelo.it10.com.ar\/index.php\/wp-json\/wp\/v2\/categories?post=4964"},{"taxonomy":"post_tag","embeddable":true,"href":"http:\/\/fmriachuelo.it10.com.ar\/index.php\/wp-json\/wp\/v2\/tags?post=4964"}],"curies":[{"name":"wp","href":"https:\/\/api.w.org\/{rel}","templated":true}]}}