{"id":496,"date":"2015-05-01T23:30:00","date_gmt":"2015-05-01T23:30:00","guid":{"rendered":"http:\/\/fmriachuelo.observatorioess.org.ar\/index.php\/2015\/05\/01\/movilizaciones-de-los-trabajadores-de-la-economia-popular-frente-al-ministerio-de-trabajo-de-la-nacion\/"},"modified":"2025-03-28T15:59:46","modified_gmt":"2025-03-28T18:59:46","slug":"movilizaciones-de-los-trabajadores-de-la-economia-popular-frente-al-ministerio-de-trabajo-de-la-nacion","status":"publish","type":"post","link":"http:\/\/fmriachuelo.it10.com.ar\/index.php\/2015\/05\/01\/movilizaciones-de-los-trabajadores-de-la-economia-popular-frente-al-ministerio-de-trabajo-de-la-nacion\/","title":{"rendered":"MOVILIZACIONES DE LOS TRABAJADORES DE LA ECONOMIA POPULAR FRENTE AL MINISTERIO DE TRABAJO DE LA NACION"},"content":{"rendered":"<div style=\"text-align: center\">\n<div style=\"text-align: left\"><span style=\"color: red;font-family: Verdana, sans-serif;font-size: large\"><strong>\u00a1SIN PODER POPULAR NO HAY JUSTICIA SOCIAL!<\/strong><\/span><\/div>\n<\/div>\n<div style=\"margin-bottom: 0pt;text-align: center\"><\/p>\n<div style=\"text-align: left\"><strong style=\"color: red;font-family: Verdana, sans-serif\">Por un Primero de Mayo sin Esclavos Ni Excluidos<\/strong><\/div>\n<p><span style=\"color: red;font-family: Verdana, sans-serif\"><strong><\/p>\n<div style=\"text-align: left\"><strong>Por una Argentina sin muertos por explotaci\u00f3n laboral<\/strong><\/div>\n<p><\/strong><\/span><\/div>\n<div style=\"margin-bottom: 0pt;text-align: center\">\n<div style=\"text-align: left\"><span style=\"font-family: Verdana, sans-serif\"><strong>[FMR Jueves 30\/04\/15]\u200b Bajo esta consigna una delegaci\u00f3n numerosa  de trabajadores nucleados en la Confederaci\u00f3n de Trabajadores de la Econom\u00eda Popular (CTEP) se dieron cita hoy frente a las puertas del Ministerio de Trabajo de la Naci\u00f3n para exigir el reconocimiento de la personer\u00eda gremial de la confederaci\u00f3n.<\/strong><\/span><\/div>\n<p><a name='more'><\/a><\/div>\n<p><span style=\"font-family: Verdana, sans-serif\">La convocatoria, representa<\/span><span style=\"font-family: Verdana, sans-serif\">tiva de los diversos sectores de la econom\u00eda popular, se realiz\u00f3 bajo la idea que \u00abla proscripci\u00f3n que los trabajadores m\u00e1s pobres sufren a la hora de formar asociaciones sindicales para defender sus intereses, recuperar derechos y negociar colectivamente, es un obst\u00e1culo para la dignidad de todos y todas\u00bb. Durante las intervenciones en el acto central se se\u00f1alaba que \u00abnegarnos el derecho a la agremiaci\u00f3n nos condena a la informalidad, la precariedad, la discrecionalidad en la aplicaci\u00f3n de las pol\u00edticas sociales, el control mafioso de determinadas actividades informales, el trabajo esclavo en talleres clandestinos y, como hemos visto en estos d\u00edas, la propia muerte\u00bb.<\/span><\/p>\n<div style=\"clear: both;text-align: center\"><a href=\"http:\/\/1.bp.blogspot.com\/-6HWFa6Z441g\/VUQMFO97X7I\/AAAAAAAAEKU\/JrzYiw__Ols\/s1600\/MIN.%2BDE%2BTRABAJOX.jpg\" style=\"margin-left: 1em;margin-right: 1em\"><img loading=\"lazy\" decoding=\"async\" border=\"0\" height=\"212\" src=\"http:\/\/1.bp.blogspot.com\/-6HWFa6Z441g\/VUQMFO97X7I\/AAAAAAAAEKU\/JrzYiw__Ols\/s1600\/MIN.%2BDE%2BTRABAJOX.jpg\" width=\"320\" \/><\/a><\/div>\n<p><span style=\"font-family: Verdana, sans-serif\">Fm Riachuelo estuvo presente y recogi\u00f3 los siguientes testimonios:<\/span><span style=\"font-family: Verdana;font-size: medium\"><\/span><\/p>\n<div style=\"text-align: left\"><a href=\"http:\/\/www.mediafire.com\/listen\/tbbfc9cbvi6o69s\/1_-_SERGIO__SANCHEZ_REFEREMTE_DEL_MTE.mp3\"><span style=\"font-family: Verdana, sans-serif\"><strong>SERGIO SANCHEZ &#8211; MTE<\/strong><\/span><\/a><\/p>\n<p><a href=\"http:\/\/www.mediafire.com\/listen\/5ppl127kp9bbmh8\/3_-_JULIO_PEREYRA-_VENDEDORES_LIBRES.mp3\"><span style=\"font-family: Verdana, sans-serif\"><strong>JULIO PEREYRA &#8211; VENDEDORES LIBRES<\/strong><\/span><\/a><\/p>\n<p><span style=\"font-family: Verdana, sans-serif\"><span style=\"color: blue\">Fuente: Producci\u00f3n Riachuelo<\/span><br \/> <\/span><\/div>\n","protected":false},"excerpt":{"rendered":"<p>\u00a1SIN PODER POPULAR NO HAY JUSTICIA SOCIAL! Por un Primero de Mayo sin Esclavos Ni Excluidos Por una Argentina sin muertos por explotaci\u00f3n laboral [FMR Jueves 30\/04\/15]\u200b Bajo esta consigna una delegaci\u00f3n numerosa de trabajadores nucleados en la Confederaci\u00f3n de Trabajadores de la Econom\u00eda Popular (CTEP) se dieron cita hoy frente a las puertas del [&hellip;]<\/p>\n","protected":false},"author":4,"featured_media":0,"comment_status":"open","ping_status":"open","sticky":false,"template":"","format":"standard","meta":{"_monsterinsights_skip_tracking":false,"_monsterinsights_sitenote_active":false,"_monsterinsights_sitenote_note":"","_monsterinsights_sitenote_category":0,"jnews-multi-image_gallery":[],"jnews_single_post":{"format":"standard"},"jnews_primary_category":[],"_joinchat":[],"footnotes":""},"categories":[58],"tags":[103,86,148],"class_list":["post-496","post","type-post","status-publish","format-standard","hentry","category-noticiariachuelo","tag-movimientos-populares","tag-noti-ctep","tag-trabajo"],"_links":{"self":[{"href":"http:\/\/fmriachuelo.it10.com.ar\/index.php\/wp-json\/wp\/v2\/posts\/496","targetHints":{"allow":["GET"]}}],"collection":[{"href":"http:\/\/fmriachuelo.it10.com.ar\/index.php\/wp-json\/wp\/v2\/posts"}],"about":[{"href":"http:\/\/fmriachuelo.it10.com.ar\/index.php\/wp-json\/wp\/v2\/types\/post"}],"author":[{"embeddable":true,"href":"http:\/\/fmriachuelo.it10.com.ar\/index.php\/wp-json\/wp\/v2\/users\/4"}],"replies":[{"embeddable":true,"href":"http:\/\/fmriachuelo.it10.com.ar\/index.php\/wp-json\/wp\/v2\/comments?post=496"}],"version-history":[{"count":1,"href":"http:\/\/fmriachuelo.it10.com.ar\/index.php\/wp-json\/wp\/v2\/posts\/496\/revisions"}],"predecessor-version":[{"id":23365,"href":"http:\/\/fmriachuelo.it10.com.ar\/index.php\/wp-json\/wp\/v2\/posts\/496\/revisions\/23365"}],"wp:attachment":[{"href":"http:\/\/fmriachuelo.it10.com.ar\/index.php\/wp-json\/wp\/v2\/media?parent=496"}],"wp:term":[{"taxonomy":"category","embeddable":true,"href":"http:\/\/fmriachuelo.it10.com.ar\/index.php\/wp-json\/wp\/v2\/categories?post=496"},{"taxonomy":"post_tag","embeddable":true,"href":"http:\/\/fmriachuelo.it10.com.ar\/index.php\/wp-json\/wp\/v2\/tags?post=496"}],"curies":[{"name":"wp","href":"https:\/\/api.w.org\/{rel}","templated":true}]}}