{"id":495,"date":"2015-05-01T23:37:00","date_gmt":"2015-05-01T23:37:00","guid":{"rendered":"http:\/\/fmriachuelo.observatorioess.org.ar\/index.php\/2015\/05\/01\/cuba-masiva-movilizacion-para-conmemorar-el-dia-de-los-trabajadores\/"},"modified":"2025-03-28T16:00:39","modified_gmt":"2025-03-28T19:00:39","slug":"cuba-masiva-movilizacion-para-conmemorar-el-dia-de-los-trabajadores","status":"publish","type":"post","link":"http:\/\/fmriachuelo.it10.com.ar\/index.php\/2015\/05\/01\/cuba-masiva-movilizacion-para-conmemorar-el-dia-de-los-trabajadores\/","title":{"rendered":"CUBA: MASIVA MOVILIZACI\u00d3N PARA CONMEMORAR EL D\u00cdA DE LOS TRABAJADORES"},"content":{"rendered":"<p><span style=\"color: red;font-family: Verdana, sans-serif;font-size: large\"><strong>\u00a1VIVA LA REVOLUCI\u00d3N VIVA FIDEL Y RAUL!<\/strong><\/span><br \/><span style=\"color: red;font-family: Verdana, sans-serif;font-size: large\"><strong>\u00a1VIVAN LOS TRABAJADORES!<\/strong><\/span><br \/><span style=\"color: black;font-family: Times New Roman;font-size: small\"><span style=\"color: red;font-family: Verdana, sans-serif;font-size: large\"><strong>\u00a1HASTA LA VICTORIA SIEMPRE!<\/strong><\/span><\/span><br \/><span style=\"font-family: Verdana, sans-serif\"><strong>Ulises Guilarte de Nacimiento, secretario general de la Central de Trabajadores de Cuba, reafirm\u00f3 tal convicci\u00f3n en su alocuci\u00f3n antes del inicio del desfile en la hist\u00f3rica Plaza de la Revoluci\u00f3n, en la capital cubana. A continuaci\u00f3n el texto \u00edntegro: <\/strong><br \/> Compa\u00f1eras y compa\u00f1eros de la presidencia.<br \/>Distinguidos invitados.<br \/>Trabajadoras y trabajadores<br \/>La clase obrera cubana, junto a todo nuestro pueblo, tiene contundentes razones y argumentos para festejar con alegr\u00eda el D\u00eda Internacional de los Trabajadores.<\/span><br \/><a href=\"http:\/\/4.bp.blogspot.com\/-_l2HjkXVU6Q\/VUQNNqHqB0I\/AAAAAAAAEKg\/7HmQFQZ7kYM\/s1600\/CUBA.png\" style=\"clear: left;float: left;margin-bottom: 1em;margin-right: 1em\"><img loading=\"lazy\" decoding=\"async\" border=\"0\" height=\"217\" src=\"http:\/\/4.bp.blogspot.com\/-_l2HjkXVU6Q\/VUQNNqHqB0I\/AAAAAAAAEKg\/7HmQFQZ7kYM\/s1600\/CUBA.png\" width=\"400\" \/><\/a><span style=\"font-family: Verdana, sans-serif\"><\/span><br \/><a name='more'><\/a><span style=\"font-family: Verdana, sans-serif\">De forma compacta, combativa y plena de colorido representando sus sindicatos, columnas de trabajadores manuales, intelectuales, estudiantes y combatientes, marchar\u00e1n por plazas y avenidas a lo largo y ancho del pa\u00eds, trasladando al mundo el m\u00e1s genuino mensaje de unidad, compromiso y respaldo mayoritario del pueblo cubano en torno a su Revoluci\u00f3n socialista, al Partido, a Fidel y a Ra\u00fal.<\/p>\n<p> Nos llena de infinito orgullo que un d\u00eda como hoy en el que rendimos homenaje a L\u00e1zaro Pe\u00f1a, Jes\u00fas Men\u00e9ndez, Aracelio Iglesias y a otros l\u00edderes obreros, se encuentren entre nosotros los Cinco H\u00e9roes de la Rep\u00fablica de Cuba, Gerardo, Ram\u00f3n, Antonio, Fernando y Ren\u00e9, junto a representantes del personal m\u00e9dico que enfrent\u00f3 la epidemia del \u00c9bola en \u00c1frica, ejemplos elocuentes entre otros, de lo que representan las convicciones, la firmeza, la voluntad y la fidelidad a la Patria.<\/p>\n<p> Revoluci\u00f3n es sentido del momento hist\u00f3rico, as\u00ed asever\u00f3 el compa\u00f1ero Fidel en esta plaza, hace exactamente 15 a\u00f1os, entonces nos defini\u00f3 para hoy y para todos los tiempos su <\/span><a href=\"http:\/\/www.radiorebelde.cu\/noticia\/el-concepto-revolucion-pueblo-cuba-audio-20150430\/\"><span style=\"font-family: Verdana, sans-serif\">concepto, ya nuestro, de Revoluci\u00f3n<\/span><\/a><span style=\"font-family: Verdana, sans-serif\">, y esta movilizaci\u00f3n popular es la m\u00e1s clara evidencia de que somos millones las cubanas y cubanos dispuestos a defender la obra de justicia y dignidad que hemos levantado y hacer cuanto se requiera para continuar perfeccion\u00e1ndola al precio que sea necesario.<\/p>\n<p> Trabajadores:<\/p>\n<p> La batalla en el terreno econ\u00f3mico-productivo contin\u00faa siendo la primera prioridad del movimiento sindical, los trabajadores son protagonistas en las transformaciones que se llevan a cabo en el reordenamiento de los organismos de la administraci\u00f3n central del Estado, en el fortalecimiento y desarrollo de la empresa estatal socialista y en particular en el incremento y diversificaci\u00f3n de las formas de gesti\u00f3n no estatal.<\/p>\n<p> Compatriotas:<\/p>\n<p> Celebramos esta fiesta del proletariado mundial, en un contexto internacional precedido de intensas jornadas de lucha; nuestras armas han sido el apego a los principios, la combatividad, la resistencia, el esp\u00edritu de justicia y solidaridad, la cultura e ideas que la Revoluci\u00f3n forj\u00f3 en m\u00e1s de cinco d\u00e9cadas.<\/p>\n<p> Cuba brill\u00f3 con luz propia en la VII Cumbre de las Am\u00e9ricas y en la Cumbre de los Pueblos en Panam\u00e1. El mensaje vibrante, trascendental y contundente de nuestro Presidente expuso ante Am\u00e9rica y el mundo la verdad de la Revoluci\u00f3n, representada all\u00ed adem\u00e1s, por m\u00e1s de un centenar de sus leg\u00edtimos hijos, j\u00f3venes muchos de ellos, que se destacaron por la firmeza de argumentos y convicci\u00f3n con que la defendieron ante mercenarios y ap\u00e1tridas.<\/p>\n<p> En un escenario pol\u00edtico caracterizado por el reconocimiento del Gobierno de los Estados Unidos del fracaso de su pol\u00edtica de acoso, agresi\u00f3n y bloqueo contra nuestro pa\u00eds, ya se han dado algunos pasos para restablecer las relaciones diplom\u00e1ticas entre Cuba y Estados Unidos. Pero nos queda un largo y dif\u00edcil camino por recorrer y solo avanzaremos hacia la normalizaci\u00f3n de los v\u00ednculos bilaterales sobre la base del respeto a la soberan\u00eda y la independencia de Cuba, lo que incluye el levantamiento del bloqueo y la devoluci\u00f3n del territorio que usurpa la Base Naval de Guant\u00e1namo.<\/p>\n<p> Compa\u00f1eras y compa\u00f1eros:<\/p>\n<p> En medio de la batalla hemisf\u00e9rica y mundial en defensa del pueblo de la hermana Rep\u00fablica Bolivariana de Venezuela y del gobierno constitucional del Presidente Nicol\u00e1s Maduro, quien nos honra hoy aqu\u00ed con su presencia en este desfile, le ratificamos desde esta emblem\u00e1tica Plaza de la Revoluci\u00f3n, los pronunciamientos del compa\u00f1ero Ra\u00fal, y cito: \u201cReitero la firme solidaridad de la Revoluci\u00f3n Cubana con la Revoluci\u00f3n Bolivariana, con el Presidente constitucional Nicol\u00e1s Maduro y con la uni\u00f3n c\u00edvico-militar que este encabeza. Reitero la absoluta lealtad a la memoria del Comandante Hugo Ch\u00e1vez Fr\u00edas, el mejor amigo de la Revoluci\u00f3n Cubana. La paz que hoy reclama Venezuela y necesitamos todos, es una paz con justicia, con igualdad, la paz de pie, no la paz de rodillas, es la paz con dignidad y desarrollo\u201d, fin de la cita.<\/p>\n<p> La Revoluci\u00f3n bolivariana tiene el apoyo de la mayor\u00eda del pueblo venezolano y concita una amplia solidaridad de la regi\u00f3n y otros pueblos del mundo. Rechazamos firmemente toda injerencia externa, as\u00ed como las acciones de desestabilizaci\u00f3n, violencia y guerra econ\u00f3mica que violan su orden constitucional, la soberan\u00eda, la independencia y la autodeterminaci\u00f3n del pueblo venezolano.<\/p>\n<p> Saludamos tambi\u00e9n en esta ma\u00f1ana la presencia entre nosotros de centenares de amigos de diferentes organizaciones sindicales, de movimientos sociales y grupos de solidaridad, a los que expreso, en nombre de la clase obrera cubana, el agradecimiento infinito por su permanente respaldo a nuestra causa. Por otra parte, ratificamos el mensaje de solidaridad y compromiso militante con los trabajadores que en el mundo hoy son v\u00edctimas de la m\u00e1s brutal represi\u00f3n por reclamar sus m\u00e1s elementales derechos.<\/p>\n<p> La movilizaci\u00f3n internacional continuar\u00e1 enarbolando la batalla por el cese del bloqueo econ\u00f3mico, comercial y financiero de los Estados Unidos contra Cuba que permanece en completa aplicaci\u00f3n, en particular en los sectores que m\u00e1s afectan a la poblaci\u00f3n cubana.<\/p>\n<p> Nuestro saludo a todos los j\u00f3venes, continuadores de la obra de la Revoluci\u00f3n y protagonistas en los aportes econ\u00f3micos, productivos y sociales de la naci\u00f3n. A las mujeres trabajadoras, presentes en todos los sectores y en algunos hoy siendo mayor\u00eda, justo en el aniversario 200 del natalicio de Mariana Grajales; y a nuestra Federaci\u00f3n Sindical Mundial en los 70 a\u00f1os de su creaci\u00f3n.<\/p>\n<p> Queridas compa\u00f1eras, queridos compa\u00f1eros:<\/p>\n<p>\u201cUnidos en la construcci\u00f3n del socialismo\u201d, es el lema central de esta celebraci\u00f3n, es s\u00edntesis de nuestra decisi\u00f3n y aspiraci\u00f3n presente y futura; de la fortaleza de una clase obrera en el poder, cuya plataforma de acci\u00f3n clasista y unitaria levanta las banderas por la preservaci\u00f3n de la paz, la solidaridad y la hermandad entre los pueblos.<\/p>\n<p> \u00a1Adelante, marchemos unidos con la seguridad inconmovible en la victoria segura!<\/p>\n<p> \u00a1Viva la Revoluci\u00f3n! \u00a1Vivan Fidel y Ra\u00fal!<\/p>\n<p> \u00a1Viv<br \/>\nan los trabajadores!<\/p>\n<p> \u00a1Hasta la victoria, siempre!<\/span><br \/><span style=\"font-family: Verdana\"><\/span><br \/><span style=\"color: blue;font-family: Verdana\">Fuente: Radio Rebelde, Producci\u00f3n Riachuelo<\/span><\/p>\n","protected":false},"excerpt":{"rendered":"<p>\u00a1VIVA LA REVOLUCI\u00d3N VIVA FIDEL Y RAUL!\u00a1VIVAN LOS TRABAJADORES!\u00a1HASTA LA VICTORIA SIEMPRE!Ulises Guilarte de Nacimiento, secretario general de la Central de Trabajadores de Cuba, reafirm\u00f3 tal convicci\u00f3n en su alocuci\u00f3n antes del inicio del desfile en la hist\u00f3rica Plaza de la Revoluci\u00f3n, en la capital cubana. A continuaci\u00f3n el texto \u00edntegro: Compa\u00f1eras y compa\u00f1eros de [&hellip;]<\/p>\n","protected":false},"author":4,"featured_media":0,"comment_status":"open","ping_status":"open","sticky":false,"template":"","format":"standard","meta":{"_monsterinsights_skip_tracking":false,"_monsterinsights_sitenote_active":false,"_monsterinsights_sitenote_note":"","_monsterinsights_sitenote_category":0,"jnews-multi-image_gallery":[],"jnews_single_post":{"format":"standard"},"jnews_primary_category":[],"_joinchat":[],"footnotes":""},"categories":[58],"tags":[70,148],"class_list":["post-495","post","type-post","status-publish","format-standard","hentry","category-noticiariachuelo","tag-de-la-patria-grande","tag-trabajo"],"_links":{"self":[{"href":"http:\/\/fmriachuelo.it10.com.ar\/index.php\/wp-json\/wp\/v2\/posts\/495","targetHints":{"allow":["GET"]}}],"collection":[{"href":"http:\/\/fmriachuelo.it10.com.ar\/index.php\/wp-json\/wp\/v2\/posts"}],"about":[{"href":"http:\/\/fmriachuelo.it10.com.ar\/index.php\/wp-json\/wp\/v2\/types\/post"}],"author":[{"embeddable":true,"href":"http:\/\/fmriachuelo.it10.com.ar\/index.php\/wp-json\/wp\/v2\/users\/4"}],"replies":[{"embeddable":true,"href":"http:\/\/fmriachuelo.it10.com.ar\/index.php\/wp-json\/wp\/v2\/comments?post=495"}],"version-history":[{"count":1,"href":"http:\/\/fmriachuelo.it10.com.ar\/index.php\/wp-json\/wp\/v2\/posts\/495\/revisions"}],"predecessor-version":[{"id":23366,"href":"http:\/\/fmriachuelo.it10.com.ar\/index.php\/wp-json\/wp\/v2\/posts\/495\/revisions\/23366"}],"wp:attachment":[{"href":"http:\/\/fmriachuelo.it10.com.ar\/index.php\/wp-json\/wp\/v2\/media?parent=495"}],"wp:term":[{"taxonomy":"category","embeddable":true,"href":"http:\/\/fmriachuelo.it10.com.ar\/index.php\/wp-json\/wp\/v2\/categories?post=495"},{"taxonomy":"post_tag","embeddable":true,"href":"http:\/\/fmriachuelo.it10.com.ar\/index.php\/wp-json\/wp\/v2\/tags?post=495"}],"curies":[{"name":"wp","href":"https:\/\/api.w.org\/{rel}","templated":true}]}}