{"id":4949,"date":"2017-07-08T22:05:09","date_gmt":"2017-07-08T22:05:09","guid":{"rendered":"http:\/\/fmriachuelo.com.ar\/ljkjklj\/?p=4949"},"modified":"2017-07-08T22:05:09","modified_gmt":"2017-07-08T22:05:09","slug":"primer-encuentro-foro-patriotico-contra-el-pago-de-la-deuda-ilegitima","status":"publish","type":"post","link":"http:\/\/fmriachuelo.it10.com.ar\/index.php\/2017\/07\/08\/primer-encuentro-foro-patriotico-contra-el-pago-de-la-deuda-ilegitima\/","title":{"rendered":"PRIMER ENCUENTRO FORO PATRI\u00d3TICO CONTRA EL PAGO DE LA DEUDA:  \u00abILEG\u00cdTIMA\u00bb"},"content":{"rendered":"<p>[FM Riachuelo 08\/07\/2017] En el auditorio de ATE Nacional, ayer se autoconvocaron distintas organizaciones del campo popular para constituir el <strong><span style=\"color: #000000\">\u00abForo Patri\u00f3tico por el No Pago de la Deuda Externa\u00bb<\/span><\/strong>, que di\u00f3 inicio a una serie de pr\u00f3ximos encuentros en donde se debatir\u00e1, \u00a0con la presencia de destacadas personalidades y estudiosos, del campo popular y de la academia, \u00a0los distintos aspectos\u00a0que comprometen el endeudamiento p\u00fablico y expresar su repudio que tiene graves consecuencias para la vida del pueblo.<\/p>\n<p>El Foro present\u00f3 un panel central de oradores: Roberto Perd\u00eda (Coordinadora Resistir y Luchar), Eduardo Lucita (economista) Esteban \u00abGringo\u00bb Castro (CTEP) y Belen (OLP Sim\u00f3n Bolivar) se\u00a0inaugur\u00f3 la actividad del Foro. Escuch\u00e1 a continuaci\u00f3n la <strong><span style=\"color: #ff0000\">Cobertura Riachuelo<\/span><\/strong> de la actividad:<\/p>\n<p><a href=\"http:\/\/fmriachuelo.com.ar\/ljkjklj\/wp-content\/uploads\/2017\/07\/WhatsApp-Image-2017-07-07-at-18.56.38.jpeg\"><img loading=\"lazy\" decoding=\"async\" class=\"aligncenter wp-image-4951 size-large\" src=\"http:\/\/fmriachuelo.com.ar\/ljkjklj\/wp-content\/uploads\/2017\/07\/WhatsApp-Image-2017-07-07-at-18.56.38-1024x652.jpeg\" alt=\"\" width=\"640\" height=\"408\" \/><\/a>El Foro se inici\u00f3\u00a0con las palabras de Roberto Perd\u00eda, de la Coordinadora Resistir y Luchar y la <span style=\"color: #0000ff\"><strong><a style=\"color: #0000ff\" href=\"https:\/\/soundcloud.com\/prensa-fm-riachuelo\/07-07-2017-belen-olp-sb-lectura-del-documento\">lectura del documento fundacional<\/a><\/strong><\/span>, que fue fruto de un debate y construcci\u00f3n con distintas participaciones. \u00a0Se ley\u00f3 una gran cantidad de adhesiones de distintas organizaciones y referentes de distintos campos de la cultura que se suman a esta iniciativa.\u00a0<span style=\"color: #0000ff\"><strong><a style=\"color: #0000ff\" href=\"https:\/\/soundcloud.com\/prensa-fm-riachuelo\/07-07-2017-participacion\">\u00abSe trata de reucperar la historia de la deuda externa\u00bb<\/a><\/strong><\/span>, refir\u00edo al inicio\u00a0Roberto Perd\u00eda.<\/p>\n<p><a href=\"http:\/\/fmriachuelo.com.ar\/ljkjklj\/wp-content\/uploads\/2017\/07\/WhatsApp-Image-2017-07-07-at-19.13.38.jpeg\"><img loading=\"lazy\" decoding=\"async\" class=\"alignleft size-thumbnail wp-image-4955\" src=\"http:\/\/fmriachuelo.com.ar\/ljkjklj\/wp-content\/uploads\/2017\/07\/WhatsApp-Image-2017-07-07-at-19.13.38-150x150.jpeg\" alt=\"\" width=\"150\" height=\"150\" \/><\/a>Luego el economista Eduardo Lucita, expres\u00f3 que <span style=\"color: #0000ff\"><strong><a style=\"color: #0000ff\" href=\"https:\/\/soundcloud.com\/prensa-fm-riachuelo\/07-07-2017-participacion-entera-de-eduardo-lusita-economistas-de-izquierda\">\u00abla deuda p\u00fablica a 100 a\u00f1os es significativa por el mensaje que constituye para los centros financieros, Macri manda un mensaje a los a los centros financieros que Argentina vuelve al escenario de la deuda para no irse nunca m\u00e1s\u00bb<\/a><\/strong>.\u00a0<\/span><a href=\"http:\/\/fmriachuelo.com.ar\/ljkjklj\/wp-content\/uploads\/2017\/07\/WhatsApp-Image-2017-07-07-at-19.12.23.jpeg\"><img loading=\"lazy\" decoding=\"async\" class=\"alignright wp-image-4953 size-thumbnail\" src=\"http:\/\/fmriachuelo.com.ar\/ljkjklj\/wp-content\/uploads\/2017\/07\/WhatsApp-Image-2017-07-07-at-19.12.23-150x150.jpeg\" alt=\"\" width=\"150\" height=\"150\" \/><\/a><\/p>\n<p>Tambi\u00e9n destac\u00f3 que: \u00abA los acreedores nos les interesa que se pague la deuda sino que se paguen los intereses y as\u00ed tenerte agarrado\u00bb. \u00abEl endeudamiento vuelve a poner en el centro de la escena a la deuda externa, que ya no ten\u00eda esa centralidad\u00bb. \u00abEl no pago de la deuda es posible\u00bb y recuper\u00f3 la historia de los dos per\u00edodos en que \u00abla deuda se dej\u00f3 de pagar y no vinieron los marines\u00bb.<\/p>\n<p><a href=\"http:\/\/fmriachuelo.com.ar\/ljkjklj\/wp-content\/uploads\/2017\/07\/WhatsApp-Image-2017-07-07-at-20.02.35.jpeg\"><img loading=\"lazy\" decoding=\"async\" class=\"alignleft size-thumbnail wp-image-4956\" src=\"http:\/\/fmriachuelo.com.ar\/ljkjklj\/wp-content\/uploads\/2017\/07\/WhatsApp-Image-2017-07-07-at-20.02.35-150x150.jpeg\" alt=\"\" width=\"150\" height=\"150\" \/><\/a>Esteban \u00abGringo\u00bb Castro ubic\u00f3 la historia de la CTEP cuyo resultado fue \u00abla puesta en valor del trabajo que generamos\u00bb. Destac\u00f3 las luchas actuales por participar en el Consejo Nacional del Salario que permitan discutir el salario digno de los trabajadores de la econom\u00eda popular, pero adem\u00e1s destac\u00f3 que: <span style=\"color: #0000ff\"><strong><a style=\"color: #0000ff\" href=\"https:\/\/soundcloud.com\/prensa-fm-riachuelo\/07-07-2017-participacion-1\">\u00abnecesitamos discutir las cuestiones estrat\u00e9gicas, no solo las necesidades\u00bb porque \u00abno se pueden resolver los problemas locales si no se resuelven los problemas generales\u00bb.<\/a><\/strong><\/span><\/p>\n<p><a href=\"http:\/\/fmriachuelo.com.ar\/ljkjklj\/wp-content\/uploads\/2017\/07\/WhatsApp-Image-2017-07-07-at-20.02.51.jpeg\"><img loading=\"lazy\" decoding=\"async\" class=\"alignright wp-image-4957 size-thumbnail\" src=\"http:\/\/fmriachuelo.com.ar\/ljkjklj\/wp-content\/uploads\/2017\/07\/WhatsApp-Image-2017-07-07-at-20.02.51-150x150.jpeg\" alt=\"\" width=\"150\" height=\"150\" \/><\/a>Carlos Aznarez coincidi\u00f3 con la necesidad de abordar el tema del endeudamiento y dijo que<strong><a href=\"https:\/\/soundcloud.com\/prensa-fm-riachuelo\/07-07-2017-participacion-entera-de-carlos-aznarez-resumen-latinoamericano\"><span style=\"color: #0000ff\"> \u00absiempre que se habla de la deuda se habla en un lenguaje encriptado, para que la gente de abajo entienda lo menos posible, porque ese es un tema\u00a0de las elites, \u00a0que se va a encargar de endeudarnos, encargarse de explicarnos porque eso no es malo\u00bb<\/span> <\/a><\/strong>y agreg\u00f3 \u00aba lo largo de los a\u00f1os nos vamos a dar cuenta cuanto implica de entrega de la soberan\u00eda y de hacernos dependientes\u00bb Rescat\u00f3 la historia de las intervenciones de Fidel Castro y el Che Guevara \u00a0que criticaron los modelos de endeudamiento y lo que significan para los pueblos.<\/p>\n<p>Con este primer encuentro se di\u00f3 por constituido este Foro que promete futuros encuentros con importantes participaciones.<\/p>\n<p><span style=\"color: #0000ff\"><strong><a style=\"color: #0000ff\" href=\"https:\/\/www.facebook.com\/196659553722601\/photos\/?tab=album&amp;album_id=1446322952089582\">IM\u00c1GENES DEL PRIMER ENCUENTRO DEL FORO<\/a><\/strong><\/span><\/p>\n<p>Organizaciones que adhieren al Foro: Movimiento Popular La Dignidad, Organizaci\u00f3n Social y Pol\u00edtica Los Pibes, Organizaciones Libres del Pueblo, La Sim\u00f3n Bol\u00edvar,\u00a0 O.S.y P. Los Pibes, Casa Popular El Patio, Paseo \u00a0Mart\u00edn Oso Cisneros, \u00a0Frente Popular Dar\u00edo Santill\u00e1n, Movimiento Emancipador, CTEP Mesa Gremial 19 y 20, Movimiento Marcha Patri\u00f3tica de Colombia (Cap\u00edtulo Argentina), Vicente Zito Lema (poeta y escritor) Norman Briski (actor y director teatral), Claudio Katz (Economistas de Izquierda), Lito Borello (Secretario de DDHH de la CTEP), Carlos Mart\u00ednez (Universidad de los Trabajadores),\u00a0 Miguel Mazzeo (escritor), Carlos Azn\u00e1rez (periodista), Alejandro Olmos Gaona, Eduardo Mur\u00faa (IMPA), Mario Cafiero, Jorge Falcone (documentalista), Julio Fuentes (Presidente de la CLATE), Nadia Mart\u00ednez (FM Riachuelo), Elsa Bruzzone (CEMIDA), Mariano Pacheco (escritor),Marta Ferraro (Agrupaci\u00f3n De Frente, de M\u00e1ximo Paz), Walter Formento y David Santoni (Encuentro Nacional y Popular Latinoamericano), Pancho Langieri (docente y ex decano de la Fac. de Sociales) Coop. Letra del Sur, entre otras.<\/p>\n","protected":false},"excerpt":{"rendered":"<p>[FM Riachuelo 08\/07\/2017] En el auditorio de ATE Nacional, ayer se autoconvocaron distintas organizaciones del campo popular para constituir el \u00abForo Patri\u00f3tico por el No Pago de la Deuda Externa\u00bb, que di\u00f3 inicio a una serie de pr\u00f3ximos encuentros en donde se debatir\u00e1, \u00a0con la presencia de destacadas personalidades y estudiosos, del campo popular y [&hellip;]<\/p>\n","protected":false},"author":4,"featured_media":4950,"comment_status":"open","ping_status":"open","sticky":false,"template":"","format":"standard","meta":{"_monsterinsights_skip_tracking":false,"_monsterinsights_sitenote_active":false,"_monsterinsights_sitenote_note":"","_monsterinsights_sitenote_category":0,"jnews-multi-image_gallery":[],"jnews_single_post":[],"jnews_primary_category":[],"_joinchat":[],"footnotes":""},"categories":[79,76],"tags":[],"class_list":["post-4949","post","type-post","status-publish","format-standard","has-post-thumbnail","hentry","category-nadie-se-salva-solo","category-salud-comunitaria"],"_links":{"self":[{"href":"http:\/\/fmriachuelo.it10.com.ar\/index.php\/wp-json\/wp\/v2\/posts\/4949","targetHints":{"allow":["GET"]}}],"collection":[{"href":"http:\/\/fmriachuelo.it10.com.ar\/index.php\/wp-json\/wp\/v2\/posts"}],"about":[{"href":"http:\/\/fmriachuelo.it10.com.ar\/index.php\/wp-json\/wp\/v2\/types\/post"}],"author":[{"embeddable":true,"href":"http:\/\/fmriachuelo.it10.com.ar\/index.php\/wp-json\/wp\/v2\/users\/4"}],"replies":[{"embeddable":true,"href":"http:\/\/fmriachuelo.it10.com.ar\/index.php\/wp-json\/wp\/v2\/comments?post=4949"}],"version-history":[{"count":0,"href":"http:\/\/fmriachuelo.it10.com.ar\/index.php\/wp-json\/wp\/v2\/posts\/4949\/revisions"}],"wp:featuredmedia":[{"embeddable":true,"href":"http:\/\/fmriachuelo.it10.com.ar\/index.php\/wp-json\/"}],"wp:attachment":[{"href":"http:\/\/fmriachuelo.it10.com.ar\/index.php\/wp-json\/wp\/v2\/media?parent=4949"}],"wp:term":[{"taxonomy":"category","embeddable":true,"href":"http:\/\/fmriachuelo.it10.com.ar\/index.php\/wp-json\/wp\/v2\/categories?post=4949"},{"taxonomy":"post_tag","embeddable":true,"href":"http:\/\/fmriachuelo.it10.com.ar\/index.php\/wp-json\/wp\/v2\/tags?post=4949"}],"curies":[{"name":"wp","href":"https:\/\/api.w.org\/{rel}","templated":true}]}}