{"id":494,"date":"2015-05-03T02:14:00","date_gmt":"2015-05-03T02:14:00","guid":{"rendered":"http:\/\/fmriachuelo.observatorioess.org.ar\/index.php\/2015\/05\/03\/mexico-asesinan-a-candidato-a-gobernador-de-guerrero\/"},"modified":"2025-03-28T16:01:25","modified_gmt":"2025-03-28T19:01:25","slug":"mexico-asesinan-a-candidato-a-gobernador-de-guerrero","status":"publish","type":"post","link":"http:\/\/fmriachuelo.it10.com.ar\/index.php\/2015\/05\/03\/mexico-asesinan-a-candidato-a-gobernador-de-guerrero\/","title":{"rendered":"M\u00c9XICO: ASESINAN A CANDIDATO A GOBERNADOR DE GUERRERO"},"content":{"rendered":"<p><span style=\"color: red;font-family: Verdana, sans-serif;font-size: large\"><strong>VIOLENCIA<\/strong><\/span>&nbsp;<span style=\"color: red;font-family: Verdana, sans-serif;font-size: large\"><strong> SIN CESAR<\/strong><\/span><\/p>\n<div><span style=\"font-family: Verdana, sans-serif;text-align: justify\"><b>El aspirante del partido gobernante PRI, fue interceptado por un grupo armado en una zona monta\u00f1osa de Chilpancingo.<\/b><\/span><\/div>\n<div style=\"text-align: justify\">\n<div style=\"clear: both;text-align: center\"><a href=\"http:\/\/1.bp.blogspot.com\/-oqZC6JnoYWI\/VUWD9P1Q9LI\/AAAAAAAAEK0\/DjKY1opK9To\/s1600\/MEXICO.jpg\" style=\"clear: left;float: left;margin-bottom: 1em;margin-right: 1em\"><img loading=\"lazy\" decoding=\"async\" border=\"0\" height=\"113\" src=\"http:\/\/1.bp.blogspot.com\/-oqZC6JnoYWI\/VUWD9P1Q9LI\/AAAAAAAAEK0\/DjKY1opK9To\/s200\/MEXICO.jpg\" width=\"200\" \/><\/a><\/div>\n<p><span style=\"font-family: Verdana, sans-serif\">Un <\/span><span style=\"font-family: Verdana, sans-serif\">grupo de sicarios <\/span><span style=\"font-family: Verdana, sans-serif\">asesin\u00f3 este viernes a tiros a un candidato del Partido Revolucionario Institucional (PRI), quien se hab\u00eda postulado para la alcald\u00eda de Chilapa en el municipio de Chilpancingo (estado de Guerrero), al sur de M\u00e9xico. <\/span><\/div>\n<p><span style=\"font-family: Verdana, sans-serif\"><\/span><br \/><a name='more'><\/a><span style=\"font-family: Verdana, sans-serif\"><br \/>Se trata de Ulises Fabi\u00e1n Quiroz, candidato del partido gobernante PRI, quien acababa de participar en una actividad de campa\u00f1a para las elecciones del pr\u00f3ximo 7 de junio en el poblado de Atzacoaloya, a unos 20 kil\u00f3metros de Chilapa, en una zona aislada del municipio. <\/p>\n<p>Fuentes de la fiscal\u00eda informaron \u201cque el candidato fue interceptado por un comando armado en el poblado de Atzacoaloya y fue bajado de su veh\u00edculo, golpeado y despu\u00e9s asesinado con armas de fuego\u00bb. <\/p>\n<p>Por su parte, miembros del partido gobernante detallaron que el Quiroz recibi\u00f3 15 disparos. <\/span><br \/><span style=\"color: blue;font-family: Verdana\">Fuente: Telesur, Producci\u00f3n Riachuelo<\/span><\/p>\n","protected":false},"excerpt":{"rendered":"<p>VIOLENCIA&nbsp; SIN CESAR El aspirante del partido gobernante PRI, fue interceptado por un grupo armado en una zona monta\u00f1osa de Chilpancingo. Un grupo de sicarios asesin\u00f3 este viernes a tiros a un candidato del Partido Revolucionario Institucional (PRI), quien se hab\u00eda postulado para la alcald\u00eda de Chilapa en el municipio de Chilpancingo (estado de Guerrero), [&hellip;]<\/p>\n","protected":false},"author":4,"featured_media":0,"comment_status":"open","ping_status":"open","sticky":false,"template":"","format":"standard","meta":{"_monsterinsights_skip_tracking":false,"_monsterinsights_sitenote_active":false,"_monsterinsights_sitenote_note":"","_monsterinsights_sitenote_category":0,"jnews-multi-image_gallery":[],"jnews_single_post":{"format":"standard"},"jnews_primary_category":[],"_joinchat":[],"footnotes":""},"categories":[58],"tags":[70],"class_list":["post-494","post","type-post","status-publish","format-standard","hentry","category-noticiariachuelo","tag-de-la-patria-grande"],"_links":{"self":[{"href":"http:\/\/fmriachuelo.it10.com.ar\/index.php\/wp-json\/wp\/v2\/posts\/494","targetHints":{"allow":["GET"]}}],"collection":[{"href":"http:\/\/fmriachuelo.it10.com.ar\/index.php\/wp-json\/wp\/v2\/posts"}],"about":[{"href":"http:\/\/fmriachuelo.it10.com.ar\/index.php\/wp-json\/wp\/v2\/types\/post"}],"author":[{"embeddable":true,"href":"http:\/\/fmriachuelo.it10.com.ar\/index.php\/wp-json\/wp\/v2\/users\/4"}],"replies":[{"embeddable":true,"href":"http:\/\/fmriachuelo.it10.com.ar\/index.php\/wp-json\/wp\/v2\/comments?post=494"}],"version-history":[{"count":1,"href":"http:\/\/fmriachuelo.it10.com.ar\/index.php\/wp-json\/wp\/v2\/posts\/494\/revisions"}],"predecessor-version":[{"id":23367,"href":"http:\/\/fmriachuelo.it10.com.ar\/index.php\/wp-json\/wp\/v2\/posts\/494\/revisions\/23367"}],"wp:attachment":[{"href":"http:\/\/fmriachuelo.it10.com.ar\/index.php\/wp-json\/wp\/v2\/media?parent=494"}],"wp:term":[{"taxonomy":"category","embeddable":true,"href":"http:\/\/fmriachuelo.it10.com.ar\/index.php\/wp-json\/wp\/v2\/categories?post=494"},{"taxonomy":"post_tag","embeddable":true,"href":"http:\/\/fmriachuelo.it10.com.ar\/index.php\/wp-json\/wp\/v2\/tags?post=494"}],"curies":[{"name":"wp","href":"https:\/\/api.w.org\/{rel}","templated":true}]}}