{"id":491,"date":"2015-05-04T18:01:00","date_gmt":"2015-05-04T18:01:00","guid":{"rendered":"http:\/\/fmriachuelo.observatorioess.org.ar\/index.php\/2015\/05\/04\/seminario-zapatista-sobre-el-pensamiento-critico-frente-a-la-hidra-capitalista\/"},"modified":"2025-03-28T16:04:33","modified_gmt":"2025-03-28T19:04:33","slug":"seminario-zapatista-sobre-el-pensamiento-critico-frente-a-la-hidra-capitalista","status":"publish","type":"post","link":"http:\/\/fmriachuelo.it10.com.ar\/index.php\/2015\/05\/04\/seminario-zapatista-sobre-el-pensamiento-critico-frente-a-la-hidra-capitalista\/","title":{"rendered":"SEMINARIO ZAPATISTA SOBRE EL PENSAMIENTO CR\u00cdTICO FRENTE A LA HIDRA CAPITALISTA"},"content":{"rendered":"<p><span style=\"color: red;font-family: Verdana, sans-serif;font-size: large\"><b>AYOTZINAPA: UNA GRIETA EN EL SISTEMA<\/b><\/span><\/p>\n<div><span style=\"font-family: Verdana, sans-serif\"><b>[Oventik Chiapas 3\/5\/15]. \u201cNo podemos darnos recetas, tenemos que buscar otra forma de lucha\u201d, expres\u00f3 el Subcomandante Insurgente Mois\u00e9s, quien junto con el comandante David, inauguraron el seminario \u201cEl Pensamiento Cr\u00edtico Frente a la Hidra Capitalista \u201d, en el Caracol zapatista de Oventik, en los Altos de Chiapas.<\/b><\/span><\/div>\n<div style=\"clear: both;text-align: center\"><a href=\"http:\/\/2.bp.blogspot.com\/-dQzwdKeyHo8\/VUez9wNWngI\/AAAAAAAAELs\/JimVKcbiFSc\/s1600\/SAM_2204-660x330.jpg\" style=\"clear: left;float: left;margin-bottom: 1em;margin-right: 1em\"><img loading=\"lazy\" decoding=\"async\" border=\"0\" height=\"160\" src=\"http:\/\/2.bp.blogspot.com\/-dQzwdKeyHo8\/VUez9wNWngI\/AAAAAAAAELs\/JimVKcbiFSc\/s320\/SAM_2204-660x330.jpg\" width=\"320\" \/><\/a><\/div>\n<div><span style=\"font-family: Verdana, sans-serif\">En el encuentro tambi\u00e9n dieron su palabra madres y padres de los 46 normalistas que hacen falta de Ayotzinapa. \u201cAntes no entend\u00eda su lucha, ahora los entiendo m\u00e1s que nunca\u201d, indic\u00f3 a los zapatistas Mario Gonz\u00e1lez, padre de C\u00e9sar Manuel Gonz\u00e1lez Hern\u00e1ndez, estudiante desaparecido el pasado 26 de septiembre. \u201cQue no nos sigan humillando y desapareciendo, ya no tenemos miedo\u201d, agreg\u00f3 Hilda Hern\u00e1ndez, madre de C\u00e9sar. \u201cNo nos dejen solos\u201d, a\u00f1adi\u00f3 Do\u00f1a Bertha Nava, madre de Julio C\u00e9sar Ram\u00edrez Nava. <br \/><a name='more'><\/a>Por su parte Juan Villoro, extern\u00f3 que hoy en dia \u201cimaginar y sonar se ha vuelto peligroso\u201d, y a\u00f1adi\u00f3 que el EZLN es contempor\u00e1neo porque cr\u00edtica al mundo para imaginar otro posible. Los Zapatistas nos han dado otro sentido del tiempo asegur\u00f3. <\/p>\n<p>Adolfo Gilly en su participaci\u00f3n expuso que es el tiempo de la ira y de la rabia, que lleva a la organizaci\u00f3n, para que despu\u00e9s sea el tiempo de la esperanza. <\/p>\n<p>El Subcomandante Galeano afirm\u00f3 que Ayotzinapa significa el dolor y la rabia y es el terco empe\u00f1o de familiares y compa\u00f1eros de los ausentes. El \u00fanico temor que deben tener es si olvidan su lucha, si dejan caer su causa, coment\u00f3 a los familiares de los 46 que hacen falta, \u201cNada de lo que necesitamos se logra r\u00e1pido\u201d a\u00f1adi\u00f3. <\/p>\n<p>\u201cLa memoria es lo \u00fanico que se tiene, nuestra memoria tambi\u00e9n se asoma a lo que viene\u201d, expuso Galeano. Los zapatistas golpean duro el muro que les quieren imponer, cosa que los especialistas critican, coment\u00f3 el vocero zapatista, \u201csabemos que ese muro no siempre estuvo ahi\u201d, y continuar\u00e1n haciendo una grieta cada vez m\u00e1s grande hasta derribarlo. <\/p>\n<p>Por la tarde el seminario contin\u00faa en Cideci Unitierra, en San Crist\u00f3bal de las Casas, y se podr\u00e1 sintonizar por <\/p>\n<p>https:\/\/cideciseminario.wordpress.com<\/span> <\/div>\n","protected":false},"excerpt":{"rendered":"<p>AYOTZINAPA: UNA GRIETA EN EL SISTEMA [Oventik Chiapas 3\/5\/15]. \u201cNo podemos darnos recetas, tenemos que buscar otra forma de lucha\u201d, expres\u00f3 el Subcomandante Insurgente Mois\u00e9s, quien junto con el comandante David, inauguraron el seminario \u201cEl Pensamiento Cr\u00edtico Frente a la Hidra Capitalista \u201d, en el Caracol zapatista de Oventik, en los Altos de Chiapas. En [&hellip;]<\/p>\n","protected":false},"author":4,"featured_media":0,"comment_status":"open","ping_status":"open","sticky":false,"template":"","format":"standard","meta":{"_monsterinsights_skip_tracking":false,"_monsterinsights_sitenote_active":false,"_monsterinsights_sitenote_note":"","_monsterinsights_sitenote_category":0,"jnews-multi-image_gallery":[],"jnews_single_post":{"format":"standard"},"jnews_primary_category":[],"_joinchat":[],"footnotes":""},"categories":[58],"tags":[70,72],"class_list":["post-491","post","type-post","status-publish","format-standard","hentry","category-noticiariachuelo","tag-de-la-patria-grande","tag-historia-de-la-lucha-de-los-pueblos"],"_links":{"self":[{"href":"http:\/\/fmriachuelo.it10.com.ar\/index.php\/wp-json\/wp\/v2\/posts\/491","targetHints":{"allow":["GET"]}}],"collection":[{"href":"http:\/\/fmriachuelo.it10.com.ar\/index.php\/wp-json\/wp\/v2\/posts"}],"about":[{"href":"http:\/\/fmriachuelo.it10.com.ar\/index.php\/wp-json\/wp\/v2\/types\/post"}],"author":[{"embeddable":true,"href":"http:\/\/fmriachuelo.it10.com.ar\/index.php\/wp-json\/wp\/v2\/users\/4"}],"replies":[{"embeddable":true,"href":"http:\/\/fmriachuelo.it10.com.ar\/index.php\/wp-json\/wp\/v2\/comments?post=491"}],"version-history":[{"count":1,"href":"http:\/\/fmriachuelo.it10.com.ar\/index.php\/wp-json\/wp\/v2\/posts\/491\/revisions"}],"predecessor-version":[{"id":23371,"href":"http:\/\/fmriachuelo.it10.com.ar\/index.php\/wp-json\/wp\/v2\/posts\/491\/revisions\/23371"}],"wp:attachment":[{"href":"http:\/\/fmriachuelo.it10.com.ar\/index.php\/wp-json\/wp\/v2\/media?parent=491"}],"wp:term":[{"taxonomy":"category","embeddable":true,"href":"http:\/\/fmriachuelo.it10.com.ar\/index.php\/wp-json\/wp\/v2\/categories?post=491"},{"taxonomy":"post_tag","embeddable":true,"href":"http:\/\/fmriachuelo.it10.com.ar\/index.php\/wp-json\/wp\/v2\/tags?post=491"}],"curies":[{"name":"wp","href":"https:\/\/api.w.org\/{rel}","templated":true}]}}