{"id":490,"date":"2015-05-04T20:49:00","date_gmt":"2015-05-04T20:49:00","guid":{"rendered":"http:\/\/fmriachuelo.observatorioess.org.ar\/index.php\/2015\/05\/04\/parque-lezama-actualidad\/"},"modified":"2025-03-28T16:05:05","modified_gmt":"2025-03-28T19:05:05","slug":"parque-lezama-actualidad","status":"publish","type":"post","link":"http:\/\/fmriachuelo.it10.com.ar\/index.php\/2015\/05\/04\/parque-lezama-actualidad\/","title":{"rendered":"PARQUE LEZAMA: ACTUALIDAD"},"content":{"rendered":"<p><span style=\"color: red;font-family: Verdana, sans-serif;font-size: large\"><strong>LAS POLITICAS DEL GOBIERNO DE LA CIUDAD<\/strong><\/span><br \/><span style=\"font-family: Verdana, sans-serif\"><strong>INSISTEN<\/strong><\/span><\/p>\n<div style=\"clear: both;text-align: center\"><a href=\"http:\/\/3.bp.blogspot.com\/-YVYTlF5kiIE\/VUfbTlkhssI\/AAAAAAAAEL8\/o2Wie-M1aBk\/s1600\/leza.jpg\" style=\"clear: left;float: left;margin-bottom: 1em;margin-right: 1em\"><img loading=\"lazy\" decoding=\"async\" border=\"0\" height=\"189\" src=\"http:\/\/3.bp.blogspot.com\/-YVYTlF5kiIE\/VUfbTlkhssI\/AAAAAAAAEL8\/o2Wie-M1aBk\/s320\/leza.jpg\" width=\"320\" \/><\/a><\/div>\n<p><span style=\"font-family: Verdana, sans-serif\">Reproducimos Comunicado de Prensa<\/span><\/p>\n<div style=\"text-align: justify\"><span style=\"font-family: Verdana, sans-serif\"><strong>\u201cQuieren justificar las rejas\u201d<\/strong><\/p>\n<p>           Una vez m\u00e1s los vecinxs tenemos que desmentir a trav\u00e9s de un comunicado las publicaciones distorsionadas que produce el Ministerio de Ambiente y Espacios P\u00fablico (MAyEP) sobre nuestro Parque a trav\u00e9s de sus medios aliados, y una vez m\u00e1s les pedimos a los medios, y sobre todo a los periodistas, que chequeen la veracidad de los hechos antes de publicarlos, pedido que venimos reiterando desde Enero.<\/span><a name='more'><\/a><span style=\"font-family: Verdana, sans-serif\"><br \/>            El d\u00eda lunes por la ma\u00f1ana, luego de 11 meses de parque cerrado, se retiraron las vallas que rodeaban el Parque Lezama, las cuales ya se encontraban abiertas en muchos sectores del parque, actualmente hay 2 polic\u00edas federales de 8 a 20hs para todo el parque y 1 o 2 polic\u00eda metropolitana solo para el obrador, en los \u00faltimos d\u00edas se sumaron Guardianes de plaza los cuales est\u00e1n de 8 a 20hs, 2 por la ma\u00f1ana y 3 por la tarde.<\/p>\n<p>              El mismo lunes alrededor de las 20:30hs un integrante de nuestra Asamblea encuentra una de las piezas de la \u00bb Loba romana\u00bb volcada junto a la escultura. Inmediatamente busca a alg\u00fan responsable de la seguridad del parque y solo encuentra a una agente de la Polic\u00eda Metropolitana cerca del obrador, a quien le entrega la pieza. Tenemos el respaldo en imagen de este hecho por si alguna autoridad pol\u00edtica o judicial necesita corroborarlo.<\/p>\n<p>             Al d\u00eda siguiente, sale publicado en varios medios una nota que se titulo &#8216;nuevamente vandalismo en Parque Lezama&#8217; y se acompa\u00f1o de una foto enga\u00f1osa, tomada y producida por un fot\u00f3grafo del MAyEP del GCBA- seg\u00fan nos confirmo el propio Patricio Di Stefano mediante un Twitter(<\/span><a href=\"http:\/\/blogspot.us5.list-manage.com\/track\/click?u=028ee245f47fb8c86bd0db587&amp;id=7d2c73c2eb&amp;e=e36c4a4977\"><span style=\"font-family: Verdana, sans-serif\">imagen ac\u00e1<\/span><\/a><span style=\"font-family: Verdana, sans-serif\">)-, en la cual se ve la pieza junto a los juegos de ni\u00f1os tratando de rememorar un ni\u00f1o abandonado en el parque, lo cual es una total falacia, como dijimos la pieza fue encontrada, entregada y nunca vandalizada, ya que seg\u00fan nos informo un guardi\u00e1n de plaza estaba floja desde el domingo (antes que abriera el parque). Solicitamos se pidan las grabaciones de las c\u00e1maras instaladas en el parque para corroborar los hechos.<\/p>\n<p>           Exigimos nos informen y hagan p\u00fablico como se va lograr el resguardo patrimonial del Parque ya que los monumentos y estatuas est\u00e1n totalmente desprotegidos y hasta el momento solo vemos una &#8216;zona liberada&#8217; que invita a encontrar la excusa perfecta para montar campa\u00f1as medi\u00e1ticas que justifiquen el enrejado del parque y la estigmatizaci\u00f3n de quienes lo utilizamos.<\/p>\n<p>         Tambi\u00e9n le pedimos a la Comisi\u00f3n Nacional de Monumentos, museos y Lugares Hist\u00f3ricos (CNMMyLH), organismo dependiente del Ministerio de Cultura de la Naci\u00f3n, que cumpla con su funci\u00f3n vinculante y articule los mecanismos para defender el patrimonio que es de todos.<\/p>\n<p>              Basta de buscar excusas sistem\u00e1ticas para intentar el enrejado del parque creando malestar entre los vecinos. Pedimos se implemente el plan de manejo participativo presentado por segunda vez en Legislatura (<\/span><a href=\"http:\/\/blogspot.us5.list-manage1.com\/track\/click?u=028ee245f47fb8c86bd0db587&amp;id=6f9df2195c&amp;e=e36c4a4977\"><span style=\"font-family: Verdana, sans-serif\">418-p-2015<\/span><\/a><span style=\"font-family: Verdana, sans-serif\">) para terminar con esta absurda dicotom\u00eda entre la voluntad de los vecinos y las decisiones unilaterales de los funcionarios de turno.<\/p>\n<p> Comisi\u00f3n Vecinal Parque Lezama<br \/> Asamblea Parque Lezama<\/p>\n<p>contactos de prensa:&nbsp; 15 5517 2333\/ 15 3629 1256\/15 4023 5966<\/span><\/p>\n<div style=\"text-align: justify\"><span style=\"font-family: Verdana\"><\/span>&nbsp;<\/div>\n<div style=\"text-align: justify\"><span style=\"color: blue;font-family: Verdana\">Fuente: Asamblea del Parque Lezama, Producci\u00f3n Riachuelo<\/span><\/div>\n<\/div>\n","protected":false},"excerpt":{"rendered":"<p>LAS POLITICAS DEL GOBIERNO DE LA CIUDADINSISTEN Reproducimos Comunicado de Prensa \u201cQuieren justificar las rejas\u201d Una vez m\u00e1s los vecinxs tenemos que desmentir a trav\u00e9s de un comunicado las publicaciones distorsionadas que produce el Ministerio de Ambiente y Espacios P\u00fablico (MAyEP) sobre nuestro Parque a trav\u00e9s de sus medios aliados, y una vez m\u00e1s les [&hellip;]<\/p>\n","protected":false},"author":4,"featured_media":0,"comment_status":"open","ping_status":"open","sticky":false,"template":"","format":"standard","meta":{"_monsterinsights_skip_tracking":false,"_monsterinsights_sitenote_active":false,"_monsterinsights_sitenote_note":"","_monsterinsights_sitenote_category":0,"jnews-multi-image_gallery":[],"jnews_single_post":{"format":"standard"},"jnews_primary_category":[],"_joinchat":[],"footnotes":""},"categories":[58],"tags":[81,147],"class_list":["post-490","post","type-post","status-publish","format-standard","hentry","category-noticiariachuelo","tag-aguafuertes-portenas","tag-habitat"],"_links":{"self":[{"href":"http:\/\/fmriachuelo.it10.com.ar\/index.php\/wp-json\/wp\/v2\/posts\/490","targetHints":{"allow":["GET"]}}],"collection":[{"href":"http:\/\/fmriachuelo.it10.com.ar\/index.php\/wp-json\/wp\/v2\/posts"}],"about":[{"href":"http:\/\/fmriachuelo.it10.com.ar\/index.php\/wp-json\/wp\/v2\/types\/post"}],"author":[{"embeddable":true,"href":"http:\/\/fmriachuelo.it10.com.ar\/index.php\/wp-json\/wp\/v2\/users\/4"}],"replies":[{"embeddable":true,"href":"http:\/\/fmriachuelo.it10.com.ar\/index.php\/wp-json\/wp\/v2\/comments?post=490"}],"version-history":[{"count":1,"href":"http:\/\/fmriachuelo.it10.com.ar\/index.php\/wp-json\/wp\/v2\/posts\/490\/revisions"}],"predecessor-version":[{"id":23372,"href":"http:\/\/fmriachuelo.it10.com.ar\/index.php\/wp-json\/wp\/v2\/posts\/490\/revisions\/23372"}],"wp:attachment":[{"href":"http:\/\/fmriachuelo.it10.com.ar\/index.php\/wp-json\/wp\/v2\/media?parent=490"}],"wp:term":[{"taxonomy":"category","embeddable":true,"href":"http:\/\/fmriachuelo.it10.com.ar\/index.php\/wp-json\/wp\/v2\/categories?post=490"},{"taxonomy":"post_tag","embeddable":true,"href":"http:\/\/fmriachuelo.it10.com.ar\/index.php\/wp-json\/wp\/v2\/tags?post=490"}],"curies":[{"name":"wp","href":"https:\/\/api.w.org\/{rel}","templated":true}]}}