{"id":488,"date":"2015-05-04T21:09:00","date_gmt":"2015-05-04T21:09:00","guid":{"rendered":"http:\/\/fmriachuelo.observatorioess.org.ar\/index.php\/2015\/05\/04\/un-nuevo-aniversario-del-asesinato-de-teresa-rodriguez\/"},"modified":"2025-03-28T16:07:49","modified_gmt":"2025-03-28T19:07:49","slug":"un-nuevo-aniversario-del-asesinato-de-teresa-rodriguez","status":"publish","type":"post","link":"http:\/\/fmriachuelo.it10.com.ar\/index.php\/2015\/05\/04\/un-nuevo-aniversario-del-asesinato-de-teresa-rodriguez\/","title":{"rendered":"UN NUEVO ANIVERSARIO DEL ASESINATO DE TERESA RODRIGUEZ"},"content":{"rendered":"<p><span style=\"color: red;font-family: Verdana, sans-serif;font-size: large\"><strong>\u00a1LUCHADORA!<\/strong><\/span><br \/><strong><span style=\"color: black;font-family: Verdana\">Casi ning\u00fan medio lo record\u00f3, casi lo dejamos pasar, pero aunque sea tarde es necesario recuperar nuestras historias de lucha.<\/span><\/strong><br \/><strong><span style=\"font-family: Verdana\"><\/span><\/strong><br \/><span style=\"font-family: Verdana, sans-serif;font-size: large\"><strong>Hace 18 a\u00f1os era asesinada Teresa Rodr\u00edguez en Cutral Co<\/strong><\/span><\/p>\n<div style=\"clear: both;text-align: center\"><a href=\"http:\/\/1.bp.blogspot.com\/-JI4QDhUDwH0\/VUffAP-2CkI\/AAAAAAAAEMI\/jAb8Vp0Y9wc\/s1600\/movimiento_sin_trabajo_-_teresa_vive_-.jpg\" style=\"clear: left;float: left;margin-bottom: 1em;margin-right: 1em\"><img loading=\"lazy\" decoding=\"async\" border=\"0\" height=\"144\" src=\"http:\/\/1.bp.blogspot.com\/-JI4QDhUDwH0\/VUffAP-2CkI\/AAAAAAAAEMI\/jAb8Vp0Y9wc\/s320\/movimiento_sin_trabajo_-_teresa_vive_-.jpg\" width=\"320\" \/><\/a><\/div>\n<p><\/p>\n<div align=\"justify\">&nbsp;<\/div>\n<p><span style=\"font-family: Verdana, sans-serif\"><\/span><\/p>\n<div style=\"text-align: justify\"><span style=\"font-family: Verdana, sans-serif\">El domingo 12 de abril se cumpli\u00f3 un nuevo aniversario del asesinato de la joven de 25 a\u00f1os durante la pueblada desatada en Cutral Co y Plaza Huincul, en 1997.El sindicato docente Aten manten\u00eda medidas de fuerza y en la comarca los \u201cfogoneros\u201d reclamaban puestos de trabajo.<\/span><\/p>\n<p><span style=\"font-family: Verdana, sans-serif\">As\u00ed recuerda la jornada del 12 de abril Ariel Petruccelli en el libro <\/span><\/div>\n<p><span style=\"font-family: Verdana, sans-serif\"><strong><\/p>\n<div style=\"text-align: justify\">\u201cDocentes y Piqueteros\u201d:<\/div>\n<p><\/strong><a name='more'><\/a><\/p>\n<div style=\"text-align: justify\">\u201cA las 5:35 los gendarmes, que avanzaban \u201cpeinando\u201d el terreno circundante a la ruta con poderosas linternas, apoyados por un carro hidrante y una topadora, pertrechados con los habituales cascos, escudos, bastones, lanza-gases y balas de goma, llegaron al piquete n\u00famero uno e intimaron a los manifestantes a despejar la ruta.\u201d<\/p>\n<p>\u201cCon la Torre ya en manos de gendarmer\u00eda y la ruta pr\u00e1cticamente despejada en su totalidad de barricadas, la violencia, pues, lejos de disminuir, se acrecent\u00f3. Pasadas las 7.30 se registr\u00f3 un duro ataque sobre un grupo de manifestantes y curiosos, entre los que hab\u00eda mujeres y ni\u00f1os\u201d.<\/p>\n<p>\u201cCon la intervenci\u00f3n de la polic\u00eda la violencia aument\u00f3 a\u00fan m\u00e1s. Los efectivos policiales estaban exaltad\u00edsimos y golpeaban sin miramiento a todo lo que se les pusiera por delante. Entre tanto los vecinos -muchos de los cuales permanec\u00edan despiertos y segu\u00edan las alternativas por la radio- comenzaron a salir de sus casas, en parte por verse afectados directamente por los gases que comenzaban a filtrarse en sus viviendas, en parte por solidaridad con los j\u00f3venes fogoneros, y en parte por mera curiosidad\u201d.<\/p>\n<p>\u201cEn Huincul la polic\u00eda intervino con ferocidad. \u201cNos vinieron a sacar a los chicos de adentro de las casas, nos atropellaron y avasallaron\u201d, relat\u00f3 a la prensa una joven mujer. Y la ferocidad polic\u00edaca cobrar\u00eda una v\u00edctima fatal. A las 9.20, en las inmediaciones del barrio Ota\u00f1o, sobre la ruta provincial 17, una bala calibre nueve mil\u00edmetros disparada por un polic\u00eda impact\u00f3 en el cuello de una mujer, Teresa Rodr\u00edguez, quien morir\u00eda horas despu\u00e9s\u201d.<\/p><\/div>\n<p><\/span><\/p>\n<div><\/div>\n<p><span style=\"color: blue;font-family: Verdana, sans-serif\">Fuente: &nbsp;8300 web, Producci\u00f3n Riachuelo<\/span><\/p>\n","protected":false},"excerpt":{"rendered":"<p>\u00a1LUCHADORA!Casi ning\u00fan medio lo record\u00f3, casi lo dejamos pasar, pero aunque sea tarde es necesario recuperar nuestras historias de lucha.Hace 18 a\u00f1os era asesinada Teresa Rodr\u00edguez en Cutral Co &nbsp; El domingo 12 de abril se cumpli\u00f3 un nuevo aniversario del asesinato de la joven de 25 a\u00f1os durante la pueblada desatada en Cutral Co [&hellip;]<\/p>\n","protected":false},"author":4,"featured_media":0,"comment_status":"open","ping_status":"open","sticky":false,"template":"","format":"standard","meta":{"_monsterinsights_skip_tracking":false,"_monsterinsights_sitenote_active":false,"_monsterinsights_sitenote_note":"","_monsterinsights_sitenote_category":0,"jnews-multi-image_gallery":[],"jnews_single_post":{"format":"standard"},"jnews_primary_category":[],"_joinchat":[],"footnotes":""},"categories":[58],"tags":[72],"class_list":["post-488","post","type-post","status-publish","format-standard","hentry","category-noticiariachuelo","tag-historia-de-la-lucha-de-los-pueblos"],"_links":{"self":[{"href":"http:\/\/fmriachuelo.it10.com.ar\/index.php\/wp-json\/wp\/v2\/posts\/488","targetHints":{"allow":["GET"]}}],"collection":[{"href":"http:\/\/fmriachuelo.it10.com.ar\/index.php\/wp-json\/wp\/v2\/posts"}],"about":[{"href":"http:\/\/fmriachuelo.it10.com.ar\/index.php\/wp-json\/wp\/v2\/types\/post"}],"author":[{"embeddable":true,"href":"http:\/\/fmriachuelo.it10.com.ar\/index.php\/wp-json\/wp\/v2\/users\/4"}],"replies":[{"embeddable":true,"href":"http:\/\/fmriachuelo.it10.com.ar\/index.php\/wp-json\/wp\/v2\/comments?post=488"}],"version-history":[{"count":1,"href":"http:\/\/fmriachuelo.it10.com.ar\/index.php\/wp-json\/wp\/v2\/posts\/488\/revisions"}],"predecessor-version":[{"id":23375,"href":"http:\/\/fmriachuelo.it10.com.ar\/index.php\/wp-json\/wp\/v2\/posts\/488\/revisions\/23375"}],"wp:attachment":[{"href":"http:\/\/fmriachuelo.it10.com.ar\/index.php\/wp-json\/wp\/v2\/media?parent=488"}],"wp:term":[{"taxonomy":"category","embeddable":true,"href":"http:\/\/fmriachuelo.it10.com.ar\/index.php\/wp-json\/wp\/v2\/categories?post=488"},{"taxonomy":"post_tag","embeddable":true,"href":"http:\/\/fmriachuelo.it10.com.ar\/index.php\/wp-json\/wp\/v2\/tags?post=488"}],"curies":[{"name":"wp","href":"https:\/\/api.w.org\/{rel}","templated":true}]}}