{"id":487,"date":"2015-05-05T16:39:00","date_gmt":"2015-05-05T16:39:00","guid":{"rendered":"http:\/\/fmriachuelo.observatorioess.org.ar\/index.php\/2015\/05\/05\/bolivia-en-el-tribunal-internacional-de-la-haya-se-inician-los-alegatos-orales-por-la-soberania-maritima\/"},"modified":"2025-03-28T16:08:21","modified_gmt":"2025-03-28T19:08:21","slug":"bolivia-en-el-tribunal-internacional-de-la-haya-se-inician-los-alegatos-orales-por-la-soberania-maritima","status":"publish","type":"post","link":"http:\/\/fmriachuelo.it10.com.ar\/index.php\/2015\/05\/05\/bolivia-en-el-tribunal-internacional-de-la-haya-se-inician-los-alegatos-orales-por-la-soberania-maritima\/","title":{"rendered":"BOLIVIA: EN EL TRIBUNAL INTERNACIONAL DE LA HAYA SE INICIAN LOS ALEGATOS ORALES POR LA SOBERAN\u00cdA MARITIMA"},"content":{"rendered":"<p><span style=\"color: red;font-family: Verdana, sans-serif;font-size: large\"><strong>UNA POSIBLE SOLUCION AL DIFERENDO<\/strong><\/span><br \/><span style=\"font-family: Verdana, sans-serif\"><strong>Inicia Tribunal de La Haya semana de alegatos orales sobre salida de Bolivia al mar<\/strong><\/span><br \/><span style=\"font-family: Verdana, sans-serif\"><\/p>\n<div style=\"clear: both;text-align: center\"><strong style=\"clear: left;float: left;margin-bottom: 1em;margin-right: 1em\"><img loading=\"lazy\" decoding=\"async\" border=\"0\" height=\"181\" src=\"http:\/\/4.bp.blogspot.com\/-1Nn9cMW2_NY\/VUjx6vV_GJI\/AAAAAAAAEMc\/hNqy5A8GgyM\/s320\/LA%2BHAYA.png\" width=\"320\" \/><\/strong><\/div>\n<p><\/span><span style=\"font-family: Verdana, sans-serif\">La Corte Internacional de Justicia de La Haya inici\u00f3 este lunes una semana de alegatos orales por la demanda de Bolivia contra Chile, en busca de un acceso soberano al mar.<\/p>\n<p> Las audiencias estar\u00e1n centradas en si el Tribunal de La Haya tiene competencias sobre el caso, pues la parte chilena present\u00f3 en julio de 2014 una objeci\u00f3n preliminar sobre la jurisdicci\u00f3n del m\u00e1ximo \u00f3rgano judicial de la Organizaci\u00f3n de Naciones Unidas (ONU).<\/p>\n<p> Despu\u00e9s de a\u00f1os de negociaciones con su vecino sin lograr una salida al Pac\u00edfico a trav\u00e9s de una cesi\u00f3n territorial soberana, el gobierno boliviano llev\u00f3 en abril de 2013 el caso a La Haya, a la que pidi\u00f3 declarar que Santiago de Chile tiene la obligaci\u00f3n de negociar un acceso soberano completo de La Paz al oc\u00e9ano.<\/p>\n<p> Pero Chile sostiene que la Corte Internacional, como lo se\u00f1ala su propio articulado, se declare incompetente, por afectar el llamado Pacto de Bogot\u00e1 de 1948, mediante el cual los pa\u00edses de Am\u00e9rica Latina se comprometieron a solucionar pac\u00edficamente sus controversias y llevarlas ante La Haya.<\/span><a name='more'><\/a><span style=\"font-family: Verdana, sans-serif\"><br \/> Adem\u00e1s, el pa\u00eds austral asegura que todos los asuntos fronterizos con Bolivia fueron resueltos en un tratado suscrito en 1904, veinticinco a\u00f1os despu\u00e9s de que la naci\u00f3n andina perdiera el acceso al Pac\u00edfico en una contienda militar que transcurri\u00f3 entre 1879 y 1883.<\/p>\n<p> Sin embargo, del lado boliviano se afirma que la p\u00e9rdida de su litoral fue producto de una invasi\u00f3n de tropas de Chile, que declar\u00f3 la guerra mucho tiempo despu\u00e9s de haber ocupado la costa de la naci\u00f3n andina.<\/p>\n<p> En esa contienda, Bolivia perdi\u00f3 frente a Chile 400 kil\u00f3metros de costa y 120 mil kil\u00f3metros de territorio.<\/p>\n<p> El Tribunal Internacional de La Haya tiene tres alternativas frente a este caso: aceptar la impugnaci\u00f3n de Chile a su competencia, rechazar sus alegatos o postergar esa decisi\u00f3n y decidir revisar el fondo de la discusi\u00f3n planteada por Bolivia.<\/p>\n<p> El presidente, Evo Morales, iz\u00f3 hoy en el coraz\u00f3n de la capital, La Paz, la bandera de la reivindicaci\u00f3n mar\u00edtima de su pa\u00eds, como gesto simb\u00f3lico por el inicio de los alegatos de su demanda en la Corte Internacional de Justicia de La Haya.<\/p>\n<p> Morales explic\u00f3 que con la izada de la bandera los bolivianos quieren acompa\u00f1ar a la delegaci\u00f3n que se desplaz\u00f3 a La Haya, para seguir la fase de argumentos sobre el recurso de incompetencia de este tribunal, presentado por Chile.<\/p>\n<p> El mandatario calific\u00f3 la jornada de \u00abhist\u00f3rica\u00bb y pidi\u00f3 que en todo el pa\u00eds se celebren actos de respaldo a la demanda mar\u00edtima.<\/p>\n<p> En Chile, la presidenta, Michelle Bachellet, llam\u00f3 este lunes a sus compatriotas a \u00abestar tranquilos\u00bb frente al inicio de los alegatos en la Corte Internacional de Justicia de La Haya.<\/p>\n<p> Seg\u00fan Bachellet, la delegaci\u00f3n de su pa\u00eds ha hecho bien la tarea, y destac\u00f3 que el primer recurso de su gobierno en La Haya es la objeci\u00f3n preliminar contra las competencias del \u00f3rgano judicial de la ONU en el caso de la demanda boliviana de salida al mar.<\/span><br \/><span style=\"color: blue;font-family: Verdana, sans-serif\">Fuente: Radio Rebelde, Producci\u00f3n Riachuelo<\/span><\/p>\n","protected":false},"excerpt":{"rendered":"<p>UNA POSIBLE SOLUCION AL DIFERENDOInicia Tribunal de La Haya semana de alegatos orales sobre salida de Bolivia al mar La Corte Internacional de Justicia de La Haya inici\u00f3 este lunes una semana de alegatos orales por la demanda de Bolivia contra Chile, en busca de un acceso soberano al mar. Las audiencias estar\u00e1n centradas en [&hellip;]<\/p>\n","protected":false},"author":4,"featured_media":0,"comment_status":"open","ping_status":"open","sticky":false,"template":"","format":"standard","meta":{"_monsterinsights_skip_tracking":false,"_monsterinsights_sitenote_active":false,"_monsterinsights_sitenote_note":"","_monsterinsights_sitenote_category":0,"jnews-multi-image_gallery":[],"jnews_single_post":{"format":"standard"},"jnews_primary_category":[],"_joinchat":[],"footnotes":""},"categories":[58],"tags":[70,72,167],"class_list":["post-487","post","type-post","status-publish","format-standard","hentry","category-noticiariachuelo","tag-de-la-patria-grande","tag-historia-de-la-lucha-de-los-pueblos","tag-politica-internacional"],"_links":{"self":[{"href":"http:\/\/fmriachuelo.it10.com.ar\/index.php\/wp-json\/wp\/v2\/posts\/487","targetHints":{"allow":["GET"]}}],"collection":[{"href":"http:\/\/fmriachuelo.it10.com.ar\/index.php\/wp-json\/wp\/v2\/posts"}],"about":[{"href":"http:\/\/fmriachuelo.it10.com.ar\/index.php\/wp-json\/wp\/v2\/types\/post"}],"author":[{"embeddable":true,"href":"http:\/\/fmriachuelo.it10.com.ar\/index.php\/wp-json\/wp\/v2\/users\/4"}],"replies":[{"embeddable":true,"href":"http:\/\/fmriachuelo.it10.com.ar\/index.php\/wp-json\/wp\/v2\/comments?post=487"}],"version-history":[{"count":1,"href":"http:\/\/fmriachuelo.it10.com.ar\/index.php\/wp-json\/wp\/v2\/posts\/487\/revisions"}],"predecessor-version":[{"id":23376,"href":"http:\/\/fmriachuelo.it10.com.ar\/index.php\/wp-json\/wp\/v2\/posts\/487\/revisions\/23376"}],"wp:attachment":[{"href":"http:\/\/fmriachuelo.it10.com.ar\/index.php\/wp-json\/wp\/v2\/media?parent=487"}],"wp:term":[{"taxonomy":"category","embeddable":true,"href":"http:\/\/fmriachuelo.it10.com.ar\/index.php\/wp-json\/wp\/v2\/categories?post=487"},{"taxonomy":"post_tag","embeddable":true,"href":"http:\/\/fmriachuelo.it10.com.ar\/index.php\/wp-json\/wp\/v2\/tags?post=487"}],"curies":[{"name":"wp","href":"https:\/\/api.w.org\/{rel}","templated":true}]}}